{"id":18338,"date":"2024-03-14T16:49:59","date_gmt":"2024-03-14T19:49:59","guid":{"rendered":"https:\/\/pc.sc.gov.br\/?p=18338"},"modified":"2024-03-14T16:58:49","modified_gmt":"2024-03-14T19:58:49","slug":"operacao-atria-dp-de-imbituba-prende-homem-pela-pratica-de-crimes-de-lesao-corporal-e-descumprimento-de-medidas-protetivas","status":"publish","type":"post","link":"https:\/\/pc.sc.gov.br\/?p=18338","title":{"rendered":"Opera\u00e7\u00e3o \u00c1tria: DP de Imbituba prende homem pela pr\u00e1tica de crimes de les\u00e3o corporal e descumprimento de medidas protetivas"},"content":{"rendered":"\t\t<div data-elementor-type=\"wp-post\" data-elementor-id=\"18338\" class=\"elementor elementor-18338\" data-elementor-post-type=\"post\">\n\t\t\t\t\t\t<section class=\"elementor-section elementor-top-section elementor-element elementor-element-9734bbc elementor-section-boxed elementor-section-height-default elementor-section-height-default\" data-id=\"9734bbc\" data-element_type=\"section\">\n\t\t\t\t\t\t<div class=\"elementor-container elementor-column-gap-default\">\n\t\t\t\t\t<div class=\"elementor-column elementor-col-100 elementor-top-column elementor-element elementor-element-af5715f\" data-id=\"af5715f\" data-element_type=\"column\">\n\t\t\t<div class=\"elementor-widget-wrap elementor-element-populated\">\n\t\t\t\t\t\t<div class=\"elementor-element elementor-element-a8ed60b elementor-widget elementor-widget-heading\" data-id=\"a8ed60b\" data-element_type=\"widget\" data-widget_type=\"heading.default\">\n\t\t\t\t<div class=\"elementor-widget-container\">\n\t\t\t\t\t<h2 class=\"elementor-heading-title elementor-size-default\">Opera\u00e7\u00e3o \u00c1tria: DP de Imbituba prende homem pela pr\u00e1tica de crimes de les\u00e3o corporal e descumprimento de medidas protetivas<\/h2>\t\t\t\t<\/div>\n\t\t\t\t<\/div>\n\t\t\t\t\t<\/div>\n\t\t<\/div>\n\t\t\t\t\t<\/div>\n\t\t<\/section>\n\t\t\t\t<section class=\"elementor-section elementor-top-section elementor-element elementor-element-652a91e elementor-section-boxed elementor-section-height-default elementor-section-height-default\" data-id=\"652a91e\" data-element_type=\"section\">\n\t\t\t\t\t\t<div class=\"elementor-container elementor-column-gap-default\">\n\t\t\t\t\t<div class=\"elementor-column elementor-col-100 elementor-top-column elementor-element elementor-element-dafc290\" data-id=\"dafc290\" data-element_type=\"column\">\n\t\t\t<div class=\"elementor-widget-wrap elementor-element-populated\">\n\t\t\t\t\t\t<div class=\"elementor-element elementor-element-aaa716b elementor-widget elementor-widget-image\" data-id=\"aaa716b\" data-element_type=\"widget\" data-widget_type=\"image.default\">\n\t\t\t\t<div class=\"elementor-widget-container\">\n\t\t\t\t\t\t\t\t\t\t\t\t\t\t\t<img fetchpriority=\"high\" decoding=\"async\" width=\"696\" height=\"532\" src=\"https:\/\/pc.sc.gov.br\/\/wp-content\/uploads\/2024\/03\/0c6d5484-65c6-4616-97bf-6da98e81b17b-fotor-2024031416579-1024x782.jpg\" class=\"attachment-large size-large wp-image-18345\" alt=\"\" srcset=\"https:\/\/pc.sc.gov.br\/\/wp-content\/uploads\/2024\/03\/0c6d5484-65c6-4616-97bf-6da98e81b17b-fotor-2024031416579-1024x782.jpg 1024w, https:\/\/pc.sc.gov.br\/\/wp-content\/uploads\/2024\/03\/0c6d5484-65c6-4616-97bf-6da98e81b17b-fotor-2024031416579-300x229.jpg 300w, https:\/\/pc.sc.gov.br\/\/wp-content\/uploads\/2024\/03\/0c6d5484-65c6-4616-97bf-6da98e81b17b-fotor-2024031416579-768x587.jpg 768w, https:\/\/pc.sc.gov.br\/\/wp-content\/uploads\/2024\/03\/0c6d5484-65c6-4616-97bf-6da98e81b17b-fotor-2024031416579.jpg 1166w\" sizes=\"(max-width: 696px) 100vw, 696px\" \/>\t\t\t\t\t\t\t\t\t\t\t\t\t\t\t<\/div>\n\t\t\t\t<\/div>\n\t\t\t\t\t<\/div>\n\t\t<\/div>\n\t\t\t\t\t<\/div>\n\t\t<\/section>\n\t\t\t\t<section class=\"elementor-section elementor-top-section elementor-element elementor-element-3111687 elementor-section-boxed elementor-section-height-default elementor-section-height-default\" data-id=\"3111687\" data-element_type=\"section\">\n\t\t\t\t\t\t<div class=\"elementor-container elementor-column-gap-default\">\n\t\t\t\t\t<div class=\"elementor-column elementor-col-100 elementor-top-column elementor-element elementor-element-ed56aef\" data-id=\"ed56aef\" data-element_type=\"column\">\n\t\t\t<div class=\"elementor-widget-wrap elementor-element-populated\">\n\t\t\t\t\t\t<div class=\"elementor-element elementor-element-4f93998 elementor-widget elementor-widget-text-editor\" data-id=\"4f93998\" data-element_type=\"widget\" data-widget_type=\"text-editor.default\">\n\t\t\t\t<div class=\"elementor-widget-container\">\n\t\t\t\t\t\t\t\t\t<p>A Pol\u00edcia Civil de Santa Catarina, por interm\u00e9dio da Delegacia de Pol\u00edcia de Imbituba, deu cumprimento nesta quinta-feira (14) a mandado de pris\u00e3o preventiva contra investigado pela pr\u00e1tica de viol\u00eancia dom\u00e9stica, em raz\u00e3o do cometimento dos crimes de les\u00e3o corporal leve e descumprimento de decis\u00e3o judicial que fixou medidas protetivas de urg\u00eancia.<\/p>\n<p>Entenda o caso:&nbsp;<span style=\"font-family: var( --e-global-typography-text-font-family ), Sans-serif; font-size: var( --e-global-typography-text-font-size );\">Recentemente, a v\u00edtima compareceu na DP de Imbituba e requereu medidas protetivas, com o argumento de que teria sido agredida fisicamente e amea\u00e7ada pelo seu companheiro. As medidas foram deferidas pelo Poder Judici\u00e1rio e, poucos dias ap\u00f3s, o investigado teria pulado o muro e invadido a resid\u00eancia da v\u00edtima, descumprindo a decis\u00e3o judicial, raz\u00e3o pela qual, foi decretada a sua pris\u00e3o preventiva.<\/span><\/p>\n<p>No in\u00edcio da tarde desta quarta-feira (14), os policiais civis de Imbituba deram cumprimento ao mandado de pris\u00e3o, sendo o investigado interrogado no \u00e2mbito Inqu\u00e9rito Policial instaurado e, em seguida, conduzido ao Pres\u00eddio Regional de Imbituba.<span style=\"color: var( --e-global-color-text ); font-family: var( --e-global-typography-primary-font-family ), Sans-serif; font-size: var( --e-global-typography-primary-font-size ); font-weight: var( --e-global-typography-primary-font-weight ); letter-spacing: var( --e-global-typography-primary-letter-spacing );\">&nbsp;<\/span><\/p>\t\t\t\t\t\t\t\t<\/div>\n\t\t\t\t<\/div>\n\t\t\t\t\t<\/div>\n\t\t<\/div>\n\t\t\t\t\t<\/div>\n\t\t<\/section>\n\t\t\t\t<\/div>\n\t\t","protected":false},"excerpt":{"rendered":"<p>Opera\u00e7\u00e3o \u00c1tria: DP de Imbituba prende homem pela pr\u00e1tica de crimes de les\u00e3o corporal e descumprimento de medidas protetivas A Pol\u00edcia Civil de Santa Catarina, por interm\u00e9dio da Delegacia de Pol\u00edcia de Imbituba, deu cumprimento nesta quinta-feira (14) a mandado de pris\u00e3o preventiva contra investigado pela pr\u00e1tica de viol\u00eancia dom\u00e9stica, em raz\u00e3o do cometimento dos [&hellip;]<\/p>\n","protected":false},"author":5,"featured_media":18345,"comment_status":"closed","ping_status":"open","sticky":false,"template":"","format":"standard","meta":{"_monsterinsights_skip_tracking":false,"_monsterinsights_sitenote_active":false,"_monsterinsights_sitenote_note":"","_monsterinsights_sitenote_category":0,"footnotes":""},"categories":[1],"tags":[],"class_list":["post-18338","post","type-post","status-publish","format-standard","has-post-thumbnail","hentry","category-sem-categoria"],"_links":{"self":[{"href":"https:\/\/pc.sc.gov.br\/index.php?rest_route=\/wp\/v2\/posts\/18338","targetHints":{"allow":["GET"]}}],"collection":[{"href":"https:\/\/pc.sc.gov.br\/index.php?rest_route=\/wp\/v2\/posts"}],"about":[{"href":"https:\/\/pc.sc.gov.br\/index.php?rest_route=\/wp\/v2\/types\/post"}],"author":[{"embeddable":true,"href":"https:\/\/pc.sc.gov.br\/index.php?rest_route=\/wp\/v2\/users\/5"}],"replies":[{"embeddable":true,"href":"https:\/\/pc.sc.gov.br\/index.php?rest_route=%2Fwp%2Fv2%2Fcomments&post=18338"}],"version-history":[{"count":7,"href":"https:\/\/pc.sc.gov.br\/index.php?rest_route=\/wp\/v2\/posts\/18338\/revisions"}],"predecessor-version":[{"id":18348,"href":"https:\/\/pc.sc.gov.br\/index.php?rest_route=\/wp\/v2\/posts\/18338\/revisions\/18348"}],"wp:featuredmedia":[{"embeddable":true,"href":"https:\/\/pc.sc.gov.br\/index.php?rest_route=\/wp\/v2\/media\/18345"}],"wp:attachment":[{"href":"https:\/\/pc.sc.gov.br\/index.php?rest_route=%2Fwp%2Fv2%2Fmedia&parent=18338"}],"wp:term":[{"taxonomy":"category","embeddable":true,"href":"https:\/\/pc.sc.gov.br\/index.php?rest_route=%2Fwp%2Fv2%2Fcategories&post=18338"},{"taxonomy":"post_tag","embeddable":true,"href":"https:\/\/pc.sc.gov.br\/index.php?rest_route=%2Fwp%2Fv2%2Ftags&post=18338"}],"curies":[{"name":"wp","href":"https:\/\/api.w.org\/{rel}","templated":true}]}}