{"id":18350,"date":"2024-03-14T18:50:56","date_gmt":"2024-03-14T21:50:56","guid":{"rendered":"https:\/\/pc.sc.gov.br\/?p=18350"},"modified":"2024-03-14T18:51:43","modified_gmt":"2024-03-14T21:51:43","slug":"policia-civil-cumpre-mandado-de-prisao-de-acusado-por-ameaca-e-lesao-corporal-no-ambito-de-violencia-domestica","status":"publish","type":"post","link":"https:\/\/pc.sc.gov.br\/?p=18350","title":{"rendered":"Pol\u00edcia Civil cumpre mandado de pris\u00e3o de acusado por amea\u00e7a e les\u00e3o corporal no \u00e2mbito de viol\u00eancia dom\u00e9stica"},"content":{"rendered":"\t\t<div data-elementor-type=\"wp-post\" data-elementor-id=\"18350\" class=\"elementor elementor-18350\" data-elementor-post-type=\"post\">\n\t\t\t\t\t\t<section class=\"elementor-section elementor-top-section elementor-element elementor-element-b954e7a elementor-section-boxed elementor-section-height-default elementor-section-height-default\" data-id=\"b954e7a\" data-element_type=\"section\">\n\t\t\t\t\t\t<div class=\"elementor-container elementor-column-gap-default\">\n\t\t\t\t\t<div class=\"elementor-column elementor-col-100 elementor-top-column elementor-element elementor-element-cd3999f\" data-id=\"cd3999f\" data-element_type=\"column\">\n\t\t\t<div class=\"elementor-widget-wrap elementor-element-populated\">\n\t\t\t\t\t\t<div class=\"elementor-element elementor-element-08fd9e2 elementor-widget elementor-widget-heading\" data-id=\"08fd9e2\" data-element_type=\"widget\" data-widget_type=\"heading.default\">\n\t\t\t\t<div class=\"elementor-widget-container\">\n\t\t\t\t\t<h2 class=\"elementor-heading-title elementor-size-default\">Pol\u00edcia Civil cumpre mandado de pris\u00e3o de acusado por amea\u00e7a e les\u00e3o corporal no \u00e2mbito de viol\u00eancia dom\u00e9stica<\/h2>\t\t\t\t<\/div>\n\t\t\t\t<\/div>\n\t\t\t\t\t<\/div>\n\t\t<\/div>\n\t\t\t\t\t<\/div>\n\t\t<\/section>\n\t\t\t\t<section class=\"elementor-section elementor-top-section elementor-element elementor-element-f02c368 elementor-section-boxed elementor-section-height-default elementor-section-height-default\" data-id=\"f02c368\" data-element_type=\"section\">\n\t\t\t\t\t\t<div class=\"elementor-container elementor-column-gap-default\">\n\t\t\t\t\t<div class=\"elementor-column elementor-col-100 elementor-top-column elementor-element elementor-element-658f1c5\" data-id=\"658f1c5\" data-element_type=\"column\">\n\t\t\t<div class=\"elementor-widget-wrap elementor-element-populated\">\n\t\t\t\t\t\t<div class=\"elementor-element elementor-element-fc38850 elementor-widget elementor-widget-image\" data-id=\"fc38850\" data-element_type=\"widget\" data-widget_type=\"image.default\">\n\t\t\t\t<div class=\"elementor-widget-container\">\n\t\t\t\t\t\t\t\t\t\t\t\t\t\t\t<img fetchpriority=\"high\" decoding=\"async\" width=\"696\" height=\"926\" src=\"https:\/\/pc.sc.gov.br\/\/wp-content\/uploads\/2024\/03\/WhatsApp-Image-2024-03-14-at-15.25.53-1-770x1024.jpeg\" class=\"attachment-large size-large wp-image-18351\" alt=\"\" srcset=\"https:\/\/pc.sc.gov.br\/\/wp-content\/uploads\/2024\/03\/WhatsApp-Image-2024-03-14-at-15.25.53-1-770x1024.jpeg 770w, https:\/\/pc.sc.gov.br\/\/wp-content\/uploads\/2024\/03\/WhatsApp-Image-2024-03-14-at-15.25.53-1-226x300.jpeg 226w, https:\/\/pc.sc.gov.br\/\/wp-content\/uploads\/2024\/03\/WhatsApp-Image-2024-03-14-at-15.25.53-1-768x1021.jpeg 768w, https:\/\/pc.sc.gov.br\/\/wp-content\/uploads\/2024\/03\/WhatsApp-Image-2024-03-14-at-15.25.53-1.jpeg 963w\" sizes=\"(max-width: 696px) 100vw, 696px\" \/>\t\t\t\t\t\t\t\t\t\t\t\t\t\t\t<\/div>\n\t\t\t\t<\/div>\n\t\t\t\t\t<\/div>\n\t\t<\/div>\n\t\t\t\t\t<\/div>\n\t\t<\/section>\n\t\t\t\t<section class=\"elementor-section elementor-top-section elementor-element elementor-element-1fabd25 elementor-section-boxed elementor-section-height-default elementor-section-height-default\" data-id=\"1fabd25\" data-element_type=\"section\">\n\t\t\t\t\t\t<div class=\"elementor-container elementor-column-gap-default\">\n\t\t\t\t\t<div class=\"elementor-column elementor-col-100 elementor-top-column elementor-element elementor-element-17731a3\" data-id=\"17731a3\" data-element_type=\"column\">\n\t\t\t<div class=\"elementor-widget-wrap elementor-element-populated\">\n\t\t\t\t\t\t<div class=\"elementor-element elementor-element-ab4996d elementor-widget elementor-widget-text-editor\" data-id=\"ab4996d\" data-element_type=\"widget\" data-widget_type=\"text-editor.default\">\n\t\t\t\t<div class=\"elementor-widget-container\">\n\t\t\t\t\t\t\t\t\t<p>Na segunda-feira (11), a Pol\u00edcia Civil de Santa Catarina, por meio da Delegacia de prote\u00e7\u00e3o \u00e0 Crian\u00e7a, Adolescente, Mulher e Idoso de Ca\u00e7ador, deu cumprimento a mandado de pris\u00e3o em desfavor de um homem acusado de amea\u00e7a e les\u00e3o corporal no \u00e2mbito da viol\u00eancia dom\u00e9stica.<\/p><p>Cientes da exist\u00eancia do referido mandado, os policiais civis diligenciaram em buscas de informa\u00e7\u00f5es a respeito do paradeiro do autor, logrando \u00eaxito na pris\u00e3o do acusado. Realizados os procedimentos legais, o homem foi encaminhado ao Pres\u00eddio Regional de Ca\u00e7ador.<\/p>\t\t\t\t\t\t\t\t<\/div>\n\t\t\t\t<\/div>\n\t\t\t\t\t<\/div>\n\t\t<\/div>\n\t\t\t\t\t<\/div>\n\t\t<\/section>\n\t\t\t\t<\/div>\n\t\t","protected":false},"excerpt":{"rendered":"<p>Pol\u00edcia Civil cumpre mandado de pris\u00e3o de acusado por amea\u00e7a e les\u00e3o corporal no \u00e2mbito de viol\u00eancia dom\u00e9stica Na segunda-feira (11), a Pol\u00edcia Civil de Santa Catarina, por meio da Delegacia de prote\u00e7\u00e3o \u00e0 Crian\u00e7a, Adolescente, Mulher e Idoso de Ca\u00e7ador, deu cumprimento a mandado de pris\u00e3o em desfavor de um homem acusado de amea\u00e7a [&hellip;]<\/p>\n","protected":false},"author":5,"featured_media":18351,"comment_status":"closed","ping_status":"open","sticky":false,"template":"","format":"standard","meta":{"_monsterinsights_skip_tracking":false,"_monsterinsights_sitenote_active":false,"_monsterinsights_sitenote_note":"","_monsterinsights_sitenote_category":0,"footnotes":""},"categories":[1],"tags":[],"class_list":["post-18350","post","type-post","status-publish","format-standard","has-post-thumbnail","hentry","category-sem-categoria"],"_links":{"self":[{"href":"https:\/\/pc.sc.gov.br\/index.php?rest_route=\/wp\/v2\/posts\/18350","targetHints":{"allow":["GET"]}}],"collection":[{"href":"https:\/\/pc.sc.gov.br\/index.php?rest_route=\/wp\/v2\/posts"}],"about":[{"href":"https:\/\/pc.sc.gov.br\/index.php?rest_route=\/wp\/v2\/types\/post"}],"author":[{"embeddable":true,"href":"https:\/\/pc.sc.gov.br\/index.php?rest_route=\/wp\/v2\/users\/5"}],"replies":[{"embeddable":true,"href":"https:\/\/pc.sc.gov.br\/index.php?rest_route=%2Fwp%2Fv2%2Fcomments&post=18350"}],"version-history":[{"count":4,"href":"https:\/\/pc.sc.gov.br\/index.php?rest_route=\/wp\/v2\/posts\/18350\/revisions"}],"predecessor-version":[{"id":18355,"href":"https:\/\/pc.sc.gov.br\/index.php?rest_route=\/wp\/v2\/posts\/18350\/revisions\/18355"}],"wp:featuredmedia":[{"embeddable":true,"href":"https:\/\/pc.sc.gov.br\/index.php?rest_route=\/wp\/v2\/media\/18351"}],"wp:attachment":[{"href":"https:\/\/pc.sc.gov.br\/index.php?rest_route=%2Fwp%2Fv2%2Fmedia&parent=18350"}],"wp:term":[{"taxonomy":"category","embeddable":true,"href":"https:\/\/pc.sc.gov.br\/index.php?rest_route=%2Fwp%2Fv2%2Fcategories&post=18350"},{"taxonomy":"post_tag","embeddable":true,"href":"https:\/\/pc.sc.gov.br\/index.php?rest_route=%2Fwp%2Fv2%2Ftags&post=18350"}],"curies":[{"name":"wp","href":"https:\/\/api.w.org\/{rel}","templated":true}]}}