{"id":18367,"date":"2024-03-14T19:12:53","date_gmt":"2024-03-14T22:12:53","guid":{"rendered":"https:\/\/pc.sc.gov.br\/?p=18367"},"modified":"2024-03-14T19:14:34","modified_gmt":"2024-03-14T22:14:34","slug":"policiais-civis-que-atuam-na-dfrc-deic-recebem-elogio-do-consulado-geral-da-republica-da-coreia-por-recuperar-carga-roubada-em-itajai","status":"publish","type":"post","link":"https:\/\/pc.sc.gov.br\/?p=18367","title":{"rendered":"Policiais Civis que atuam na DFRC\/DEIC recebem elogio do Consulado Geral da Rep\u00fablica da Coreia por recuperar carga roubada em Itaja\u00ed"},"content":{"rendered":"\t\t<div data-elementor-type=\"wp-post\" data-elementor-id=\"18367\" class=\"elementor elementor-18367\" data-elementor-post-type=\"post\">\n\t\t\t\t\t\t<section class=\"elementor-section elementor-top-section elementor-element elementor-element-34c8421 elementor-section-boxed elementor-section-height-default elementor-section-height-default\" data-id=\"34c8421\" data-element_type=\"section\">\n\t\t\t\t\t\t<div class=\"elementor-container elementor-column-gap-default\">\n\t\t\t\t\t<div class=\"elementor-column elementor-col-100 elementor-top-column elementor-element elementor-element-0bdc45f\" data-id=\"0bdc45f\" data-element_type=\"column\">\n\t\t\t<div class=\"elementor-widget-wrap elementor-element-populated\">\n\t\t\t\t\t\t<div class=\"elementor-element elementor-element-47e4492 elementor-widget elementor-widget-heading\" data-id=\"47e4492\" data-element_type=\"widget\" data-widget_type=\"heading.default\">\n\t\t\t\t<div class=\"elementor-widget-container\">\n\t\t\t\t\t<h2 class=\"elementor-heading-title elementor-size-default\">Policiais Civis que atuam na DFRC\/DEIC recebem elogio do Consulado Geral da Rep\u00fablica da Coreia por recuperar carga roubada avaliada em R$ 600 mil<\/h2>\t\t\t\t<\/div>\n\t\t\t\t<\/div>\n\t\t\t\t\t<\/div>\n\t\t<\/div>\n\t\t\t\t\t<\/div>\n\t\t<\/section>\n\t\t\t\t<section class=\"elementor-section elementor-top-section elementor-element elementor-element-5096328 elementor-section-boxed elementor-section-height-default elementor-section-height-default\" data-id=\"5096328\" data-element_type=\"section\">\n\t\t\t\t\t\t<div class=\"elementor-container elementor-column-gap-default\">\n\t\t\t\t\t<div class=\"elementor-column elementor-col-100 elementor-top-column elementor-element elementor-element-21c5cc4\" data-id=\"21c5cc4\" data-element_type=\"column\">\n\t\t\t<div class=\"elementor-widget-wrap elementor-element-populated\">\n\t\t\t\t\t\t<div class=\"elementor-element elementor-element-1f7870d elementor-widget elementor-widget-image\" data-id=\"1f7870d\" data-element_type=\"widget\" data-widget_type=\"image.default\">\n\t\t\t\t<div class=\"elementor-widget-container\">\n\t\t\t\t\t\t\t\t\t\t\t\t\t\t\t<img fetchpriority=\"high\" decoding=\"async\" width=\"696\" height=\"497\" src=\"https:\/\/pc.sc.gov.br\/\/wp-content\/uploads\/2024\/03\/84540b1a-fb7e-4f3f-9db2-9ab9179102ac-fotor-2024031419428.jpg\" class=\"attachment-large size-large wp-image-18358\" alt=\"\" srcset=\"https:\/\/pc.sc.gov.br\/\/wp-content\/uploads\/2024\/03\/84540b1a-fb7e-4f3f-9db2-9ab9179102ac-fotor-2024031419428.jpg 1011w, https:\/\/pc.sc.gov.br\/\/wp-content\/uploads\/2024\/03\/84540b1a-fb7e-4f3f-9db2-9ab9179102ac-fotor-2024031419428-300x214.jpg 300w, https:\/\/pc.sc.gov.br\/\/wp-content\/uploads\/2024\/03\/84540b1a-fb7e-4f3f-9db2-9ab9179102ac-fotor-2024031419428-768x548.jpg 768w\" sizes=\"(max-width: 696px) 100vw, 696px\" \/>\t\t\t\t\t\t\t\t\t\t\t\t\t\t\t<\/div>\n\t\t\t\t<\/div>\n\t\t\t\t\t<\/div>\n\t\t<\/div>\n\t\t\t\t\t<\/div>\n\t\t<\/section>\n\t\t\t\t<section class=\"elementor-section elementor-top-section elementor-element elementor-element-6f5ba5b elementor-section-boxed elementor-section-height-default elementor-section-height-default\" data-id=\"6f5ba5b\" data-element_type=\"section\">\n\t\t\t\t\t\t<div class=\"elementor-container elementor-column-gap-default\">\n\t\t\t\t\t<div class=\"elementor-column elementor-col-100 elementor-top-column elementor-element elementor-element-0981d9a\" data-id=\"0981d9a\" data-element_type=\"column\">\n\t\t\t<div class=\"elementor-widget-wrap elementor-element-populated\">\n\t\t\t\t\t\t<div class=\"elementor-element elementor-element-755dbc7 elementor-widget elementor-widget-text-editor\" data-id=\"755dbc7\" data-element_type=\"widget\" data-widget_type=\"text-editor.default\">\n\t\t\t\t<div class=\"elementor-widget-container\">\n\t\t\t\t\t\t\t\t\t<p>Os policiais civis que atuam na Delegacia de Furtos e Roubos de Cargas DFRC\/DEIC receberam uma mensagem de agradecimento do Consulado Geral da Rep\u00fablica da Coreia em raz\u00e3o da investiga\u00e7\u00e3o que apurou crime de sequestro de motorista e do roubo de carga t\u00eaxtil de empres\u00e1rio coreano.&nbsp;<\/p>\n<p>O roubo ocorreu no dia 22\/12\/2023 na cidade de Itaja\u00ed. Na a\u00e7\u00e3o, cinco homens armados renderam o vigilante da empresa e o mantiveram em c\u00e1rcere na mata. A carga t\u00eaxtil avaliada em R$ 600 mil foi subtra\u00edda.<\/p>\n<p>Prontamente a equipe de investiga\u00e7\u00e3o da DFRC\/DEIC efetuou dilig\u00eancias e recuperou a carga na cidade de Itaja\u00ed. As investiga\u00e7\u00f5es prosseguiram e, no dia 26\/01\/2024, foi deflagrada a segunda fase da Opera\u00e7\u00e3o, resultando na pris\u00e3o dos envolvidos no crime.&nbsp;<\/p>\n<p>O Consulado Geral da Rep\u00fablica Coreia emitiu agradecimento nominal ao delegado Osnei Valdir de Oliveira; APC Mylena Gomes Esp\u00edndola, APC Kennedy Acunha Alves, EPC Rafaela Van Deir, EPC Everaldo Wohlfarth, APC Luciano Pereira, APC Ricardo Barrios e APC Jo\u00e3o Santiago Neto. No texto, o consulado destaca a \u201cr\u00e1pida resolu\u00e7\u00e3o do crime e recupera\u00e7\u00e3o de carga roubada, demonstrando alto n\u00edvel de profissionalismo e dedica\u00e7\u00e3o dos agentes envolvidos [&#8230;]&nbsp; A abordagem diligente e meticulosa adotada pela DEIC \u00e9 digna de elogios, pois n\u00e3o apenas garantiu a resolu\u00e7\u00e3o do incidente, mas tamb\u00e9m transmitiu confian\u00e7a \u00e0 comunidade de que a aplica\u00e7\u00e3o da lei est\u00e1 sendo realizada de maneira eficaz e respons\u00e1vel\u201d.<span style=\"color: var( --e-global-color-text ); font-family: var( --e-global-typography-primary-font-family ), Sans-serif; font-size: var( --e-global-typography-primary-font-size ); font-weight: var( --e-global-typography-primary-font-weight ); letter-spacing: var( --e-global-typography-primary-letter-spacing );\">&nbsp;<\/span><\/p>\t\t\t\t\t\t\t\t<\/div>\n\t\t\t\t<\/div>\n\t\t\t\t\t<\/div>\n\t\t<\/div>\n\t\t\t\t\t<\/div>\n\t\t<\/section>\n\t\t\t\t<section class=\"elementor-section elementor-top-section elementor-element elementor-element-97ae1ea elementor-section-boxed elementor-section-height-default elementor-section-height-default\" data-id=\"97ae1ea\" data-element_type=\"section\">\n\t\t\t\t\t\t<div class=\"elementor-container elementor-column-gap-default\">\n\t\t\t\t\t<div class=\"elementor-column elementor-col-100 elementor-top-column elementor-element elementor-element-4203acc\" data-id=\"4203acc\" data-element_type=\"column\">\n\t\t\t<div class=\"elementor-widget-wrap elementor-element-populated\">\n\t\t\t\t\t\t<div class=\"elementor-element elementor-element-938f3cc elementor-widget elementor-widget-image\" data-id=\"938f3cc\" data-element_type=\"widget\" data-widget_type=\"image.default\">\n\t\t\t\t<div class=\"elementor-widget-container\">\n\t\t\t\t\t\t\t\t\t\t\t\t\t\t\t<img decoding=\"async\" width=\"677\" height=\"1024\" src=\"https:\/\/pc.sc.gov.br\/\/wp-content\/uploads\/2024\/03\/WhatsApp-Image-2024-03-14-at-18.18.37-677x1024.jpeg\" class=\"attachment-large size-large wp-image-18359\" alt=\"\" srcset=\"https:\/\/pc.sc.gov.br\/\/wp-content\/uploads\/2024\/03\/WhatsApp-Image-2024-03-14-at-18.18.37-677x1024.jpeg 677w, https:\/\/pc.sc.gov.br\/\/wp-content\/uploads\/2024\/03\/WhatsApp-Image-2024-03-14-at-18.18.37-198x300.jpeg 198w, https:\/\/pc.sc.gov.br\/\/wp-content\/uploads\/2024\/03\/WhatsApp-Image-2024-03-14-at-18.18.37-768x1162.jpeg 768w, https:\/\/pc.sc.gov.br\/\/wp-content\/uploads\/2024\/03\/WhatsApp-Image-2024-03-14-at-18.18.37.jpeg 846w\" sizes=\"(max-width: 677px) 100vw, 677px\" \/>\t\t\t\t\t\t\t\t\t\t\t\t\t\t\t<\/div>\n\t\t\t\t<\/div>\n\t\t\t\t\t<\/div>\n\t\t<\/div>\n\t\t\t\t\t<\/div>\n\t\t<\/section>\n\t\t\t\t<\/div>\n\t\t","protected":false},"excerpt":{"rendered":"<p>Policiais Civis que atuam na DFRC\/DEIC recebem elogio do Consulado Geral da Rep\u00fablica da Coreia por recuperar carga roubada avaliada em R$ 600 mil Os policiais civis que atuam na Delegacia de Furtos e Roubos de Cargas DFRC\/DEIC receberam uma mensagem de agradecimento do Consulado Geral da Rep\u00fablica da Coreia em raz\u00e3o da investiga\u00e7\u00e3o que [&hellip;]<\/p>\n","protected":false},"author":5,"featured_media":18358,"comment_status":"closed","ping_status":"open","sticky":false,"template":"","format":"standard","meta":{"_monsterinsights_skip_tracking":false,"_monsterinsights_sitenote_active":false,"_monsterinsights_sitenote_note":"","_monsterinsights_sitenote_category":0,"footnotes":""},"categories":[1],"tags":[],"class_list":["post-18367","post","type-post","status-publish","format-standard","has-post-thumbnail","hentry","category-sem-categoria"],"_links":{"self":[{"href":"https:\/\/pc.sc.gov.br\/index.php?rest_route=\/wp\/v2\/posts\/18367","targetHints":{"allow":["GET"]}}],"collection":[{"href":"https:\/\/pc.sc.gov.br\/index.php?rest_route=\/wp\/v2\/posts"}],"about":[{"href":"https:\/\/pc.sc.gov.br\/index.php?rest_route=\/wp\/v2\/types\/post"}],"author":[{"embeddable":true,"href":"https:\/\/pc.sc.gov.br\/index.php?rest_route=\/wp\/v2\/users\/5"}],"replies":[{"embeddable":true,"href":"https:\/\/pc.sc.gov.br\/index.php?rest_route=%2Fwp%2Fv2%2Fcomments&post=18367"}],"version-history":[{"count":7,"href":"https:\/\/pc.sc.gov.br\/index.php?rest_route=\/wp\/v2\/posts\/18367\/revisions"}],"predecessor-version":[{"id":18374,"href":"https:\/\/pc.sc.gov.br\/index.php?rest_route=\/wp\/v2\/posts\/18367\/revisions\/18374"}],"wp:featuredmedia":[{"embeddable":true,"href":"https:\/\/pc.sc.gov.br\/index.php?rest_route=\/wp\/v2\/media\/18358"}],"wp:attachment":[{"href":"https:\/\/pc.sc.gov.br\/index.php?rest_route=%2Fwp%2Fv2%2Fmedia&parent=18367"}],"wp:term":[{"taxonomy":"category","embeddable":true,"href":"https:\/\/pc.sc.gov.br\/index.php?rest_route=%2Fwp%2Fv2%2Fcategories&post=18367"},{"taxonomy":"post_tag","embeddable":true,"href":"https:\/\/pc.sc.gov.br\/index.php?rest_route=%2Fwp%2Fv2%2Ftags&post=18367"}],"curies":[{"name":"wp","href":"https:\/\/api.w.org\/{rel}","templated":true}]}}