{"id":18389,"date":"2024-03-15T16:03:46","date_gmt":"2024-03-15T19:03:46","guid":{"rendered":"https:\/\/pc.sc.gov.br\/?p=18389"},"modified":"2024-03-15T16:04:40","modified_gmt":"2024-03-15T19:04:40","slug":"policia-civil-prende-dois-funcionarios-pelo-desvio-de-materiais-de-fabrica-em-biguacu","status":"publish","type":"post","link":"https:\/\/pc.sc.gov.br\/?p=18389","title":{"rendered":"Pol\u00edcia Civil prende dois funcion\u00e1rios pelo desvio de materiais de f\u00e1brica em Bigua\u00e7u"},"content":{"rendered":"\t\t<div data-elementor-type=\"wp-post\" data-elementor-id=\"18389\" class=\"elementor elementor-18389\" data-elementor-post-type=\"post\">\n\t\t\t\t\t\t<section class=\"elementor-section elementor-top-section elementor-element elementor-element-f519b42 elementor-section-boxed elementor-section-height-default elementor-section-height-default\" data-id=\"f519b42\" data-element_type=\"section\">\n\t\t\t\t\t\t<div class=\"elementor-container elementor-column-gap-default\">\n\t\t\t\t\t<div class=\"elementor-column elementor-col-100 elementor-top-column elementor-element elementor-element-a3f381f\" data-id=\"a3f381f\" data-element_type=\"column\">\n\t\t\t<div class=\"elementor-widget-wrap elementor-element-populated\">\n\t\t\t\t\t\t<div class=\"elementor-element elementor-element-5005ffc elementor-widget elementor-widget-heading\" data-id=\"5005ffc\" data-element_type=\"widget\" data-widget_type=\"heading.default\">\n\t\t\t\t<div class=\"elementor-widget-container\">\n\t\t\t\t\t<h2 class=\"elementor-heading-title elementor-size-default\">Pol\u00edcia Civil prende dois funcion\u00e1rios pelo desvio de materiais de f\u00e1brica em Bigua\u00e7u <\/h2>\t\t\t\t<\/div>\n\t\t\t\t<\/div>\n\t\t\t\t\t<\/div>\n\t\t<\/div>\n\t\t\t\t\t<\/div>\n\t\t<\/section>\n\t\t\t\t<section class=\"elementor-section elementor-top-section elementor-element elementor-element-6ab6253 elementor-section-boxed elementor-section-height-default elementor-section-height-default\" data-id=\"6ab6253\" data-element_type=\"section\">\n\t\t\t\t\t\t<div class=\"elementor-container elementor-column-gap-default\">\n\t\t\t\t\t<div class=\"elementor-column elementor-col-100 elementor-top-column elementor-element elementor-element-cae50e0\" data-id=\"cae50e0\" data-element_type=\"column\">\n\t\t\t<div class=\"elementor-widget-wrap elementor-element-populated\">\n\t\t\t\t\t\t<div class=\"elementor-element elementor-element-e499f6e elementor-widget elementor-widget-image\" data-id=\"e499f6e\" data-element_type=\"widget\" data-widget_type=\"image.default\">\n\t\t\t\t<div class=\"elementor-widget-container\">\n\t\t\t\t\t\t\t\t\t\t\t\t\t\t\t<img fetchpriority=\"high\" decoding=\"async\" width=\"696\" height=\"474\" src=\"https:\/\/pc.sc.gov.br\/\/wp-content\/uploads\/2023\/05\/VIATURA_000000000022-1536x1058-2-e1762278897351-1024x697.jpg\" class=\"attachment-large size-large wp-image-9267\" alt=\"\" srcset=\"https:\/\/pc.sc.gov.br\/\/wp-content\/uploads\/2023\/05\/VIATURA_000000000022-1536x1058-2-e1762278897351-1024x697.jpg 1024w, https:\/\/pc.sc.gov.br\/\/wp-content\/uploads\/2023\/05\/VIATURA_000000000022-1536x1058-2-e1762278897351-300x204.jpg 300w, https:\/\/pc.sc.gov.br\/\/wp-content\/uploads\/2023\/05\/VIATURA_000000000022-1536x1058-2-e1762278897351-768x522.jpg 768w, https:\/\/pc.sc.gov.br\/\/wp-content\/uploads\/2023\/05\/VIATURA_000000000022-1536x1058-2-e1762278897351.jpg 1270w\" sizes=\"(max-width: 696px) 100vw, 696px\" \/>\t\t\t\t\t\t\t\t\t\t\t\t\t\t\t<\/div>\n\t\t\t\t<\/div>\n\t\t\t\t\t<\/div>\n\t\t<\/div>\n\t\t\t\t\t<\/div>\n\t\t<\/section>\n\t\t\t\t<section class=\"elementor-section elementor-top-section elementor-element elementor-element-0a6a59d elementor-section-boxed elementor-section-height-default elementor-section-height-default\" data-id=\"0a6a59d\" data-element_type=\"section\">\n\t\t\t\t\t\t<div class=\"elementor-container elementor-column-gap-default\">\n\t\t\t\t\t<div class=\"elementor-column elementor-col-100 elementor-top-column elementor-element elementor-element-50a22f0\" data-id=\"50a22f0\" data-element_type=\"column\">\n\t\t\t<div class=\"elementor-widget-wrap elementor-element-populated\">\n\t\t\t\t\t\t<div class=\"elementor-element elementor-element-1ff0807 elementor-widget elementor-widget-text-editor\" data-id=\"1ff0807\" data-element_type=\"widget\" data-widget_type=\"text-editor.default\">\n\t\t\t\t<div class=\"elementor-widget-container\">\n\t\t\t\t\t\t\t\t\t<p>Na quinta-feira (14), a Pol\u00edcia Civil de Santa Catarina, por meio da Delegacia de Pol\u00edcia da Comarca de Bigua\u00e7u, prendeu em flagrante dois funcion\u00e1rios de uma f\u00e1brica pelo desvio de materiais. \u00a0A investiga\u00e7\u00e3o iniciou ap\u00f3s o recebimento de den\u00fancia de desvio de cargas no patrim\u00f4nio de uma f\u00e1brica de materiais para a constru\u00e7\u00e3o civil, que totalizou em torno de oito mil reais, havendo suspeita de se tratar de fato promovido por funcion\u00e1rios.<\/p><p>Em dilig\u00eancias imediatas foi poss\u00edvel localizar o material informado na resid\u00eancia de um dos funcion\u00e1rios, que executou a subtra\u00e7\u00e3o em coautoria com outro funcion\u00e1rio, sendo ambos presos em flagrante.<\/p><p>Segundo o delegado Felipe Sim\u00e3o Gomes, os presos confessaram o delito e disseram que o material seria revendido em reciclagem. Ambos t\u00eam passagem criminal anterior e foram encaminhados para o Sistema Penitenci\u00e1rio.<\/p>\t\t\t\t\t\t\t\t<\/div>\n\t\t\t\t<\/div>\n\t\t\t\t\t<\/div>\n\t\t<\/div>\n\t\t\t\t\t<\/div>\n\t\t<\/section>\n\t\t\t\t<\/div>\n\t\t","protected":false},"excerpt":{"rendered":"<p>Pol\u00edcia Civil prende dois funcion\u00e1rios pelo desvio de materiais de f\u00e1brica em Bigua\u00e7u Na quinta-feira (14), a Pol\u00edcia Civil de Santa Catarina, por meio da Delegacia de Pol\u00edcia da Comarca de Bigua\u00e7u, prendeu em flagrante dois funcion\u00e1rios de uma f\u00e1brica pelo desvio de materiais. \u00a0A investiga\u00e7\u00e3o iniciou ap\u00f3s o recebimento de den\u00fancia de desvio de [&hellip;]<\/p>\n","protected":false},"author":5,"featured_media":9267,"comment_status":"closed","ping_status":"open","sticky":false,"template":"","format":"standard","meta":{"_monsterinsights_skip_tracking":false,"_monsterinsights_sitenote_active":false,"_monsterinsights_sitenote_note":"","_monsterinsights_sitenote_category":0,"footnotes":""},"categories":[1],"tags":[],"class_list":["post-18389","post","type-post","status-publish","format-standard","has-post-thumbnail","hentry","category-sem-categoria"],"_links":{"self":[{"href":"https:\/\/pc.sc.gov.br\/index.php?rest_route=\/wp\/v2\/posts\/18389","targetHints":{"allow":["GET"]}}],"collection":[{"href":"https:\/\/pc.sc.gov.br\/index.php?rest_route=\/wp\/v2\/posts"}],"about":[{"href":"https:\/\/pc.sc.gov.br\/index.php?rest_route=\/wp\/v2\/types\/post"}],"author":[{"embeddable":true,"href":"https:\/\/pc.sc.gov.br\/index.php?rest_route=\/wp\/v2\/users\/5"}],"replies":[{"embeddable":true,"href":"https:\/\/pc.sc.gov.br\/index.php?rest_route=%2Fwp%2Fv2%2Fcomments&post=18389"}],"version-history":[{"count":4,"href":"https:\/\/pc.sc.gov.br\/index.php?rest_route=\/wp\/v2\/posts\/18389\/revisions"}],"predecessor-version":[{"id":18393,"href":"https:\/\/pc.sc.gov.br\/index.php?rest_route=\/wp\/v2\/posts\/18389\/revisions\/18393"}],"wp:featuredmedia":[{"embeddable":true,"href":"https:\/\/pc.sc.gov.br\/index.php?rest_route=\/wp\/v2\/media\/9267"}],"wp:attachment":[{"href":"https:\/\/pc.sc.gov.br\/index.php?rest_route=%2Fwp%2Fv2%2Fmedia&parent=18389"}],"wp:term":[{"taxonomy":"category","embeddable":true,"href":"https:\/\/pc.sc.gov.br\/index.php?rest_route=%2Fwp%2Fv2%2Fcategories&post=18389"},{"taxonomy":"post_tag","embeddable":true,"href":"https:\/\/pc.sc.gov.br\/index.php?rest_route=%2Fwp%2Fv2%2Ftags&post=18389"}],"curies":[{"name":"wp","href":"https:\/\/api.w.org\/{rel}","templated":true}]}}