{"id":18394,"date":"2024-03-15T16:12:10","date_gmt":"2024-03-15T19:12:10","guid":{"rendered":"https:\/\/pc.sc.gov.br\/?p=18394"},"modified":"2024-03-15T16:13:19","modified_gmt":"2024-03-15T19:13:19","slug":"policia-civil-prende-em-flagrante-estelionatario-que-cometeu-fraude-contra-concessionaria-de-veiculos-em-itajai","status":"publish","type":"post","link":"https:\/\/pc.sc.gov.br\/?p=18394","title":{"rendered":"Pol\u00edcia Civil prende em flagrante estelionat\u00e1rio que cometeu fraude contra concession\u00e1ria de ve\u00edculos em Itaja\u00ed"},"content":{"rendered":"\t\t<div data-elementor-type=\"wp-post\" data-elementor-id=\"18394\" class=\"elementor elementor-18394\" data-elementor-post-type=\"post\">\n\t\t\t\t\t\t<section class=\"elementor-section elementor-top-section elementor-element elementor-element-5507684 elementor-section-boxed elementor-section-height-default elementor-section-height-default\" data-id=\"5507684\" data-element_type=\"section\">\n\t\t\t\t\t\t<div class=\"elementor-container elementor-column-gap-default\">\n\t\t\t\t\t<div class=\"elementor-column elementor-col-100 elementor-top-column elementor-element elementor-element-3c0923e\" data-id=\"3c0923e\" data-element_type=\"column\">\n\t\t\t<div class=\"elementor-widget-wrap elementor-element-populated\">\n\t\t\t\t\t\t<div class=\"elementor-element elementor-element-d1b4c58 elementor-widget elementor-widget-heading\" data-id=\"d1b4c58\" data-element_type=\"widget\" data-widget_type=\"heading.default\">\n\t\t\t\t<div class=\"elementor-widget-container\">\n\t\t\t\t\t<h2 class=\"elementor-heading-title elementor-size-default\">Pol\u00edcia Civil prende em flagrante estelionat\u00e1rio que cometeu fraude contra concession\u00e1ria de ve\u00edculos em Itaja\u00ed <\/h2>\t\t\t\t<\/div>\n\t\t\t\t<\/div>\n\t\t\t\t\t<\/div>\n\t\t<\/div>\n\t\t\t\t\t<\/div>\n\t\t<\/section>\n\t\t\t\t<section class=\"elementor-section elementor-top-section elementor-element elementor-element-f7cc908 elementor-section-boxed elementor-section-height-default elementor-section-height-default\" data-id=\"f7cc908\" data-element_type=\"section\">\n\t\t\t\t\t\t<div class=\"elementor-container elementor-column-gap-default\">\n\t\t\t\t\t<div class=\"elementor-column elementor-col-100 elementor-top-column elementor-element elementor-element-9732dc0\" data-id=\"9732dc0\" data-element_type=\"column\">\n\t\t\t<div class=\"elementor-widget-wrap elementor-element-populated\">\n\t\t\t\t\t\t<div class=\"elementor-element elementor-element-093531c elementor-widget elementor-widget-image\" data-id=\"093531c\" data-element_type=\"widget\" data-widget_type=\"image.default\">\n\t\t\t\t<div class=\"elementor-widget-container\">\n\t\t\t\t\t\t\t\t\t\t\t\t\t\t\t<img fetchpriority=\"high\" decoding=\"async\" width=\"657\" height=\"1024\" src=\"https:\/\/pc.sc.gov.br\/\/wp-content\/uploads\/2024\/03\/WhatsApp-Image-2024-03-14-at-23.11.56-657x1024.jpeg\" class=\"attachment-large size-large wp-image-18395\" alt=\"\" srcset=\"https:\/\/pc.sc.gov.br\/\/wp-content\/uploads\/2024\/03\/WhatsApp-Image-2024-03-14-at-23.11.56-657x1024.jpeg 657w, https:\/\/pc.sc.gov.br\/\/wp-content\/uploads\/2024\/03\/WhatsApp-Image-2024-03-14-at-23.11.56-192x300.jpeg 192w, https:\/\/pc.sc.gov.br\/\/wp-content\/uploads\/2024\/03\/WhatsApp-Image-2024-03-14-at-23.11.56-768x1198.jpeg 768w, https:\/\/pc.sc.gov.br\/\/wp-content\/uploads\/2024\/03\/WhatsApp-Image-2024-03-14-at-23.11.56-985x1536.jpeg 985w, https:\/\/pc.sc.gov.br\/\/wp-content\/uploads\/2024\/03\/WhatsApp-Image-2024-03-14-at-23.11.56.jpeg 1026w\" sizes=\"(max-width: 657px) 100vw, 657px\" \/>\t\t\t\t\t\t\t\t\t\t\t\t\t\t\t<\/div>\n\t\t\t\t<\/div>\n\t\t\t\t\t<\/div>\n\t\t<\/div>\n\t\t\t\t\t<\/div>\n\t\t<\/section>\n\t\t\t\t<section class=\"elementor-section elementor-top-section elementor-element elementor-element-5df9a42 elementor-section-boxed elementor-section-height-default elementor-section-height-default\" data-id=\"5df9a42\" data-element_type=\"section\">\n\t\t\t\t\t\t<div class=\"elementor-container elementor-column-gap-default\">\n\t\t\t\t\t<div class=\"elementor-column elementor-col-100 elementor-top-column elementor-element elementor-element-555be89\" data-id=\"555be89\" data-element_type=\"column\">\n\t\t\t<div class=\"elementor-widget-wrap elementor-element-populated\">\n\t\t\t\t\t\t<div class=\"elementor-element elementor-element-d671048 elementor-widget elementor-widget-text-editor\" data-id=\"d671048\" data-element_type=\"widget\" data-widget_type=\"text-editor.default\">\n\t\t\t\t<div class=\"elementor-widget-container\">\n\t\t\t\t\t\t\t\t\t<p>Na quinta-feira (14), aPol\u00edcia Civil de Santa Catarina, por meio de a\u00e7\u00e3o conjunta da Divis\u00e3o de Investiga\u00e7\u00e3o Criminal da Itaja\u00ed (DIC) e do Setor de Investiga\u00e7\u00e3o Criminal de Itaja\u00ed (SIC), prenderam um homem suspeito de aplicar um golpe em um loja de autom\u00f3veis.<\/p><p>Segundo apurado, o suspeito teria se utilizado de documentos de uma terceira pessoa para realiza\u00e7\u00e3o de um financiamento para compra de um ve\u00edculo Punto em uma concession\u00e1ria de Itaja\u00ed. O ve\u00edculo foi entregue ao suspeito na semana passada e, dias depois, a institui\u00e7\u00e3o financeira identificou a fraude e comunicou \u00e0 Pol\u00edcia Civil.<\/p><p>Na tarde da quinta-feira (14), o suspeito fez contato com a concession\u00e1ria para buscar a documenta\u00e7\u00e3o final do carro, apresentando-se novamente como terceira pessoa e assinando recibos falsamente em nome daquela.<\/p><p>O suspeito foi autuado em flagrante pelo crime de falsa identidade e falsidade ideol\u00f3gica e responder\u00e1 a Inqu\u00e9rito Policial pelo crime de estelionato. O ve\u00edculo foi recuperado e devolvido \u00e0 loja-v\u00edtima. O preso foi encaminhado ao Sistema Penitenci\u00e1rio e permanece \u00e0 disposi\u00e7\u00e3o da Justi\u00e7a.<\/p>\t\t\t\t\t\t\t\t<\/div>\n\t\t\t\t<\/div>\n\t\t\t\t\t<\/div>\n\t\t<\/div>\n\t\t\t\t\t<\/div>\n\t\t<\/section>\n\t\t\t\t<\/div>\n\t\t","protected":false},"excerpt":{"rendered":"<p>Pol\u00edcia Civil prende em flagrante estelionat\u00e1rio que cometeu fraude contra concession\u00e1ria de ve\u00edculos em Itaja\u00ed Na quinta-feira (14), aPol\u00edcia Civil de Santa Catarina, por meio de a\u00e7\u00e3o conjunta da Divis\u00e3o de Investiga\u00e7\u00e3o Criminal da Itaja\u00ed (DIC) e do Setor de Investiga\u00e7\u00e3o Criminal de Itaja\u00ed (SIC), prenderam um homem suspeito de aplicar um golpe em um [&hellip;]<\/p>\n","protected":false},"author":5,"featured_media":18395,"comment_status":"closed","ping_status":"open","sticky":false,"template":"","format":"standard","meta":{"_monsterinsights_skip_tracking":false,"_monsterinsights_sitenote_active":false,"_monsterinsights_sitenote_note":"","_monsterinsights_sitenote_category":0,"footnotes":""},"categories":[1],"tags":[],"class_list":["post-18394","post","type-post","status-publish","format-standard","has-post-thumbnail","hentry","category-sem-categoria"],"_links":{"self":[{"href":"https:\/\/pc.sc.gov.br\/index.php?rest_route=\/wp\/v2\/posts\/18394","targetHints":{"allow":["GET"]}}],"collection":[{"href":"https:\/\/pc.sc.gov.br\/index.php?rest_route=\/wp\/v2\/posts"}],"about":[{"href":"https:\/\/pc.sc.gov.br\/index.php?rest_route=\/wp\/v2\/types\/post"}],"author":[{"embeddable":true,"href":"https:\/\/pc.sc.gov.br\/index.php?rest_route=\/wp\/v2\/users\/5"}],"replies":[{"embeddable":true,"href":"https:\/\/pc.sc.gov.br\/index.php?rest_route=%2Fwp%2Fv2%2Fcomments&post=18394"}],"version-history":[{"count":4,"href":"https:\/\/pc.sc.gov.br\/index.php?rest_route=\/wp\/v2\/posts\/18394\/revisions"}],"predecessor-version":[{"id":18399,"href":"https:\/\/pc.sc.gov.br\/index.php?rest_route=\/wp\/v2\/posts\/18394\/revisions\/18399"}],"wp:featuredmedia":[{"embeddable":true,"href":"https:\/\/pc.sc.gov.br\/index.php?rest_route=\/wp\/v2\/media\/18395"}],"wp:attachment":[{"href":"https:\/\/pc.sc.gov.br\/index.php?rest_route=%2Fwp%2Fv2%2Fmedia&parent=18394"}],"wp:term":[{"taxonomy":"category","embeddable":true,"href":"https:\/\/pc.sc.gov.br\/index.php?rest_route=%2Fwp%2Fv2%2Fcategories&post=18394"},{"taxonomy":"post_tag","embeddable":true,"href":"https:\/\/pc.sc.gov.br\/index.php?rest_route=%2Fwp%2Fv2%2Ftags&post=18394"}],"curies":[{"name":"wp","href":"https:\/\/api.w.org\/{rel}","templated":true}]}}