{"id":18400,"date":"2024-03-15T17:15:51","date_gmt":"2024-03-15T20:15:51","guid":{"rendered":"https:\/\/pc.sc.gov.br\/?p=18400"},"modified":"2024-03-15T17:17:13","modified_gmt":"2024-03-15T20:17:13","slug":"drtur-prende-investigado-que-atuava-com-transporte-irregular-de-passageiros-no-aeroporto-da-capital","status":"publish","type":"post","link":"https:\/\/pc.sc.gov.br\/?p=18400","title":{"rendered":"DRTUR prende investigado que atuava com transporte irregular de passageiros no Aeroporto da Capital"},"content":{"rendered":"\t\t<div data-elementor-type=\"wp-post\" data-elementor-id=\"18400\" class=\"elementor elementor-18400\" data-elementor-post-type=\"post\">\n\t\t\t\t\t\t<section class=\"elementor-section elementor-top-section elementor-element elementor-element-345fbd6 elementor-section-boxed elementor-section-height-default elementor-section-height-default\" data-id=\"345fbd6\" data-element_type=\"section\">\n\t\t\t\t\t\t<div class=\"elementor-container elementor-column-gap-default\">\n\t\t\t\t\t<div class=\"elementor-column elementor-col-100 elementor-top-column elementor-element elementor-element-5a069b6\" data-id=\"5a069b6\" data-element_type=\"column\">\n\t\t\t<div class=\"elementor-widget-wrap elementor-element-populated\">\n\t\t\t\t\t\t<div class=\"elementor-element elementor-element-b32a2f0 elementor-widget elementor-widget-heading\" data-id=\"b32a2f0\" data-element_type=\"widget\" data-widget_type=\"heading.default\">\n\t\t\t\t<div class=\"elementor-widget-container\">\n\t\t\t\t\t<h2 class=\"elementor-heading-title elementor-size-default\">DRTUR prende investigado que atuava com transporte irregular de passageiros no Aeroporto da Capital<\/h2>\t\t\t\t<\/div>\n\t\t\t\t<\/div>\n\t\t\t\t\t<\/div>\n\t\t<\/div>\n\t\t\t\t\t<\/div>\n\t\t<\/section>\n\t\t\t\t<section class=\"elementor-section elementor-top-section elementor-element elementor-element-a50b215 elementor-section-boxed elementor-section-height-default elementor-section-height-default\" data-id=\"a50b215\" data-element_type=\"section\">\n\t\t\t\t\t\t<div class=\"elementor-container elementor-column-gap-default\">\n\t\t\t\t\t<div class=\"elementor-column elementor-col-100 elementor-top-column elementor-element elementor-element-5a93ca8\" data-id=\"5a93ca8\" data-element_type=\"column\">\n\t\t\t<div class=\"elementor-widget-wrap elementor-element-populated\">\n\t\t\t\t\t\t<div class=\"elementor-element elementor-element-d2724d4 elementor-widget elementor-widget-image\" data-id=\"d2724d4\" data-element_type=\"widget\" data-widget_type=\"image.default\">\n\t\t\t\t<div class=\"elementor-widget-container\">\n\t\t\t\t\t\t\t\t\t\t\t\t\t\t\t<img decoding=\"async\" width=\"205\" height=\"155\" src=\"https:\/\/pc.sc.gov.br\/\/wp-content\/uploads\/2024\/03\/WhatsApp-Image-2024-03-15-at-15.41.31.jpeg\" class=\"attachment-large size-large wp-image-18401\" alt=\"\" \/>\t\t\t\t\t\t\t\t\t\t\t\t\t\t\t<\/div>\n\t\t\t\t<\/div>\n\t\t\t\t\t<\/div>\n\t\t<\/div>\n\t\t\t\t\t<\/div>\n\t\t<\/section>\n\t\t\t\t<section class=\"elementor-section elementor-top-section elementor-element elementor-element-e7cbc7b elementor-section-boxed elementor-section-height-default elementor-section-height-default\" data-id=\"e7cbc7b\" data-element_type=\"section\">\n\t\t\t\t\t\t<div class=\"elementor-container elementor-column-gap-default\">\n\t\t\t\t\t<div class=\"elementor-column elementor-col-100 elementor-top-column elementor-element elementor-element-b4b945a\" data-id=\"b4b945a\" data-element_type=\"column\">\n\t\t\t<div class=\"elementor-widget-wrap elementor-element-populated\">\n\t\t\t\t\t\t<div class=\"elementor-element elementor-element-76f3704 elementor-widget elementor-widget-text-editor\" data-id=\"76f3704\" data-element_type=\"widget\" data-widget_type=\"text-editor.default\">\n\t\t\t\t<div class=\"elementor-widget-container\">\n\t\t\t\t\t\t\t\t\t<p>Em a\u00e7\u00e3o conjunta da Delegacia de Prote\u00e7\u00e3o ao Turista (DPTUR) e Pol\u00edcia Militar, na noite desta quinta-feira (14), deu-se cumprimento a mandado de pris\u00e3o expedido contra investigado por pr\u00e1ticas de transporte irregular de passageiros no Aeroporto Herc\u00edlio Luz, em Florian\u00f3polis, e crimes conexos.<\/p><p>A a\u00e7\u00e3o \u00e9 parte de Inqu\u00e9rito Policial que investiga a pr\u00e1tica de furto qualificado contra turistas estrangeiros, em que motoristas n\u00e3o cadastrados em plataformas regulares induzem os passageiros a acreditar que se trata de transporte leg\u00edtimo. Ao fim do transporte, cobran\u00e7as n\u00e3o autorizadas s\u00e3o realizadas no cart\u00e3o da v\u00edtima, sem que haja ci\u00eancia do valor que efetivamente fora pago. O principal caso indica a cobran\u00e7a de mais de R$ 2 mil por uma corrida dentro da Capital.<\/p><p>Ainda, um dos investigados envolveu-se em briga no Terminal Aeroportu\u00e1rio no in\u00edcio do m\u00eas de mar\u00e7o de 2024, supostamente utilizando uma barra de ferro para agredir outras pessoas. Tal fato tamb\u00e9m \u00e9 investigado pela DPTUR.<\/p><p>Por representa\u00e7\u00e3o da Pol\u00edcia Civil, foi expedido mandado de pris\u00e3o a um dos investigados e de medidas cautelares a outros. Quanto ao primeiro, em a\u00e7\u00e3o de intelig\u00eancia da DPTUR e da Pol\u00edcia Militar, localizou-se o suspeito dirigindo-se para fora do Estado de Santa Catarina, momento em que foi preso e entregue \u00e0 disposi\u00e7\u00e3o da Justi\u00e7a.<\/p><div>\u00a0<\/div>\t\t\t\t\t\t\t\t<\/div>\n\t\t\t\t<\/div>\n\t\t\t\t\t<\/div>\n\t\t<\/div>\n\t\t\t\t\t<\/div>\n\t\t<\/section>\n\t\t\t\t<\/div>\n\t\t","protected":false},"excerpt":{"rendered":"<p>DRTUR prende investigado que atuava com transporte irregular de passageiros no Aeroporto da Capital Em a\u00e7\u00e3o conjunta da Delegacia de Prote\u00e7\u00e3o ao Turista (DPTUR) e Pol\u00edcia Militar, na noite desta quinta-feira (14), deu-se cumprimento a mandado de pris\u00e3o expedido contra investigado por pr\u00e1ticas de transporte irregular de passageiros no Aeroporto Herc\u00edlio Luz, em Florian\u00f3polis, e [&hellip;]<\/p>\n","protected":false},"author":5,"featured_media":18401,"comment_status":"closed","ping_status":"open","sticky":false,"template":"","format":"standard","meta":{"_monsterinsights_skip_tracking":false,"_monsterinsights_sitenote_active":false,"_monsterinsights_sitenote_note":"","_monsterinsights_sitenote_category":0,"footnotes":""},"categories":[1],"tags":[],"class_list":["post-18400","post","type-post","status-publish","format-standard","has-post-thumbnail","hentry","category-sem-categoria"],"_links":{"self":[{"href":"https:\/\/pc.sc.gov.br\/index.php?rest_route=\/wp\/v2\/posts\/18400","targetHints":{"allow":["GET"]}}],"collection":[{"href":"https:\/\/pc.sc.gov.br\/index.php?rest_route=\/wp\/v2\/posts"}],"about":[{"href":"https:\/\/pc.sc.gov.br\/index.php?rest_route=\/wp\/v2\/types\/post"}],"author":[{"embeddable":true,"href":"https:\/\/pc.sc.gov.br\/index.php?rest_route=\/wp\/v2\/users\/5"}],"replies":[{"embeddable":true,"href":"https:\/\/pc.sc.gov.br\/index.php?rest_route=%2Fwp%2Fv2%2Fcomments&post=18400"}],"version-history":[{"count":4,"href":"https:\/\/pc.sc.gov.br\/index.php?rest_route=\/wp\/v2\/posts\/18400\/revisions"}],"predecessor-version":[{"id":18405,"href":"https:\/\/pc.sc.gov.br\/index.php?rest_route=\/wp\/v2\/posts\/18400\/revisions\/18405"}],"wp:featuredmedia":[{"embeddable":true,"href":"https:\/\/pc.sc.gov.br\/index.php?rest_route=\/wp\/v2\/media\/18401"}],"wp:attachment":[{"href":"https:\/\/pc.sc.gov.br\/index.php?rest_route=%2Fwp%2Fv2%2Fmedia&parent=18400"}],"wp:term":[{"taxonomy":"category","embeddable":true,"href":"https:\/\/pc.sc.gov.br\/index.php?rest_route=%2Fwp%2Fv2%2Fcategories&post=18400"},{"taxonomy":"post_tag","embeddable":true,"href":"https:\/\/pc.sc.gov.br\/index.php?rest_route=%2Fwp%2Fv2%2Ftags&post=18400"}],"curies":[{"name":"wp","href":"https:\/\/api.w.org\/{rel}","templated":true}]}}