{"id":18412,"date":"2024-03-15T19:00:44","date_gmt":"2024-03-15T22:00:44","guid":{"rendered":"https:\/\/pc.sc.gov.br\/?p=18412"},"modified":"2024-03-15T19:01:54","modified_gmt":"2024-03-15T22:01:54","slug":"acao-rapida-da-policia-civil-salva-vitima-de-tentativa-de-homicidio-em-balneario-camboriu-e-prende-autor-do-crime","status":"publish","type":"post","link":"https:\/\/pc.sc.gov.br\/?p=18412","title":{"rendered":"A\u00e7\u00e3o r\u00e1pida da Pol\u00edcia Civil salva v\u00edtima de tentativa de homic\u00eddio em Balne\u00e1rio Cambori\u00fa e prende autor do crime"},"content":{"rendered":"\t\t<div data-elementor-type=\"wp-post\" data-elementor-id=\"18412\" class=\"elementor elementor-18412\" data-elementor-post-type=\"post\">\n\t\t\t\t\t\t<section class=\"elementor-section elementor-top-section elementor-element elementor-element-306a089 elementor-section-boxed elementor-section-height-default elementor-section-height-default\" data-id=\"306a089\" data-element_type=\"section\">\n\t\t\t\t\t\t<div class=\"elementor-container elementor-column-gap-default\">\n\t\t\t\t\t<div class=\"elementor-column elementor-col-100 elementor-top-column elementor-element elementor-element-7357488\" data-id=\"7357488\" data-element_type=\"column\">\n\t\t\t<div class=\"elementor-widget-wrap elementor-element-populated\">\n\t\t\t\t\t\t<div class=\"elementor-element elementor-element-b594204 elementor-widget elementor-widget-heading\" data-id=\"b594204\" data-element_type=\"widget\" data-widget_type=\"heading.default\">\n\t\t\t\t<div class=\"elementor-widget-container\">\n\t\t\t\t\t<h2 class=\"elementor-heading-title elementor-size-default\">A\u00e7\u00e3o r\u00e1pida da Pol\u00edcia Civil salva v\u00edtima de tentativa de homic\u00eddio em Balne\u00e1rio Cambori\u00fa e prende autor do crime<\/h2>\t\t\t\t<\/div>\n\t\t\t\t<\/div>\n\t\t\t\t\t<\/div>\n\t\t<\/div>\n\t\t\t\t\t<\/div>\n\t\t<\/section>\n\t\t\t\t<section class=\"elementor-section elementor-top-section elementor-element elementor-element-9f6ceb7 elementor-section-boxed elementor-section-height-default elementor-section-height-default\" data-id=\"9f6ceb7\" data-element_type=\"section\">\n\t\t\t\t\t\t<div class=\"elementor-container elementor-column-gap-default\">\n\t\t\t\t\t<div class=\"elementor-column elementor-col-100 elementor-top-column elementor-element elementor-element-59c9a4a\" data-id=\"59c9a4a\" data-element_type=\"column\">\n\t\t\t<div class=\"elementor-widget-wrap elementor-element-populated\">\n\t\t\t\t\t\t<div class=\"elementor-element elementor-element-67287b7 elementor-widget elementor-widget-image\" data-id=\"67287b7\" data-element_type=\"widget\" data-widget_type=\"image.default\">\n\t\t\t\t<div class=\"elementor-widget-container\">\n\t\t\t\t\t\t\t\t\t\t\t\t\t\t\t<img fetchpriority=\"high\" decoding=\"async\" width=\"696\" height=\"659\" src=\"https:\/\/pc.sc.gov.br\/\/wp-content\/uploads\/2024\/03\/03adbdad-c04b-410f-b05b-5cc7c498d0f7-fotor-20240315184729.jpg\" class=\"attachment-large size-large wp-image-18407\" alt=\"\" srcset=\"https:\/\/pc.sc.gov.br\/\/wp-content\/uploads\/2024\/03\/03adbdad-c04b-410f-b05b-5cc7c498d0f7-fotor-20240315184729.jpg 720w, https:\/\/pc.sc.gov.br\/\/wp-content\/uploads\/2024\/03\/03adbdad-c04b-410f-b05b-5cc7c498d0f7-fotor-20240315184729-300x284.jpg 300w\" sizes=\"(max-width: 696px) 100vw, 696px\" \/>\t\t\t\t\t\t\t\t\t\t\t\t\t\t\t<\/div>\n\t\t\t\t<\/div>\n\t\t\t\t\t<\/div>\n\t\t<\/div>\n\t\t\t\t\t<\/div>\n\t\t<\/section>\n\t\t\t\t<section class=\"elementor-section elementor-top-section elementor-element elementor-element-05d834a elementor-section-boxed elementor-section-height-default elementor-section-height-default\" data-id=\"05d834a\" data-element_type=\"section\">\n\t\t\t\t\t\t<div class=\"elementor-container elementor-column-gap-default\">\n\t\t\t\t\t<div class=\"elementor-column elementor-col-100 elementor-top-column elementor-element elementor-element-a330b55\" data-id=\"a330b55\" data-element_type=\"column\">\n\t\t\t<div class=\"elementor-widget-wrap elementor-element-populated\">\n\t\t\t\t\t\t<div class=\"elementor-element elementor-element-a69e838 elementor-widget elementor-widget-text-editor\" data-id=\"a69e838\" data-element_type=\"widget\" data-widget_type=\"text-editor.default\">\n\t\t\t\t<div class=\"elementor-widget-container\">\n\t\t\t\t\t\t\t\t\t<p>Policiais civis que atuam na Divis\u00e3o de Investiga\u00e7\u00e3o Criminal (DIC) e SIC de Balne\u00e1rio Cambori\u00fa receberam a informa\u00e7\u00e3o no final da manh\u00e3 desta sexta-feira (15) que teria ocorrido um homic\u00eddio no interior de uma obra, localizada na regi\u00e3o central de Balne\u00e1rio Cambori\u00fa, em decorr\u00eancia de uma briga envolvendo dois homens. O autor do crime solicitou a um terceiro ajuda para ocultar o corpo, mas ele decidiu denunciar o crime \u00e0 Pol\u00edcia Civil.<\/p>\n<p>Os policiais foram ent\u00e3o at\u00e9 o local indicado pelo denunciante e encontraram, em um dos c\u00f4modos da obra, um homem dormindo, com alguns machucados no rosto. Ao ser interpelado o homem disse que havia brigado, mas que a outra pessoa havia deixado o local.<\/p>\n<p>No local, os policiais verificaram que nos fundos da obra havia um terreno com uma casa abandonada e perceberam vest\u00edgios de sangue em uma caixa da \u00e1gua virada para baixo, foram at\u00e9 esse terreno e ao analisar o ambiente, foi poss\u00edvel ouvir um barulho, ao levantar a caixa de \u00e1gua, que estava virada para baixo, foi encontrada a v\u00edtima que estava muito machucada e sem capacidade de comunica\u00e7\u00e3o, mas ainda com sinais vitais, imediatamente os policiais ligaram para os Bombeiros e para o SAMU que prestaram os primeiros socorros e levaram a v\u00edtima para o Hospital Marieta Konder, segundo a m\u00e9dica socorrista a v\u00edtima encontra-se inconsciente, mas est\u00e1vel.&nbsp;<\/p>\n<p>O autor do homic\u00eddio tentado foi preso em flagrante e durante o interrogat\u00f3rio confessou o crime, dizendo que na madrugada de hoje estavam bebendo na obra, tomaram cacha\u00e7a, discutiram e a v\u00edtima teria o agredido, esperou a v\u00edtima deitar na cama e dormir e ent\u00e3o pegou um martelo e golpeou por duas vezes a cabe\u00e7a da v\u00edtima, depois a carregou nas costas at\u00e9 o andar de cima da obra, tendo a jogado pela janela da obra no terreno dos fundos, desceu at\u00e9 o terreno e cobriu a v\u00edtima com a caixa da \u00e1gua. Disse que quando carregou a v\u00edtima, percebeu que ela ainda estava viva, inclusive quando a jogou pela janela, mas quando colocou a caixa da \u00e1gua em cima n\u00e3o soube dizer se ela ainda estava viva ou n\u00e3o. Depois, voltou para a obra, tomou banho, lavou o martelo e saiu da obra, andou um pouco at\u00e9 um mercado, jogou o martelo fora e voltou para a obra onde dormiu at\u00e9 a chegada dos policiais.<\/p>\n<p>O autor foi preso em flagrante pelo crime de homic\u00eddio qualificado pelo motivo f\u00fatil e pelo meio cruel na modalidade tentada e ap\u00f3s a lavratura do procedimento flagrancial foi conduzido ao sistema penitenci\u00e1rio, permanecendo \u00e0 disposi\u00e7\u00e3o da justi\u00e7a.<span style=\"color: var( --e-global-color-text ); font-family: var( --e-global-typography-primary-font-family ), Sans-serif; font-size: var( --e-global-typography-primary-font-size ); font-weight: var( --e-global-typography-primary-font-weight ); letter-spacing: var( --e-global-typography-primary-letter-spacing );\">&nbsp;<\/span><\/p>\t\t\t\t\t\t\t\t<\/div>\n\t\t\t\t<\/div>\n\t\t\t\t\t<\/div>\n\t\t<\/div>\n\t\t\t\t\t<\/div>\n\t\t<\/section>\n\t\t\t\t<\/div>\n\t\t","protected":false},"excerpt":{"rendered":"<p>A\u00e7\u00e3o r\u00e1pida da Pol\u00edcia Civil salva v\u00edtima de tentativa de homic\u00eddio em Balne\u00e1rio Cambori\u00fa e prende autor do crime Policiais civis que atuam na Divis\u00e3o de Investiga\u00e7\u00e3o Criminal (DIC) e SIC de Balne\u00e1rio Cambori\u00fa receberam a informa\u00e7\u00e3o no final da manh\u00e3 desta sexta-feira (15) que teria ocorrido um homic\u00eddio no interior de uma obra, localizada [&hellip;]<\/p>\n","protected":false},"author":5,"featured_media":18407,"comment_status":"closed","ping_status":"open","sticky":false,"template":"","format":"standard","meta":{"_monsterinsights_skip_tracking":false,"_monsterinsights_sitenote_active":false,"_monsterinsights_sitenote_note":"","_monsterinsights_sitenote_category":0,"footnotes":""},"categories":[1],"tags":[],"class_list":["post-18412","post","type-post","status-publish","format-standard","has-post-thumbnail","hentry","category-sem-categoria"],"_links":{"self":[{"href":"https:\/\/pc.sc.gov.br\/index.php?rest_route=\/wp\/v2\/posts\/18412","targetHints":{"allow":["GET"]}}],"collection":[{"href":"https:\/\/pc.sc.gov.br\/index.php?rest_route=\/wp\/v2\/posts"}],"about":[{"href":"https:\/\/pc.sc.gov.br\/index.php?rest_route=\/wp\/v2\/types\/post"}],"author":[{"embeddable":true,"href":"https:\/\/pc.sc.gov.br\/index.php?rest_route=\/wp\/v2\/users\/5"}],"replies":[{"embeddable":true,"href":"https:\/\/pc.sc.gov.br\/index.php?rest_route=%2Fwp%2Fv2%2Fcomments&post=18412"}],"version-history":[{"count":4,"href":"https:\/\/pc.sc.gov.br\/index.php?rest_route=\/wp\/v2\/posts\/18412\/revisions"}],"predecessor-version":[{"id":18416,"href":"https:\/\/pc.sc.gov.br\/index.php?rest_route=\/wp\/v2\/posts\/18412\/revisions\/18416"}],"wp:featuredmedia":[{"embeddable":true,"href":"https:\/\/pc.sc.gov.br\/index.php?rest_route=\/wp\/v2\/media\/18407"}],"wp:attachment":[{"href":"https:\/\/pc.sc.gov.br\/index.php?rest_route=%2Fwp%2Fv2%2Fmedia&parent=18412"}],"wp:term":[{"taxonomy":"category","embeddable":true,"href":"https:\/\/pc.sc.gov.br\/index.php?rest_route=%2Fwp%2Fv2%2Fcategories&post=18412"},{"taxonomy":"post_tag","embeddable":true,"href":"https:\/\/pc.sc.gov.br\/index.php?rest_route=%2Fwp%2Fv2%2Ftags&post=18412"}],"curies":[{"name":"wp","href":"https:\/\/api.w.org\/{rel}","templated":true}]}}