{"id":18418,"date":"2024-03-18T13:00:42","date_gmt":"2024-03-18T16:00:42","guid":{"rendered":"https:\/\/pc.sc.gov.br\/?p=18418"},"modified":"2024-03-18T13:02:21","modified_gmt":"2024-03-18T16:02:21","slug":"policia-civil-prende-homem-em-flagrante-por-maus-tratos-a-caes-da-raca-pitbull-na-capital","status":"publish","type":"post","link":"https:\/\/pc.sc.gov.br\/?p=18418","title":{"rendered":"Pol\u00edcia Civil prende homem em flagrante por maus-tratos a c\u00e3es da ra\u00e7a pitbull na Capital"},"content":{"rendered":"\t\t<div data-elementor-type=\"wp-post\" data-elementor-id=\"18418\" class=\"elementor elementor-18418\" data-elementor-post-type=\"post\">\n\t\t\t\t\t\t<section class=\"elementor-section elementor-top-section elementor-element elementor-element-5c7c945 elementor-section-boxed elementor-section-height-default elementor-section-height-default\" data-id=\"5c7c945\" data-element_type=\"section\">\n\t\t\t\t\t\t<div class=\"elementor-container elementor-column-gap-default\">\n\t\t\t\t\t<div class=\"elementor-column elementor-col-100 elementor-top-column elementor-element elementor-element-f50da9b\" data-id=\"f50da9b\" data-element_type=\"column\">\n\t\t\t<div class=\"elementor-widget-wrap elementor-element-populated\">\n\t\t\t\t\t\t<div class=\"elementor-element elementor-element-58c1a3b elementor-widget elementor-widget-heading\" data-id=\"58c1a3b\" data-element_type=\"widget\" data-widget_type=\"heading.default\">\n\t\t\t\t<div class=\"elementor-widget-container\">\n\t\t\t\t\t<h2 class=\"elementor-heading-title elementor-size-default\">Pol\u00edcia Civil prende homem em flagrante por maus-tratos a c\u00e3es da ra\u00e7a pitbull na Capital<\/h2>\t\t\t\t<\/div>\n\t\t\t\t<\/div>\n\t\t\t\t\t<\/div>\n\t\t<\/div>\n\t\t\t\t\t<\/div>\n\t\t<\/section>\n\t\t\t\t<section class=\"elementor-section elementor-top-section elementor-element elementor-element-353ce7e elementor-section-boxed elementor-section-height-default elementor-section-height-default\" data-id=\"353ce7e\" data-element_type=\"section\">\n\t\t\t\t\t\t<div class=\"elementor-container elementor-column-gap-default\">\n\t\t\t\t\t<div class=\"elementor-column elementor-col-100 elementor-top-column elementor-element elementor-element-bf2ce42\" data-id=\"bf2ce42\" data-element_type=\"column\">\n\t\t\t<div class=\"elementor-widget-wrap elementor-element-populated\">\n\t\t\t\t\t\t<div class=\"elementor-element elementor-element-63512b8 elementor-widget elementor-widget-image\" data-id=\"63512b8\" data-element_type=\"widget\" data-widget_type=\"image.default\">\n\t\t\t\t<div class=\"elementor-widget-container\">\n\t\t\t\t\t\t\t\t\t\t\t\t\t\t\t<img fetchpriority=\"high\" decoding=\"async\" width=\"576\" height=\"1024\" src=\"https:\/\/pc.sc.gov.br\/\/wp-content\/uploads\/2024\/03\/WhatsApp-Image-2024-03-15-at-19.09.19-576x1024.jpeg\" class=\"attachment-large size-large wp-image-18419\" alt=\"\" srcset=\"https:\/\/pc.sc.gov.br\/\/wp-content\/uploads\/2024\/03\/WhatsApp-Image-2024-03-15-at-19.09.19-576x1024.jpeg 576w, https:\/\/pc.sc.gov.br\/\/wp-content\/uploads\/2024\/03\/WhatsApp-Image-2024-03-15-at-19.09.19-169x300.jpeg 169w, https:\/\/pc.sc.gov.br\/\/wp-content\/uploads\/2024\/03\/WhatsApp-Image-2024-03-15-at-19.09.19.jpeg 720w\" sizes=\"(max-width: 576px) 100vw, 576px\" \/>\t\t\t\t\t\t\t\t\t\t\t\t\t\t\t<\/div>\n\t\t\t\t<\/div>\n\t\t\t\t\t<\/div>\n\t\t<\/div>\n\t\t\t\t\t<\/div>\n\t\t<\/section>\n\t\t\t\t<section class=\"elementor-section elementor-top-section elementor-element elementor-element-1d38637 elementor-section-boxed elementor-section-height-default elementor-section-height-default\" data-id=\"1d38637\" data-element_type=\"section\">\n\t\t\t\t\t\t<div class=\"elementor-container elementor-column-gap-default\">\n\t\t\t\t\t<div class=\"elementor-column elementor-col-100 elementor-top-column elementor-element elementor-element-b4cc667\" data-id=\"b4cc667\" data-element_type=\"column\">\n\t\t\t<div class=\"elementor-widget-wrap elementor-element-populated\">\n\t\t\t\t\t\t<div class=\"elementor-element elementor-element-f4f97d3 elementor-widget elementor-widget-text-editor\" data-id=\"f4f97d3\" data-element_type=\"widget\" data-widget_type=\"text-editor.default\">\n\t\t\t\t<div class=\"elementor-widget-container\">\n\t\t\t\t\t\t\t\t\t<p>Na sexta-feira (18), a Pol\u00edcia Civil de Santa Catarina, por meio da Delegacia de Prote\u00e7\u00e3o a Animais Dom\u00e9sticos do Departamento de Investiga\u00e7\u00e3o Criminal da Capital (DPA\/DIC), em opera\u00e7\u00e3o conjunta com a Diretoria de Bem-Estar Animal &#8211; DIBEA da Capital prenderam em flagrante um homem pelo crime de maus-tratos qualificado contra c\u00e3es da ra\u00e7a pitbull, em Florian\u00f3polis.<\/p><p>As den\u00fancias mencionavam que uma f\u00eamea da ra\u00e7a pitbull e quatro filhotes eram mantidos em p\u00e9ssimas condi\u00e7\u00f5es de abrigo, salubridade e sa\u00fade, bem como a f\u00eamea ficava presa em corrente curta e n\u00e3o era castrada, conforme determina a Lei Estadual n\u00ba 14.204\/2007.<\/p><p>A Diretoria de Bem-Estar Animal &#8211; DIBEA da Capital iniciou acompanhamento do caso e, em que pese quatro notifica\u00e7\u00f5es realizadas, inclusive com Termo de Ajustamento de Conduta &#8211; TAC, o tutor n\u00e3o atendia \u00e0s determina\u00e7\u00f5es do \u00f3rg\u00e3o municipal.<\/p><p>Dessa forma, as equipes da DPA e da DIBEA retornaram ao local, constatando que o tutor manteve-se inerte com rela\u00e7\u00e3o ao bem-estar dos animais. A f\u00eamea, inclusive, apresentava escore corporal muito baixo (n\u00edvel 2) e o homem n\u00e3o a levava para atendimento m\u00e9dico-veterin\u00e1rio, ainda que disponibilizado de forma gratuita no \u00f3rg\u00e3o municipal. O respons\u00e1vel foi preso em flagrante pelo crime de maus-tratos qualificado a animais.<\/p><p>Os c\u00e3es foram resgatados pela Diretoria de Bem-Estar Animal &#8211;\u00a0 DIBEA da Capital, onde receber\u00e3o atendimento at\u00e9 a finaliza\u00e7\u00e3o dos tr\u00e2mites para ado\u00e7\u00e3o respons\u00e1vel. Formalizado o procedimento criminal na Central de Plant\u00e3o Policial da Capital, o preso permaneceu \u00e0 disposi\u00e7\u00e3o do Poder Judici\u00e1rio.<\/p>\t\t\t\t\t\t\t\t<\/div>\n\t\t\t\t<\/div>\n\t\t\t\t\t<\/div>\n\t\t<\/div>\n\t\t\t\t\t<\/div>\n\t\t<\/section>\n\t\t\t\t<section class=\"elementor-section elementor-top-section elementor-element elementor-element-fe222ca elementor-section-boxed elementor-section-height-default elementor-section-height-default\" data-id=\"fe222ca\" data-element_type=\"section\">\n\t\t\t\t\t\t<div class=\"elementor-container elementor-column-gap-default\">\n\t\t\t\t\t<div class=\"elementor-column elementor-col-100 elementor-top-column elementor-element elementor-element-acb1c84\" data-id=\"acb1c84\" data-element_type=\"column\">\n\t\t\t<div class=\"elementor-widget-wrap elementor-element-populated\">\n\t\t\t\t\t\t<div class=\"elementor-element elementor-element-825b153 elementor-widget elementor-widget-image\" data-id=\"825b153\" data-element_type=\"widget\" data-widget_type=\"image.default\">\n\t\t\t\t<div class=\"elementor-widget-container\">\n\t\t\t\t\t\t\t\t\t\t\t\t\t\t\t<img decoding=\"async\" width=\"696\" height=\"392\" src=\"https:\/\/pc.sc.gov.br\/\/wp-content\/uploads\/2024\/03\/WhatsApp-Image-2024-03-15-at-19.09.19-1-1024x576.jpeg\" class=\"attachment-large size-large wp-image-18421\" alt=\"\" srcset=\"https:\/\/pc.sc.gov.br\/\/wp-content\/uploads\/2024\/03\/WhatsApp-Image-2024-03-15-at-19.09.19-1-1024x576.jpeg 1024w, https:\/\/pc.sc.gov.br\/\/wp-content\/uploads\/2024\/03\/WhatsApp-Image-2024-03-15-at-19.09.19-1-300x169.jpeg 300w, https:\/\/pc.sc.gov.br\/\/wp-content\/uploads\/2024\/03\/WhatsApp-Image-2024-03-15-at-19.09.19-1-768x432.jpeg 768w, https:\/\/pc.sc.gov.br\/\/wp-content\/uploads\/2024\/03\/WhatsApp-Image-2024-03-15-at-19.09.19-1.jpeg 1280w\" sizes=\"(max-width: 696px) 100vw, 696px\" \/>\t\t\t\t\t\t\t\t\t\t\t\t\t\t\t<\/div>\n\t\t\t\t<\/div>\n\t\t\t\t\t<\/div>\n\t\t<\/div>\n\t\t\t\t\t<\/div>\n\t\t<\/section>\n\t\t\t\t<\/div>\n\t\t","protected":false},"excerpt":{"rendered":"<p>Pol\u00edcia Civil prende homem em flagrante por maus-tratos a c\u00e3es da ra\u00e7a pitbull na Capital Na sexta-feira (18), a Pol\u00edcia Civil de Santa Catarina, por meio da Delegacia de Prote\u00e7\u00e3o a Animais Dom\u00e9sticos do Departamento de Investiga\u00e7\u00e3o Criminal da Capital (DPA\/DIC), em opera\u00e7\u00e3o conjunta com a Diretoria de Bem-Estar Animal &#8211; DIBEA da Capital prenderam [&hellip;]<\/p>\n","protected":false},"author":5,"featured_media":18419,"comment_status":"closed","ping_status":"open","sticky":false,"template":"","format":"standard","meta":{"_monsterinsights_skip_tracking":false,"_monsterinsights_sitenote_active":false,"_monsterinsights_sitenote_note":"","_monsterinsights_sitenote_category":0,"footnotes":""},"categories":[1],"tags":[],"class_list":["post-18418","post","type-post","status-publish","format-standard","has-post-thumbnail","hentry","category-sem-categoria"],"_links":{"self":[{"href":"https:\/\/pc.sc.gov.br\/index.php?rest_route=\/wp\/v2\/posts\/18418","targetHints":{"allow":["GET"]}}],"collection":[{"href":"https:\/\/pc.sc.gov.br\/index.php?rest_route=\/wp\/v2\/posts"}],"about":[{"href":"https:\/\/pc.sc.gov.br\/index.php?rest_route=\/wp\/v2\/types\/post"}],"author":[{"embeddable":true,"href":"https:\/\/pc.sc.gov.br\/index.php?rest_route=\/wp\/v2\/users\/5"}],"replies":[{"embeddable":true,"href":"https:\/\/pc.sc.gov.br\/index.php?rest_route=%2Fwp%2Fv2%2Fcomments&post=18418"}],"version-history":[{"count":4,"href":"https:\/\/pc.sc.gov.br\/index.php?rest_route=\/wp\/v2\/posts\/18418\/revisions"}],"predecessor-version":[{"id":18424,"href":"https:\/\/pc.sc.gov.br\/index.php?rest_route=\/wp\/v2\/posts\/18418\/revisions\/18424"}],"wp:featuredmedia":[{"embeddable":true,"href":"https:\/\/pc.sc.gov.br\/index.php?rest_route=\/wp\/v2\/media\/18419"}],"wp:attachment":[{"href":"https:\/\/pc.sc.gov.br\/index.php?rest_route=%2Fwp%2Fv2%2Fmedia&parent=18418"}],"wp:term":[{"taxonomy":"category","embeddable":true,"href":"https:\/\/pc.sc.gov.br\/index.php?rest_route=%2Fwp%2Fv2%2Fcategories&post=18418"},{"taxonomy":"post_tag","embeddable":true,"href":"https:\/\/pc.sc.gov.br\/index.php?rest_route=%2Fwp%2Fv2%2Ftags&post=18418"}],"curies":[{"name":"wp","href":"https:\/\/api.w.org\/{rel}","templated":true}]}}