{"id":18425,"date":"2024-03-18T17:09:54","date_gmt":"2024-03-18T20:09:54","guid":{"rendered":"https:\/\/pc.sc.gov.br\/?p=18425"},"modified":"2024-03-18T17:41:35","modified_gmt":"2024-03-18T20:41:35","slug":"forcas-de-seguranca-de-sc-divulgam-acoes-realizadas-para-esclarecer-incendio-a-caminhao-de-coleta-de-lixo-na-capital","status":"publish","type":"post","link":"https:\/\/pc.sc.gov.br\/?p=18425","title":{"rendered":"For\u00e7as de seguran\u00e7a de SC divulgam a\u00e7\u00f5es realizadas para esclarecer inc\u00eandio a caminh\u00e3o de coleta de lixo na Capital"},"content":{"rendered":"\t\t<div data-elementor-type=\"wp-post\" data-elementor-id=\"18425\" class=\"elementor elementor-18425\" data-elementor-post-type=\"post\">\n\t\t\t\t\t\t<section class=\"elementor-section elementor-top-section elementor-element elementor-element-45a1024 elementor-section-boxed elementor-section-height-default elementor-section-height-default\" data-id=\"45a1024\" data-element_type=\"section\">\n\t\t\t\t\t\t<div class=\"elementor-container elementor-column-gap-default\">\n\t\t\t\t\t<div class=\"elementor-column elementor-col-100 elementor-top-column elementor-element elementor-element-2efea03\" data-id=\"2efea03\" data-element_type=\"column\">\n\t\t\t<div class=\"elementor-widget-wrap elementor-element-populated\">\n\t\t\t\t\t\t<div class=\"elementor-element elementor-element-9e374c0 elementor-widget elementor-widget-heading\" data-id=\"9e374c0\" data-element_type=\"widget\" data-widget_type=\"heading.default\">\n\t\t\t\t<div class=\"elementor-widget-container\">\n\t\t\t\t\t<h2 class=\"elementor-heading-title elementor-size-default\">For\u00e7as de seguran\u00e7a de SC divulgam a\u00e7\u00f5es realizadas para esclarecer inc\u00eandio a caminh\u00e3o de coleta de lixo na Capital<\/h2>\t\t\t\t<\/div>\n\t\t\t\t<\/div>\n\t\t\t\t\t<\/div>\n\t\t<\/div>\n\t\t\t\t\t<\/div>\n\t\t<\/section>\n\t\t\t\t<section class=\"elementor-section elementor-top-section elementor-element elementor-element-45556e2 elementor-section-boxed elementor-section-height-default elementor-section-height-default\" data-id=\"45556e2\" data-element_type=\"section\">\n\t\t\t\t\t\t<div class=\"elementor-container elementor-column-gap-default\">\n\t\t\t\t\t<div class=\"elementor-column elementor-col-100 elementor-top-column elementor-element elementor-element-00040b1\" data-id=\"00040b1\" data-element_type=\"column\">\n\t\t\t<div class=\"elementor-widget-wrap elementor-element-populated\">\n\t\t\t\t\t\t<div class=\"elementor-element elementor-element-964fbee elementor-widget elementor-widget-image\" data-id=\"964fbee\" data-element_type=\"widget\" data-widget_type=\"image.default\">\n\t\t\t\t<div class=\"elementor-widget-container\">\n\t\t\t\t\t\t\t\t\t\t\t\t\t\t\t<img fetchpriority=\"high\" decoding=\"async\" width=\"696\" height=\"464\" src=\"https:\/\/pc.sc.gov.br\/\/wp-content\/uploads\/2024\/03\/WhatsApp-Image-2024-03-18-at-16.36.25-1024x682.jpeg\" class=\"attachment-large size-large wp-image-18426\" alt=\"\" srcset=\"https:\/\/pc.sc.gov.br\/\/wp-content\/uploads\/2024\/03\/WhatsApp-Image-2024-03-18-at-16.36.25-1024x682.jpeg 1024w, https:\/\/pc.sc.gov.br\/\/wp-content\/uploads\/2024\/03\/WhatsApp-Image-2024-03-18-at-16.36.25-300x200.jpeg 300w, https:\/\/pc.sc.gov.br\/\/wp-content\/uploads\/2024\/03\/WhatsApp-Image-2024-03-18-at-16.36.25-768x512.jpeg 768w, https:\/\/pc.sc.gov.br\/\/wp-content\/uploads\/2024\/03\/WhatsApp-Image-2024-03-18-at-16.36.25-1536x1024.jpeg 1536w, https:\/\/pc.sc.gov.br\/\/wp-content\/uploads\/2024\/03\/WhatsApp-Image-2024-03-18-at-16.36.25-2048x1365.jpeg 2048w\" sizes=\"(max-width: 696px) 100vw, 696px\" \/>\t\t\t\t\t\t\t\t\t\t\t\t\t\t\t<\/div>\n\t\t\t\t<\/div>\n\t\t\t\t\t<\/div>\n\t\t<\/div>\n\t\t\t\t\t<\/div>\n\t\t<\/section>\n\t\t\t\t<section class=\"elementor-section elementor-top-section elementor-element elementor-element-f2b8144 elementor-section-boxed elementor-section-height-default elementor-section-height-default\" data-id=\"f2b8144\" data-element_type=\"section\">\n\t\t\t\t\t\t<div class=\"elementor-container elementor-column-gap-default\">\n\t\t\t\t\t<div class=\"elementor-column elementor-col-100 elementor-top-column elementor-element elementor-element-b5264e1\" data-id=\"b5264e1\" data-element_type=\"column\">\n\t\t\t<div class=\"elementor-widget-wrap elementor-element-populated\">\n\t\t\t\t\t\t<div class=\"elementor-element elementor-element-2f193f9 elementor-widget elementor-widget-text-editor\" data-id=\"2f193f9\" data-element_type=\"widget\" data-widget_type=\"text-editor.default\">\n\t\t\t\t<div class=\"elementor-widget-container\">\n\t\t\t\t\t\t\t\t\t<p>As for\u00e7as de seguran\u00e7a do estado de Santa Catarina apresentaram nesta segunda-feira (18) um balan\u00e7o das a\u00e7\u00f5es realizadas, at\u00e9 o momento, para elucidar e responsabilizar os autores do inc\u00eandio criminoso a um caminh\u00e3o de coleta de lixo, na noite da ter\u00e7a-feira (12), ocorrido no bairro Jurer\u00ea internacional.&nbsp;<\/p>\n<p>Participaram da coletiva a Diretora de Pol\u00edcia da Grande Florian\u00f3polis (DPGF), delegada Michele Alves Correia Rebelo; o titular da 7\u00aa DP da Capital, delegado Verdi Furlanetto;&nbsp; o Comandante da 1\u00aaCRPM, Coronel Dante Chiereguini da PMSC; o Tenente Franco Bressan do Corpo de Bombeiros Militar e o Superintendente Regional em Florian\u00f3polis da PCI, perito Cassiano Fachinello Bremm.<\/p>\n<p>Na manh\u00e3 desta segunda-feira (18), a Pol\u00edcia Civil de Santa Catarina, por meio da 7\u00aa DP da Capital, cumpriu quatro mandados de busca e apreens\u00e3o &#8211; tr\u00eas em Florian\u00f3polis e um em Palho\u00e7a -, em resid\u00eancias de pessoas ligadas ao Sindicato dos Trabalhadores no Servi\u00e7o P\u00fablico Municipal (Sintrasem). Foram recolhidos equipamentos eletr\u00f4nicos cuja quebra de sigilo telem\u00e1tico j\u00e1 est\u00e1 autorizada pelo poder judici\u00e1rio e Minist\u00e9rio P\u00fablico.<\/p>\n<p>O delegado Verdi Furlanetto, que est\u00e1 \u00e0 frente das investiga\u00e7\u00f5es, disse que desde os primeiros minutos ap\u00f3s o fato, os policiais civis que atuam na 7\u00aa DP da Capital est\u00e3o atuando nas investiga\u00e7\u00f5es. Ele relatou que, conforme depoimento das duas v\u00edtimas, que estavam no caminh\u00e3o, os criminosos estavam armados e, ap\u00f3s render o motorista e um coletor, jogaram um gal\u00e3o de combust\u00edvel a atearam fogo.&nbsp;<\/p>\n<p>Verdi disse ainda que t\u00e3o logo foi poss\u00edvel identificar o ve\u00edculo, foi confirmado que o carro estava naquele per\u00edodo locado pela entidade sindical. Com aux\u00edlio de c\u00e2meras de monitoramento, est\u00e1 sendo tra\u00e7ado o trajeto do ve\u00edculo at\u00e9 sua rota de fuga. O delegado ressaltou ainda que trata-se de um caso complexo porque \u00e9 preciso mostrar a liga\u00e7\u00e3o entre as pessoas e os fatos. Com a apreens\u00e3o de dispositivos eletr\u00f4nicos entramos numa segunda fase da investiga\u00e7\u00e3o\u201d, afirmou.&nbsp;<\/p>\n<p>O Coronel Dante Chiereguini, da Pol\u00edcia Militar de Santa Catarina (PMSC), enfatizou que a Intelig\u00eancia da PMSC atuou junto \u00e0 comunidade do bairro vistoriando as c\u00e2meras de vigil\u00e2ncia, identificando dessa forma o ve\u00edculo usado pelas pessoas que cometeram o ato criminoso e depois fugiram.&nbsp;&nbsp;<\/p>\n<p><span style=\"font-family: var( --e-global-typography-primary-font-family ), Sans-serif; font-size: var( --e-global-typography-primary-font-size ); font-weight: var( --e-global-typography-primary-font-weight ); letter-spacing: var( --e-global-typography-primary-letter-spacing );\">O perito-superintendente Regional em Florian\u00f3polis, Cassiano Fachinello Bremm informou que a Pol\u00edcia Cient\u00edfica esteve no local do crime para levantar vest\u00edgios e ind\u00edcios e que o ve\u00edculo usado para o cometimento do ato j\u00e1 foi periciado. Ap\u00f3s conclu\u00eddos, os laudos periciais ser\u00e3o remetidos \u00e0 Pol\u00edcia Civil.&nbsp;<\/span><span style=\"font-family: var( --e-global-typography-primary-font-family ), Sans-serif; font-size: var( --e-global-typography-primary-font-size ); font-weight: var( --e-global-typography-primary-font-weight ); letter-spacing: var( --e-global-typography-primary-letter-spacing );\">Cassiano Fachinello Bremm informou que a Pol\u00edcia Cient\u00edfica esteve no local do crime para levantar vest\u00edgios e ind\u00edcios e que o ve\u00edculo usado para o cometimento do ato j\u00e1 foi periciado. Ap\u00f3s conclu\u00eddos, os laudos periciais ser\u00e3o remetidos \u00e0 Pol\u00edcia Civil.<\/span><span style=\"font-family: var( --e-global-typography-primary-font-family ), Sans-serif; font-size: var( --e-global-typography-primary-font-size ); font-weight: var( --e-global-typography-primary-font-weight ); letter-spacing: var( --e-global-typography-primary-letter-spacing ); color: var( --e-global-color-text );\">&nbsp;<\/span><br><\/p>\t\t\t\t\t\t\t\t<\/div>\n\t\t\t\t<\/div>\n\t\t\t\t\t<\/div>\n\t\t<\/div>\n\t\t\t\t\t<\/div>\n\t\t<\/section>\n\t\t\t\t<\/div>\n\t\t","protected":false},"excerpt":{"rendered":"<p>For\u00e7as de seguran\u00e7a de SC divulgam a\u00e7\u00f5es realizadas para esclarecer inc\u00eandio a caminh\u00e3o de coleta de lixo na Capital As for\u00e7as de seguran\u00e7a do estado de Santa Catarina apresentaram nesta segunda-feira (18) um balan\u00e7o das a\u00e7\u00f5es realizadas, at\u00e9 o momento, para elucidar e responsabilizar os autores do inc\u00eandio criminoso a um caminh\u00e3o de coleta de [&hellip;]<\/p>\n","protected":false},"author":5,"featured_media":18426,"comment_status":"closed","ping_status":"open","sticky":false,"template":"","format":"standard","meta":{"_monsterinsights_skip_tracking":false,"_monsterinsights_sitenote_active":false,"_monsterinsights_sitenote_note":"","_monsterinsights_sitenote_category":0,"footnotes":""},"categories":[1],"tags":[],"class_list":["post-18425","post","type-post","status-publish","format-standard","has-post-thumbnail","hentry","category-sem-categoria"],"_links":{"self":[{"href":"https:\/\/pc.sc.gov.br\/index.php?rest_route=\/wp\/v2\/posts\/18425","targetHints":{"allow":["GET"]}}],"collection":[{"href":"https:\/\/pc.sc.gov.br\/index.php?rest_route=\/wp\/v2\/posts"}],"about":[{"href":"https:\/\/pc.sc.gov.br\/index.php?rest_route=\/wp\/v2\/types\/post"}],"author":[{"embeddable":true,"href":"https:\/\/pc.sc.gov.br\/index.php?rest_route=\/wp\/v2\/users\/5"}],"replies":[{"embeddable":true,"href":"https:\/\/pc.sc.gov.br\/index.php?rest_route=%2Fwp%2Fv2%2Fcomments&post=18425"}],"version-history":[{"count":10,"href":"https:\/\/pc.sc.gov.br\/index.php?rest_route=\/wp\/v2\/posts\/18425\/revisions"}],"predecessor-version":[{"id":18440,"href":"https:\/\/pc.sc.gov.br\/index.php?rest_route=\/wp\/v2\/posts\/18425\/revisions\/18440"}],"wp:featuredmedia":[{"embeddable":true,"href":"https:\/\/pc.sc.gov.br\/index.php?rest_route=\/wp\/v2\/media\/18426"}],"wp:attachment":[{"href":"https:\/\/pc.sc.gov.br\/index.php?rest_route=%2Fwp%2Fv2%2Fmedia&parent=18425"}],"wp:term":[{"taxonomy":"category","embeddable":true,"href":"https:\/\/pc.sc.gov.br\/index.php?rest_route=%2Fwp%2Fv2%2Fcategories&post=18425"},{"taxonomy":"post_tag","embeddable":true,"href":"https:\/\/pc.sc.gov.br\/index.php?rest_route=%2Fwp%2Fv2%2Ftags&post=18425"}],"curies":[{"name":"wp","href":"https:\/\/api.w.org\/{rel}","templated":true}]}}