{"id":18448,"date":"2024-03-19T14:51:32","date_gmt":"2024-03-19T17:51:32","guid":{"rendered":"https:\/\/pc.sc.gov.br\/?p=18448"},"modified":"2024-03-19T14:53:00","modified_gmt":"2024-03-19T17:53:00","slug":"policia-civil-recupera-equipamentos-musicais-supostamente-furtados-no-aeroporto-de-florianopolis","status":"publish","type":"post","link":"https:\/\/pc.sc.gov.br\/?p=18448","title":{"rendered":"Pol\u00edcia Civil recupera equipamentos musicais supostamente furtados no Aeroporto de Florian\u00f3polis"},"content":{"rendered":"\t\t<div data-elementor-type=\"wp-post\" data-elementor-id=\"18448\" class=\"elementor elementor-18448\" data-elementor-post-type=\"post\">\n\t\t\t\t\t\t<section class=\"elementor-section elementor-top-section elementor-element elementor-element-44bed2d elementor-section-boxed elementor-section-height-default elementor-section-height-default\" data-id=\"44bed2d\" data-element_type=\"section\">\n\t\t\t\t\t\t<div class=\"elementor-container elementor-column-gap-default\">\n\t\t\t\t\t<div class=\"elementor-column elementor-col-100 elementor-top-column elementor-element elementor-element-03d3a99\" data-id=\"03d3a99\" data-element_type=\"column\">\n\t\t\t<div class=\"elementor-widget-wrap elementor-element-populated\">\n\t\t\t\t\t\t<div class=\"elementor-element elementor-element-f5792d4 elementor-widget elementor-widget-heading\" data-id=\"f5792d4\" data-element_type=\"widget\" data-widget_type=\"heading.default\">\n\t\t\t\t<div class=\"elementor-widget-container\">\n\t\t\t\t\t<h2 class=\"elementor-heading-title elementor-size-default\">Pol\u00edcia Civil recupera equipamentos musicais supostamente furtados no Aeroporto de Florian\u00f3polis<\/h2>\t\t\t\t<\/div>\n\t\t\t\t<\/div>\n\t\t\t\t\t<\/div>\n\t\t<\/div>\n\t\t\t\t\t<\/div>\n\t\t<\/section>\n\t\t\t\t<section class=\"elementor-section elementor-top-section elementor-element elementor-element-4e25942 elementor-section-boxed elementor-section-height-default elementor-section-height-default\" data-id=\"4e25942\" data-element_type=\"section\">\n\t\t\t\t\t\t<div class=\"elementor-container elementor-column-gap-default\">\n\t\t\t\t\t<div class=\"elementor-column elementor-col-100 elementor-top-column elementor-element elementor-element-6a23091\" data-id=\"6a23091\" data-element_type=\"column\">\n\t\t\t<div class=\"elementor-widget-wrap elementor-element-populated\">\n\t\t\t\t\t\t<div class=\"elementor-element elementor-element-edf59f5 elementor-widget elementor-widget-image\" data-id=\"edf59f5\" data-element_type=\"widget\" data-widget_type=\"image.default\">\n\t\t\t\t<div class=\"elementor-widget-container\">\n\t\t\t\t\t\t\t\t\t\t\t\t\t\t\t<img fetchpriority=\"high\" decoding=\"async\" width=\"696\" height=\"580\" src=\"https:\/\/pc.sc.gov.br\/\/wp-content\/uploads\/2024\/03\/a36da216-9891-43bf-931c-1e83b68ea0ec-fotor-2024031914483.jpg\" class=\"attachment-large size-large wp-image-18449\" alt=\"\" srcset=\"https:\/\/pc.sc.gov.br\/\/wp-content\/uploads\/2024\/03\/a36da216-9891-43bf-931c-1e83b68ea0ec-fotor-2024031914483.jpg 957w, https:\/\/pc.sc.gov.br\/\/wp-content\/uploads\/2024\/03\/a36da216-9891-43bf-931c-1e83b68ea0ec-fotor-2024031914483-300x250.jpg 300w, https:\/\/pc.sc.gov.br\/\/wp-content\/uploads\/2024\/03\/a36da216-9891-43bf-931c-1e83b68ea0ec-fotor-2024031914483-768x640.jpg 768w\" sizes=\"(max-width: 696px) 100vw, 696px\" \/>\t\t\t\t\t\t\t\t\t\t\t\t\t\t\t<\/div>\n\t\t\t\t<\/div>\n\t\t\t\t\t<\/div>\n\t\t<\/div>\n\t\t\t\t\t<\/div>\n\t\t<\/section>\n\t\t\t\t<section class=\"elementor-section elementor-top-section elementor-element elementor-element-980a3dd elementor-section-boxed elementor-section-height-default elementor-section-height-default\" data-id=\"980a3dd\" data-element_type=\"section\">\n\t\t\t\t\t\t<div class=\"elementor-container elementor-column-gap-default\">\n\t\t\t\t\t<div class=\"elementor-column elementor-col-100 elementor-top-column elementor-element elementor-element-8e0a826\" data-id=\"8e0a826\" data-element_type=\"column\">\n\t\t\t<div class=\"elementor-widget-wrap elementor-element-populated\">\n\t\t\t\t\t\t<div class=\"elementor-element elementor-element-1e1ffb7 elementor-widget elementor-widget-text-editor\" data-id=\"1e1ffb7\" data-element_type=\"widget\" data-widget_type=\"text-editor.default\">\n\t\t\t\t<div class=\"elementor-widget-container\">\n\t\t\t\t\t\t\t\t\t<p>A Pol\u00edcia Civil de Santa Catarina, por meio da Delegacia de Prote\u00e7\u00e3o ao Turista (DPTUR) e da 2\u00aa Delegacia de Pol\u00edcia da Capital, deu cumprimento a mandado de busca e apreens\u00e3o na manh\u00e3 desta ter\u00e7a-feira (19), em Florian\u00f3polis.<\/p>\n<p>A opera\u00e7\u00e3o \u00e9 fruto de investiga\u00e7\u00e3o da DPTUR a respeito de supostos furtos em bagagens cometidos no Aeroporto de Florian\u00f3polis. Dentre os objetos localizados, foram apreendidos equipamentos musicais profissionais, avaliados em cerca de R$ 20 mil.<\/p>\n<p><b>O Caso<\/b><\/p>\n<p>A investiga\u00e7\u00e3o se iniciou no m\u00eas de fevereiro de 2024, ap\u00f3s relatos de equipes de m\u00fasicos, expoentes no cen\u00e1rio nacional, que realizaram shows em Santa Catarina no m\u00eas de janeiro deste ano. O ponto em comum entre tais furtos era o aeroporto de partida, em Florian\u00f3polis.<\/p>\n<p>Assim, ap\u00f3s a identifica\u00e7\u00e3o do suposto autor e do poss\u00edvel paradeiro dos equipamentos, a Delegacia de Prote\u00e7\u00e3o ao Turista representou pela expedi\u00e7\u00e3o de mandado de busca e apreens\u00e3o. Cumprido nesta ter\u00e7a-feira (19), grande parte dos equipamentos foi recuperada, al\u00e9m de outros objetos sem origem comprovada e que podem ter rela\u00e7\u00e3o com furtos em bagagem.<\/p>\n<p>A investiga\u00e7\u00e3o prossegue quanto aos outros objetos e \u00e0 identifica\u00e7\u00e3o completa de poss\u00edveis v\u00edtimas dos delitos mencionados. Os objetos ainda est\u00e3o sendo avaliados, e o valor total poder\u00e1 sofrer altera\u00e7\u00f5es.<span style=\"color: var( --e-global-color-text ); font-family: var( --e-global-typography-primary-font-family ), Sans-serif; font-size: var( --e-global-typography-primary-font-size ); font-weight: var( --e-global-typography-primary-font-weight ); letter-spacing: var( --e-global-typography-primary-letter-spacing );\">&nbsp;<\/span><\/p>\t\t\t\t\t\t\t\t<\/div>\n\t\t\t\t<\/div>\n\t\t\t\t\t<\/div>\n\t\t<\/div>\n\t\t\t\t\t<\/div>\n\t\t<\/section>\n\t\t\t\t<\/div>\n\t\t","protected":false},"excerpt":{"rendered":"<p>Pol\u00edcia Civil recupera equipamentos musicais supostamente furtados no Aeroporto de Florian\u00f3polis A Pol\u00edcia Civil de Santa Catarina, por meio da Delegacia de Prote\u00e7\u00e3o ao Turista (DPTUR) e da 2\u00aa Delegacia de Pol\u00edcia da Capital, deu cumprimento a mandado de busca e apreens\u00e3o na manh\u00e3 desta ter\u00e7a-feira (19), em Florian\u00f3polis. A opera\u00e7\u00e3o \u00e9 fruto de investiga\u00e7\u00e3o [&hellip;]<\/p>\n","protected":false},"author":5,"featured_media":18449,"comment_status":"closed","ping_status":"open","sticky":false,"template":"","format":"standard","meta":{"_monsterinsights_skip_tracking":false,"_monsterinsights_sitenote_active":false,"_monsterinsights_sitenote_note":"","_monsterinsights_sitenote_category":0,"footnotes":""},"categories":[1],"tags":[],"class_list":["post-18448","post","type-post","status-publish","format-standard","has-post-thumbnail","hentry","category-sem-categoria"],"_links":{"self":[{"href":"https:\/\/pc.sc.gov.br\/index.php?rest_route=\/wp\/v2\/posts\/18448","targetHints":{"allow":["GET"]}}],"collection":[{"href":"https:\/\/pc.sc.gov.br\/index.php?rest_route=\/wp\/v2\/posts"}],"about":[{"href":"https:\/\/pc.sc.gov.br\/index.php?rest_route=\/wp\/v2\/types\/post"}],"author":[{"embeddable":true,"href":"https:\/\/pc.sc.gov.br\/index.php?rest_route=\/wp\/v2\/users\/5"}],"replies":[{"embeddable":true,"href":"https:\/\/pc.sc.gov.br\/index.php?rest_route=%2Fwp%2Fv2%2Fcomments&post=18448"}],"version-history":[{"count":3,"href":"https:\/\/pc.sc.gov.br\/index.php?rest_route=\/wp\/v2\/posts\/18448\/revisions"}],"predecessor-version":[{"id":18452,"href":"https:\/\/pc.sc.gov.br\/index.php?rest_route=\/wp\/v2\/posts\/18448\/revisions\/18452"}],"wp:featuredmedia":[{"embeddable":true,"href":"https:\/\/pc.sc.gov.br\/index.php?rest_route=\/wp\/v2\/media\/18449"}],"wp:attachment":[{"href":"https:\/\/pc.sc.gov.br\/index.php?rest_route=%2Fwp%2Fv2%2Fmedia&parent=18448"}],"wp:term":[{"taxonomy":"category","embeddable":true,"href":"https:\/\/pc.sc.gov.br\/index.php?rest_route=%2Fwp%2Fv2%2Fcategories&post=18448"},{"taxonomy":"post_tag","embeddable":true,"href":"https:\/\/pc.sc.gov.br\/index.php?rest_route=%2Fwp%2Fv2%2Ftags&post=18448"}],"curies":[{"name":"wp","href":"https:\/\/api.w.org\/{rel}","templated":true}]}}