{"id":18453,"date":"2024-03-19T16:53:46","date_gmt":"2024-03-19T19:53:46","guid":{"rendered":"https:\/\/pc.sc.gov.br\/?p=18453"},"modified":"2024-03-19T16:54:38","modified_gmt":"2024-03-19T19:54:38","slug":"operacao-sicario-policia-civil-prende-executor-e-agenciador-ocorrido-em-supermercado-de-sao-lourenco-do-oeste-e-apreende-16-armas-de-fogo","status":"publish","type":"post","link":"https:\/\/pc.sc.gov.br\/?p=18453","title":{"rendered":"Opera\u00e7\u00e3o Sic\u00e1rio: Pol\u00edcia Civil prende executor e agenciador ocorrido em supermercado de S\u00e3o Louren\u00e7o do Oeste e apreende 16 armas de fogo"},"content":{"rendered":"\t\t<div data-elementor-type=\"wp-post\" data-elementor-id=\"18453\" class=\"elementor elementor-18453\" data-elementor-post-type=\"post\">\n\t\t\t\t\t\t<section class=\"elementor-section elementor-top-section elementor-element elementor-element-79c3a6e elementor-section-boxed elementor-section-height-default elementor-section-height-default\" data-id=\"79c3a6e\" data-element_type=\"section\">\n\t\t\t\t\t\t<div class=\"elementor-container elementor-column-gap-default\">\n\t\t\t\t\t<div class=\"elementor-column elementor-col-100 elementor-top-column elementor-element elementor-element-4a06049\" data-id=\"4a06049\" data-element_type=\"column\">\n\t\t\t<div class=\"elementor-widget-wrap elementor-element-populated\">\n\t\t\t\t\t\t<div class=\"elementor-element elementor-element-3fbc789 elementor-widget elementor-widget-heading\" data-id=\"3fbc789\" data-element_type=\"widget\" data-widget_type=\"heading.default\">\n\t\t\t\t<div class=\"elementor-widget-container\">\n\t\t\t\t\t<h2 class=\"elementor-heading-title elementor-size-default\">Opera\u00e7\u00e3o Sic\u00e1rio: Pol\u00edcia Civil prende executor e agenciador ocorrido em supermercado de S\u00e3o Louren\u00e7o do Oeste e apreende 16 armas de fogo<\/h2>\t\t\t\t<\/div>\n\t\t\t\t<\/div>\n\t\t\t\t\t<\/div>\n\t\t<\/div>\n\t\t\t\t\t<\/div>\n\t\t<\/section>\n\t\t\t\t<section class=\"elementor-section elementor-top-section elementor-element elementor-element-cc8aaaf elementor-section-boxed elementor-section-height-default elementor-section-height-default\" data-id=\"cc8aaaf\" data-element_type=\"section\">\n\t\t\t\t\t\t<div class=\"elementor-container elementor-column-gap-default\">\n\t\t\t\t\t<div class=\"elementor-column elementor-col-100 elementor-top-column elementor-element elementor-element-51337a2\" data-id=\"51337a2\" data-element_type=\"column\">\n\t\t\t<div class=\"elementor-widget-wrap elementor-element-populated\">\n\t\t\t\t\t\t<div class=\"elementor-element elementor-element-94fee9b elementor-widget elementor-widget-image\" data-id=\"94fee9b\" data-element_type=\"widget\" data-widget_type=\"image.default\">\n\t\t\t\t<div class=\"elementor-widget-container\">\n\t\t\t\t\t\t\t\t\t\t\t\t\t\t\t<img fetchpriority=\"high\" decoding=\"async\" width=\"696\" height=\"522\" src=\"https:\/\/pc.sc.gov.br\/\/wp-content\/uploads\/2024\/03\/WhatsApp-Image-2024-03-18-at-19.21.19-1024x768.jpeg\" class=\"attachment-large size-large wp-image-18454\" alt=\"\" srcset=\"https:\/\/pc.sc.gov.br\/\/wp-content\/uploads\/2024\/03\/WhatsApp-Image-2024-03-18-at-19.21.19-1024x768.jpeg 1024w, https:\/\/pc.sc.gov.br\/\/wp-content\/uploads\/2024\/03\/WhatsApp-Image-2024-03-18-at-19.21.19-300x225.jpeg 300w, https:\/\/pc.sc.gov.br\/\/wp-content\/uploads\/2024\/03\/WhatsApp-Image-2024-03-18-at-19.21.19-768x576.jpeg 768w, https:\/\/pc.sc.gov.br\/\/wp-content\/uploads\/2024\/03\/WhatsApp-Image-2024-03-18-at-19.21.19.jpeg 1280w\" sizes=\"(max-width: 696px) 100vw, 696px\" \/>\t\t\t\t\t\t\t\t\t\t\t\t\t\t\t<\/div>\n\t\t\t\t<\/div>\n\t\t\t\t\t<\/div>\n\t\t<\/div>\n\t\t\t\t\t<\/div>\n\t\t<\/section>\n\t\t\t\t<section class=\"elementor-section elementor-top-section elementor-element elementor-element-e443e80 elementor-section-boxed elementor-section-height-default elementor-section-height-default\" data-id=\"e443e80\" data-element_type=\"section\">\n\t\t\t\t\t\t<div class=\"elementor-container elementor-column-gap-default\">\n\t\t\t\t\t<div class=\"elementor-column elementor-col-100 elementor-top-column elementor-element elementor-element-0cf0e0c\" data-id=\"0cf0e0c\" data-element_type=\"column\">\n\t\t\t<div class=\"elementor-widget-wrap elementor-element-populated\">\n\t\t\t\t\t\t<div class=\"elementor-element elementor-element-0bde19d elementor-widget elementor-widget-text-editor\" data-id=\"0bde19d\" data-element_type=\"widget\" data-widget_type=\"text-editor.default\">\n\t\t\t\t<div class=\"elementor-widget-container\">\n\t\t\t\t\t\t\t\t\t<p>Nesta segunda-feira (18), a Pol\u00edcia Civil de Santa Catarina, por meio da Divis\u00e3o de Investiga\u00e7\u00e3o Criminal de Fronteira de S\u00e3o Louren\u00e7o do Oeste, com apoio da Delegacia de Capturas da Diretoria Estadual de Investiga\u00e7\u00f5es Criminais e da Delegacia de Pol\u00edcia do Munic\u00edpio de Ant\u00f4nio Carlos, prendeu dois homens suspeitos de atuarem como executor e agenciador do homic\u00eddio de um homem.<\/p><p>O crime ocorreu mediante paga e promessa de recompensa, no estacionamento de um supermercado de S\u00e3o Louren\u00e7o do Oeste h\u00e1 exatamente uma semana.<\/p><p>As pris\u00f5es ocorreram nas cidades de Ant\u00f4nio Carlos e Barra Velha, totalizando, nesta fase investigativa, quatro presos por envolvimento no crime.<\/p><p>No curso da opera\u00e7\u00e3o, foram apreendidas 16 armas de fogo com o homem preso em Barra Velha, sendo ele conduzido para Central de Plant\u00e3o Policial de Itaja\u00ed, agora tamb\u00e9m pela posse ilegal de armas de fogo.<\/p><p>A investiga\u00e7\u00e3o continua a tramitar sob sigilo junto \u00e0 DIC-Fron de S\u00e3o Louren\u00e7o do Oeste para apura\u00e7\u00e3o de todas as circunst\u00e2ncias do fato.<\/p>\t\t\t\t\t\t\t\t<\/div>\n\t\t\t\t<\/div>\n\t\t\t\t\t<\/div>\n\t\t<\/div>\n\t\t\t\t\t<\/div>\n\t\t<\/section>\n\t\t\t\t<\/div>\n\t\t","protected":false},"excerpt":{"rendered":"<p>Opera\u00e7\u00e3o Sic\u00e1rio: Pol\u00edcia Civil prende executor e agenciador ocorrido em supermercado de S\u00e3o Louren\u00e7o do Oeste e apreende 16 armas de fogo Nesta segunda-feira (18), a Pol\u00edcia Civil de Santa Catarina, por meio da Divis\u00e3o de Investiga\u00e7\u00e3o Criminal de Fronteira de S\u00e3o Louren\u00e7o do Oeste, com apoio da Delegacia de Capturas da Diretoria Estadual de [&hellip;]<\/p>\n","protected":false},"author":5,"featured_media":18454,"comment_status":"closed","ping_status":"open","sticky":false,"template":"","format":"standard","meta":{"_monsterinsights_skip_tracking":false,"_monsterinsights_sitenote_active":false,"_monsterinsights_sitenote_note":"","_monsterinsights_sitenote_category":0,"footnotes":""},"categories":[1],"tags":[],"class_list":["post-18453","post","type-post","status-publish","format-standard","has-post-thumbnail","hentry","category-sem-categoria"],"_links":{"self":[{"href":"https:\/\/pc.sc.gov.br\/index.php?rest_route=\/wp\/v2\/posts\/18453","targetHints":{"allow":["GET"]}}],"collection":[{"href":"https:\/\/pc.sc.gov.br\/index.php?rest_route=\/wp\/v2\/posts"}],"about":[{"href":"https:\/\/pc.sc.gov.br\/index.php?rest_route=\/wp\/v2\/types\/post"}],"author":[{"embeddable":true,"href":"https:\/\/pc.sc.gov.br\/index.php?rest_route=\/wp\/v2\/users\/5"}],"replies":[{"embeddable":true,"href":"https:\/\/pc.sc.gov.br\/index.php?rest_route=%2Fwp%2Fv2%2Fcomments&post=18453"}],"version-history":[{"count":4,"href":"https:\/\/pc.sc.gov.br\/index.php?rest_route=\/wp\/v2\/posts\/18453\/revisions"}],"predecessor-version":[{"id":18458,"href":"https:\/\/pc.sc.gov.br\/index.php?rest_route=\/wp\/v2\/posts\/18453\/revisions\/18458"}],"wp:featuredmedia":[{"embeddable":true,"href":"https:\/\/pc.sc.gov.br\/index.php?rest_route=\/wp\/v2\/media\/18454"}],"wp:attachment":[{"href":"https:\/\/pc.sc.gov.br\/index.php?rest_route=%2Fwp%2Fv2%2Fmedia&parent=18453"}],"wp:term":[{"taxonomy":"category","embeddable":true,"href":"https:\/\/pc.sc.gov.br\/index.php?rest_route=%2Fwp%2Fv2%2Fcategories&post=18453"},{"taxonomy":"post_tag","embeddable":true,"href":"https:\/\/pc.sc.gov.br\/index.php?rest_route=%2Fwp%2Fv2%2Ftags&post=18453"}],"curies":[{"name":"wp","href":"https:\/\/api.w.org\/{rel}","templated":true}]}}