{"id":18465,"date":"2024-03-19T17:47:57","date_gmt":"2024-03-19T20:47:57","guid":{"rendered":"https:\/\/pc.sc.gov.br\/?p=18465"},"modified":"2024-03-19T17:48:54","modified_gmt":"2024-03-19T20:48:54","slug":"policia-civil-prende-tres-envolvidos-em-roubos-a-residencias-em-palhoca","status":"publish","type":"post","link":"https:\/\/pc.sc.gov.br\/?p=18465","title":{"rendered":"Pol\u00edcia Civil prende tr\u00eas envolvidos em roubos a resid\u00eancias em Palho\u00e7a"},"content":{"rendered":"\t\t<div data-elementor-type=\"wp-post\" data-elementor-id=\"18465\" class=\"elementor elementor-18465\" data-elementor-post-type=\"post\">\n\t\t\t\t\t\t<section class=\"elementor-section elementor-top-section elementor-element elementor-element-0991c6c elementor-section-boxed elementor-section-height-default elementor-section-height-default\" data-id=\"0991c6c\" data-element_type=\"section\">\n\t\t\t\t\t\t<div class=\"elementor-container elementor-column-gap-default\">\n\t\t\t\t\t<div class=\"elementor-column elementor-col-100 elementor-top-column elementor-element elementor-element-32c8bba\" data-id=\"32c8bba\" data-element_type=\"column\">\n\t\t\t<div class=\"elementor-widget-wrap elementor-element-populated\">\n\t\t\t\t\t\t<div class=\"elementor-element elementor-element-8a710e2 elementor-widget elementor-widget-heading\" data-id=\"8a710e2\" data-element_type=\"widget\" data-widget_type=\"heading.default\">\n\t\t\t\t<div class=\"elementor-widget-container\">\n\t\t\t\t\t<h2 class=\"elementor-heading-title elementor-size-default\">Pol\u00edcia Civil prende tr\u00eas envolvidos em roubos a resid\u00eancias em Palho\u00e7a<\/h2>\t\t\t\t<\/div>\n\t\t\t\t<\/div>\n\t\t\t\t\t<\/div>\n\t\t<\/div>\n\t\t\t\t\t<\/div>\n\t\t<\/section>\n\t\t\t\t<section class=\"elementor-section elementor-top-section elementor-element elementor-element-3afad20 elementor-section-boxed elementor-section-height-default elementor-section-height-default\" data-id=\"3afad20\" data-element_type=\"section\">\n\t\t\t\t\t\t<div class=\"elementor-container elementor-column-gap-default\">\n\t\t\t\t\t<div class=\"elementor-column elementor-col-100 elementor-top-column elementor-element elementor-element-07f1f51\" data-id=\"07f1f51\" data-element_type=\"column\">\n\t\t\t<div class=\"elementor-widget-wrap elementor-element-populated\">\n\t\t\t\t\t\t<div class=\"elementor-element elementor-element-4007234 elementor-widget elementor-widget-image\" data-id=\"4007234\" data-element_type=\"widget\" data-widget_type=\"image.default\">\n\t\t\t\t<div class=\"elementor-widget-container\">\n\t\t\t\t\t\t\t\t\t\t\t\t\t\t\t<img fetchpriority=\"high\" decoding=\"async\" width=\"696\" height=\"928\" src=\"https:\/\/pc.sc.gov.br\/\/wp-content\/uploads\/2024\/03\/WhatsApp-Image-2024-03-19-at-08.16.39-1-768x1024.jpeg\" class=\"attachment-large size-large wp-image-18466\" alt=\"\" srcset=\"https:\/\/pc.sc.gov.br\/\/wp-content\/uploads\/2024\/03\/WhatsApp-Image-2024-03-19-at-08.16.39-1-768x1024.jpeg 768w, https:\/\/pc.sc.gov.br\/\/wp-content\/uploads\/2024\/03\/WhatsApp-Image-2024-03-19-at-08.16.39-1-225x300.jpeg 225w, https:\/\/pc.sc.gov.br\/\/wp-content\/uploads\/2024\/03\/WhatsApp-Image-2024-03-19-at-08.16.39-1.jpeg 960w\" sizes=\"(max-width: 696px) 100vw, 696px\" \/>\t\t\t\t\t\t\t\t\t\t\t\t\t\t\t<\/div>\n\t\t\t\t<\/div>\n\t\t\t\t\t<\/div>\n\t\t<\/div>\n\t\t\t\t\t<\/div>\n\t\t<\/section>\n\t\t\t\t<section class=\"elementor-section elementor-top-section elementor-element elementor-element-badc898 elementor-section-boxed elementor-section-height-default elementor-section-height-default\" data-id=\"badc898\" data-element_type=\"section\">\n\t\t\t\t\t\t<div class=\"elementor-container elementor-column-gap-default\">\n\t\t\t\t\t<div class=\"elementor-column elementor-col-100 elementor-top-column elementor-element elementor-element-9448cad\" data-id=\"9448cad\" data-element_type=\"column\">\n\t\t\t<div class=\"elementor-widget-wrap elementor-element-populated\">\n\t\t\t\t\t\t<div class=\"elementor-element elementor-element-8d152e9 elementor-widget elementor-widget-text-editor\" data-id=\"8d152e9\" data-element_type=\"widget\" data-widget_type=\"text-editor.default\">\n\t\t\t\t<div class=\"elementor-widget-container\">\n\t\t\t\t\t\t\t\t\t<p>Nesta ter\u00e7a feira (19), a Pol\u00edcia Civil de Santa Catarina, por meio da Divis\u00e3o de Investiga\u00e7\u00e3o Criminal de Palho\u00e7a, deflagrou opera\u00e7\u00e3o para elucidar dois roubos ocorridos em Palho\u00e7a. Um dos crimes aconteceu no bairro Barra do Aririu, no dia 04 de fevereiro e o outro, no Pontal, no dia 17 de fevereiro. Ambos com emprego de arma de fogo.<\/p><p>Foram cumpridos mandados de busca e apreens\u00e3o visando angariar elementos para subsidiar o Inqu\u00e9rito Policial e tr\u00eas mandados de pris\u00e3o tempor\u00e1ria. Conforme apurado at\u00e9 o momento, ambos os crimes foram cometidos pela mesma organiza\u00e7\u00e3o criminosa.<\/p><p>A Pol\u00edcia Civil destaca que essa opera\u00e7\u00e3o \u00e9 mais um exemplo do comprometimento da institui\u00e7\u00e3o em gerar resultados concretos no enfrentamento \u00e0 criminalidade, trazendo um al\u00edvio para a comunidade e refor\u00e7ando a confian\u00e7a da popula\u00e7\u00e3o nas for\u00e7as de seguran\u00e7a.<\/p><p>Prestaram apoio \u00e0 opera\u00e7\u00e3o a Pol\u00edcia Militar, por meio do PPT e da Ag\u00eancia de Intelig\u00eancia do 16\u00b0 Batalh\u00e3o.<\/p>\t\t\t\t\t\t\t\t<\/div>\n\t\t\t\t<\/div>\n\t\t\t\t\t<\/div>\n\t\t<\/div>\n\t\t\t\t\t<\/div>\n\t\t<\/section>\n\t\t\t\t<\/div>\n\t\t","protected":false},"excerpt":{"rendered":"<p>Pol\u00edcia Civil prende tr\u00eas envolvidos em roubos a resid\u00eancias em Palho\u00e7a Nesta ter\u00e7a feira (19), a Pol\u00edcia Civil de Santa Catarina, por meio da Divis\u00e3o de Investiga\u00e7\u00e3o Criminal de Palho\u00e7a, deflagrou opera\u00e7\u00e3o para elucidar dois roubos ocorridos em Palho\u00e7a. Um dos crimes aconteceu no bairro Barra do Aririu, no dia 04 de fevereiro e o [&hellip;]<\/p>\n","protected":false},"author":5,"featured_media":18466,"comment_status":"closed","ping_status":"open","sticky":false,"template":"","format":"standard","meta":{"_monsterinsights_skip_tracking":false,"_monsterinsights_sitenote_active":false,"_monsterinsights_sitenote_note":"","_monsterinsights_sitenote_category":0,"footnotes":""},"categories":[1],"tags":[],"class_list":["post-18465","post","type-post","status-publish","format-standard","has-post-thumbnail","hentry","category-sem-categoria"],"_links":{"self":[{"href":"https:\/\/pc.sc.gov.br\/index.php?rest_route=\/wp\/v2\/posts\/18465","targetHints":{"allow":["GET"]}}],"collection":[{"href":"https:\/\/pc.sc.gov.br\/index.php?rest_route=\/wp\/v2\/posts"}],"about":[{"href":"https:\/\/pc.sc.gov.br\/index.php?rest_route=\/wp\/v2\/types\/post"}],"author":[{"embeddable":true,"href":"https:\/\/pc.sc.gov.br\/index.php?rest_route=\/wp\/v2\/users\/5"}],"replies":[{"embeddable":true,"href":"https:\/\/pc.sc.gov.br\/index.php?rest_route=%2Fwp%2Fv2%2Fcomments&post=18465"}],"version-history":[{"count":4,"href":"https:\/\/pc.sc.gov.br\/index.php?rest_route=\/wp\/v2\/posts\/18465\/revisions"}],"predecessor-version":[{"id":18470,"href":"https:\/\/pc.sc.gov.br\/index.php?rest_route=\/wp\/v2\/posts\/18465\/revisions\/18470"}],"wp:featuredmedia":[{"embeddable":true,"href":"https:\/\/pc.sc.gov.br\/index.php?rest_route=\/wp\/v2\/media\/18466"}],"wp:attachment":[{"href":"https:\/\/pc.sc.gov.br\/index.php?rest_route=%2Fwp%2Fv2%2Fmedia&parent=18465"}],"wp:term":[{"taxonomy":"category","embeddable":true,"href":"https:\/\/pc.sc.gov.br\/index.php?rest_route=%2Fwp%2Fv2%2Fcategories&post=18465"},{"taxonomy":"post_tag","embeddable":true,"href":"https:\/\/pc.sc.gov.br\/index.php?rest_route=%2Fwp%2Fv2%2Ftags&post=18465"}],"curies":[{"name":"wp","href":"https:\/\/api.w.org\/{rel}","templated":true}]}}