{"id":18471,"date":"2024-03-19T17:56:00","date_gmt":"2024-03-19T20:56:00","guid":{"rendered":"https:\/\/pc.sc.gov.br\/?p=18471"},"modified":"2024-03-19T17:57:59","modified_gmt":"2024-03-19T20:57:59","slug":"pcsc-prende-homem-condenado-a-30-anos-de-prisao-por-estupro-de-vulneravel-em-campos-novos","status":"publish","type":"post","link":"https:\/\/pc.sc.gov.br\/?p=18471","title":{"rendered":"PCSC prende homem condenado a 30 anos de pris\u00e3o por estupro de vulner\u00e1vel em Campos Novos"},"content":{"rendered":"\t\t<div data-elementor-type=\"wp-post\" data-elementor-id=\"18471\" class=\"elementor elementor-18471\" data-elementor-post-type=\"post\">\n\t\t\t\t\t\t<section class=\"elementor-section elementor-top-section elementor-element elementor-element-b307490 elementor-section-boxed elementor-section-height-default elementor-section-height-default\" data-id=\"b307490\" data-element_type=\"section\">\n\t\t\t\t\t\t<div class=\"elementor-container elementor-column-gap-default\">\n\t\t\t\t\t<div class=\"elementor-column elementor-col-100 elementor-top-column elementor-element elementor-element-286bca9\" data-id=\"286bca9\" data-element_type=\"column\">\n\t\t\t<div class=\"elementor-widget-wrap elementor-element-populated\">\n\t\t\t\t\t\t<div class=\"elementor-element elementor-element-5e67144 elementor-widget elementor-widget-heading\" data-id=\"5e67144\" data-element_type=\"widget\" data-widget_type=\"heading.default\">\n\t\t\t\t<div class=\"elementor-widget-container\">\n\t\t\t\t\t<h2 class=\"elementor-heading-title elementor-size-default\">PCSC prende homem condenado a 30 anos de pris\u00e3o por estupro de vulner\u00e1vel em Campos Novos<\/h2>\t\t\t\t<\/div>\n\t\t\t\t<\/div>\n\t\t\t\t\t<\/div>\n\t\t<\/div>\n\t\t\t\t\t<\/div>\n\t\t<\/section>\n\t\t\t\t<section class=\"elementor-section elementor-top-section elementor-element elementor-element-b5df482 elementor-section-boxed elementor-section-height-default elementor-section-height-default\" data-id=\"b5df482\" data-element_type=\"section\">\n\t\t\t\t\t\t<div class=\"elementor-container elementor-column-gap-default\">\n\t\t\t\t\t<div class=\"elementor-column elementor-col-100 elementor-top-column elementor-element elementor-element-41f61e1\" data-id=\"41f61e1\" data-element_type=\"column\">\n\t\t\t<div class=\"elementor-widget-wrap elementor-element-populated\">\n\t\t\t\t\t\t<div class=\"elementor-element elementor-element-fa48e80 elementor-widget elementor-widget-image\" data-id=\"fa48e80\" data-element_type=\"widget\" data-widget_type=\"image.default\">\n\t\t\t\t<div class=\"elementor-widget-container\">\n\t\t\t\t\t\t\t\t\t\t\t\t\t\t\t<img fetchpriority=\"high\" decoding=\"async\" width=\"640\" height=\"480\" src=\"https:\/\/pc.sc.gov.br\/\/wp-content\/uploads\/2024\/03\/WhatsApp-Image-2024-03-19-at-3.22.02-PM.jpeg\" class=\"attachment-large size-large wp-image-18472\" alt=\"\" srcset=\"https:\/\/pc.sc.gov.br\/\/wp-content\/uploads\/2024\/03\/WhatsApp-Image-2024-03-19-at-3.22.02-PM.jpeg 640w, https:\/\/pc.sc.gov.br\/\/wp-content\/uploads\/2024\/03\/WhatsApp-Image-2024-03-19-at-3.22.02-PM-300x225.jpeg 300w\" sizes=\"(max-width: 640px) 100vw, 640px\" \/>\t\t\t\t\t\t\t\t\t\t\t\t\t\t\t<\/div>\n\t\t\t\t<\/div>\n\t\t\t\t\t<\/div>\n\t\t<\/div>\n\t\t\t\t\t<\/div>\n\t\t<\/section>\n\t\t\t\t<section class=\"elementor-section elementor-top-section elementor-element elementor-element-5845fb1 elementor-section-boxed elementor-section-height-default elementor-section-height-default\" data-id=\"5845fb1\" data-element_type=\"section\">\n\t\t\t\t\t\t<div class=\"elementor-container elementor-column-gap-default\">\n\t\t\t\t\t<div class=\"elementor-column elementor-col-100 elementor-top-column elementor-element elementor-element-cb1253b\" data-id=\"cb1253b\" data-element_type=\"column\">\n\t\t\t<div class=\"elementor-widget-wrap elementor-element-populated\">\n\t\t\t\t\t\t<div class=\"elementor-element elementor-element-d8a1a48 elementor-widget elementor-widget-text-editor\" data-id=\"d8a1a48\" data-element_type=\"widget\" data-widget_type=\"text-editor.default\">\n\t\t\t\t<div class=\"elementor-widget-container\">\n\t\t\t\t\t\t\t\t\t<p>Na tarde desta ter\u00e7a-feira (19), a Pol\u00edcia Civil de Campos Novos, por meio da Delegacia de Prote\u00e7\u00e3o \u00e0 Crian\u00e7a, Adolescente, Mulher e Idoso (DPCAMI) e da Divis\u00e3o de Investiga\u00e7\u00e3o Criminal (DIC), efetuou a pris\u00e3o de um indiv\u00edduo condenado a 30 anos e 4 meses de pris\u00e3o pelo crime de estupro de vulner\u00e1vel.<\/p>\n<p>A a\u00e7\u00e3o, resultado de um trabalho conjunto das equipes especializadas da Pol\u00edcia Civil, cumpriu mandado de pris\u00e3o expedido pela Vara Criminal da Comarca de Campos Novos. O crime, que vitimou uma crian\u00e7a, teve sua autoria comprovada durante a investiga\u00e7\u00e3o policial, culminando na condena\u00e7\u00e3o do indiv\u00edduo.<\/p>\n<p>Detalhes da pris\u00e3o<\/p>\n<p>O homem foi preso em sua resid\u00eancia, localizada no munic\u00edpio de Campos Novos. Durante a abordagem, ele n\u00e3o esbo\u00e7ou resist\u00eancia e foi conduzido \u00e0 Delegacia de Pol\u00edcia, onde foi dado cumprimento ao mandado de pris\u00e3o.<\/p>\n<p>Ao divulgar a pris\u00e3o do indiv\u00edduo condenado por estupro de vulner\u00e1vel, a Pol\u00edcia Civil busca conscientizar a sociedade sobre a gravidade deste crime e a import\u00e2ncia da den\u00fancia. A institui\u00e7\u00e3o refor\u00e7a o seu compromisso com a prote\u00e7\u00e3o dos vulner\u00e1veis e a puni\u00e7\u00e3o exemplar dos autores de tais delitos.<\/p>\n<p><b>Den\u00fancias<\/b><\/p>\n<p>A Pol\u00edcia Civil refor\u00e7a a import\u00e2ncia da den\u00fancia como ferramenta essencial no combate aos crimes contra vulner\u00e1veis. A popula\u00e7\u00e3o pode realizar den\u00fancias de forma an\u00f4nima e sigilosa atrav\u00e9s dos seguintes canais:<\/p>\n<p><b>Disque 100: Disque Direitos Humanos<\/b><\/p>\n<p><b>181: Central de Atendimento \u00e0 Mulher<\/b><\/p>\n<p><b>Pol\u00edcia Civil de Santa Catarina: 180<\/b><\/p>\n<p><b>Delegacia de Pol\u00edcia de Campos Novos: (49) 3541-0156<\/b><span style=\"color: var( --e-global-color-text ); font-family: var( --e-global-typography-primary-font-family ), Sans-serif; font-size: var( --e-global-typography-primary-font-size ); font-weight: var( --e-global-typography-primary-font-weight ); letter-spacing: var( --e-global-typography-primary-letter-spacing );\">&nbsp;<\/span><\/p>\t\t\t\t\t\t\t\t<\/div>\n\t\t\t\t<\/div>\n\t\t\t\t\t<\/div>\n\t\t<\/div>\n\t\t\t\t\t<\/div>\n\t\t<\/section>\n\t\t\t\t<\/div>\n\t\t","protected":false},"excerpt":{"rendered":"<p>PCSC prende homem condenado a 30 anos de pris\u00e3o por estupro de vulner\u00e1vel em Campos Novos Na tarde desta ter\u00e7a-feira (19), a Pol\u00edcia Civil de Campos Novos, por meio da Delegacia de Prote\u00e7\u00e3o \u00e0 Crian\u00e7a, Adolescente, Mulher e Idoso (DPCAMI) e da Divis\u00e3o de Investiga\u00e7\u00e3o Criminal (DIC), efetuou a pris\u00e3o de um indiv\u00edduo condenado a [&hellip;]<\/p>\n","protected":false},"author":5,"featured_media":18472,"comment_status":"closed","ping_status":"open","sticky":false,"template":"","format":"standard","meta":{"_monsterinsights_skip_tracking":false,"_monsterinsights_sitenote_active":false,"_monsterinsights_sitenote_note":"","_monsterinsights_sitenote_category":0,"footnotes":""},"categories":[1],"tags":[],"class_list":["post-18471","post","type-post","status-publish","format-standard","has-post-thumbnail","hentry","category-sem-categoria"],"_links":{"self":[{"href":"https:\/\/pc.sc.gov.br\/index.php?rest_route=\/wp\/v2\/posts\/18471","targetHints":{"allow":["GET"]}}],"collection":[{"href":"https:\/\/pc.sc.gov.br\/index.php?rest_route=\/wp\/v2\/posts"}],"about":[{"href":"https:\/\/pc.sc.gov.br\/index.php?rest_route=\/wp\/v2\/types\/post"}],"author":[{"embeddable":true,"href":"https:\/\/pc.sc.gov.br\/index.php?rest_route=\/wp\/v2\/users\/5"}],"replies":[{"embeddable":true,"href":"https:\/\/pc.sc.gov.br\/index.php?rest_route=%2Fwp%2Fv2%2Fcomments&post=18471"}],"version-history":[{"count":4,"href":"https:\/\/pc.sc.gov.br\/index.php?rest_route=\/wp\/v2\/posts\/18471\/revisions"}],"predecessor-version":[{"id":18476,"href":"https:\/\/pc.sc.gov.br\/index.php?rest_route=\/wp\/v2\/posts\/18471\/revisions\/18476"}],"wp:featuredmedia":[{"embeddable":true,"href":"https:\/\/pc.sc.gov.br\/index.php?rest_route=\/wp\/v2\/media\/18472"}],"wp:attachment":[{"href":"https:\/\/pc.sc.gov.br\/index.php?rest_route=%2Fwp%2Fv2%2Fmedia&parent=18471"}],"wp:term":[{"taxonomy":"category","embeddable":true,"href":"https:\/\/pc.sc.gov.br\/index.php?rest_route=%2Fwp%2Fv2%2Fcategories&post=18471"},{"taxonomy":"post_tag","embeddable":true,"href":"https:\/\/pc.sc.gov.br\/index.php?rest_route=%2Fwp%2Fv2%2Ftags&post=18471"}],"curies":[{"name":"wp","href":"https:\/\/api.w.org\/{rel}","templated":true}]}}