{"id":18485,"date":"2024-03-20T17:44:52","date_gmt":"2024-03-20T20:44:52","guid":{"rendered":"https:\/\/pc.sc.gov.br\/?p=18485"},"modified":"2024-03-20T17:46:06","modified_gmt":"2024-03-20T20:46:06","slug":"dic-de-joinville-localiza-desmanche-ilegal-de-veiculos-e-prende-tres-pessoas","status":"publish","type":"post","link":"https:\/\/pc.sc.gov.br\/?p=18485","title":{"rendered":"DIC de Joinville localiza desmanche ilegal de ve\u00edculos e prende tr\u00eas pessoas"},"content":{"rendered":"\t\t<div data-elementor-type=\"wp-post\" data-elementor-id=\"18485\" class=\"elementor elementor-18485\" data-elementor-post-type=\"post\">\n\t\t\t\t\t\t<section class=\"elementor-section elementor-top-section elementor-element elementor-element-8ae1b5c elementor-section-boxed elementor-section-height-default elementor-section-height-default\" data-id=\"8ae1b5c\" data-element_type=\"section\">\n\t\t\t\t\t\t<div class=\"elementor-container elementor-column-gap-default\">\n\t\t\t\t\t<div class=\"elementor-column elementor-col-100 elementor-top-column elementor-element elementor-element-46d4cd6\" data-id=\"46d4cd6\" data-element_type=\"column\">\n\t\t\t<div class=\"elementor-widget-wrap elementor-element-populated\">\n\t\t\t\t\t\t<div class=\"elementor-element elementor-element-8d17758 elementor-widget elementor-widget-heading\" data-id=\"8d17758\" data-element_type=\"widget\" data-widget_type=\"heading.default\">\n\t\t\t\t<div class=\"elementor-widget-container\">\n\t\t\t\t\t<h2 class=\"elementor-heading-title elementor-size-default\">DIC de Joinville localiza desmanche ilegal de ve\u00edculos e prende tr\u00eas pessoas<\/h2>\t\t\t\t<\/div>\n\t\t\t\t<\/div>\n\t\t\t\t\t<\/div>\n\t\t<\/div>\n\t\t\t\t\t<\/div>\n\t\t<\/section>\n\t\t\t\t<section class=\"elementor-section elementor-top-section elementor-element elementor-element-049bbd9 elementor-section-boxed elementor-section-height-default elementor-section-height-default\" data-id=\"049bbd9\" data-element_type=\"section\">\n\t\t\t\t\t\t<div class=\"elementor-container elementor-column-gap-default\">\n\t\t\t\t\t<div class=\"elementor-column elementor-col-100 elementor-top-column elementor-element elementor-element-1f4218b\" data-id=\"1f4218b\" data-element_type=\"column\">\n\t\t\t<div class=\"elementor-widget-wrap elementor-element-populated\">\n\t\t\t\t\t\t<div class=\"elementor-element elementor-element-db2fe06 elementor-widget elementor-widget-image\" data-id=\"db2fe06\" data-element_type=\"widget\" data-widget_type=\"image.default\">\n\t\t\t\t<div class=\"elementor-widget-container\">\n\t\t\t\t\t\t\t\t\t\t\t\t\t\t\t<img fetchpriority=\"high\" decoding=\"async\" width=\"696\" height=\"522\" src=\"https:\/\/pc.sc.gov.br\/\/wp-content\/uploads\/2024\/03\/WhatsApp-Image-2024-03-20-at-4.20.15-PM-1024x768.jpeg\" class=\"attachment-large size-large wp-image-18486\" alt=\"\" srcset=\"https:\/\/pc.sc.gov.br\/\/wp-content\/uploads\/2024\/03\/WhatsApp-Image-2024-03-20-at-4.20.15-PM-1024x768.jpeg 1024w, https:\/\/pc.sc.gov.br\/\/wp-content\/uploads\/2024\/03\/WhatsApp-Image-2024-03-20-at-4.20.15-PM-300x225.jpeg 300w, https:\/\/pc.sc.gov.br\/\/wp-content\/uploads\/2024\/03\/WhatsApp-Image-2024-03-20-at-4.20.15-PM-768x576.jpeg 768w, https:\/\/pc.sc.gov.br\/\/wp-content\/uploads\/2024\/03\/WhatsApp-Image-2024-03-20-at-4.20.15-PM-1536x1152.jpeg 1536w, https:\/\/pc.sc.gov.br\/\/wp-content\/uploads\/2024\/03\/WhatsApp-Image-2024-03-20-at-4.20.15-PM.jpeg 1600w\" sizes=\"(max-width: 696px) 100vw, 696px\" \/>\t\t\t\t\t\t\t\t\t\t\t\t\t\t\t<\/div>\n\t\t\t\t<\/div>\n\t\t\t\t\t<\/div>\n\t\t<\/div>\n\t\t\t\t\t<\/div>\n\t\t<\/section>\n\t\t\t\t<section class=\"elementor-section elementor-top-section elementor-element elementor-element-ff8c79d elementor-section-boxed elementor-section-height-default elementor-section-height-default\" data-id=\"ff8c79d\" data-element_type=\"section\">\n\t\t\t\t\t\t<div class=\"elementor-container elementor-column-gap-default\">\n\t\t\t\t\t<div class=\"elementor-column elementor-col-100 elementor-top-column elementor-element elementor-element-d9cd06a\" data-id=\"d9cd06a\" data-element_type=\"column\">\n\t\t\t<div class=\"elementor-widget-wrap elementor-element-populated\">\n\t\t\t\t\t\t<div class=\"elementor-element elementor-element-0a7d90d elementor-widget elementor-widget-text-editor\" data-id=\"0a7d90d\" data-element_type=\"widget\" data-widget_type=\"text-editor.default\">\n\t\t\t\t<div class=\"elementor-widget-container\">\n\t\t\t\t\t\t\t\t\t<p>A Pol\u00edcia Civil de Santa Catarina, por meio da Divis\u00e3o de Investiga\u00e7\u00e3o Criminal (DIC) de Joinville realizou uma opera\u00e7\u00e3o nesta quinta-feira (20), no bairro Parque Guarani, no munic\u00edpio de Joinville e prendeu tr\u00eas homens por recepta\u00e7\u00e3o qualificada e adultera\u00e7\u00e3o de sinal identificador de ve\u00edculo automotor.<\/p><p>Os policiais civis identificaram um local que funcionaria como casa de autope\u00e7as, situado no bairro Parque Guarani, onde criminosos estariam desmanchando ve\u00edculos roubados. Assim, nesta quarta-feira (20), a equipe realizou dilig\u00eancias, localizou e apreendeu pe\u00e7as de um ve\u00edculo GM\/Captiva, com registro de furto, al\u00e9m de pe\u00e7as de um autom\u00f3vel Fiat, com as numera\u00e7\u00f5es suprimidas, sendo que tr\u00eas criminosos foram presos. Os indiv\u00edduos j\u00e1 haviam sido detidos anteriormente por crimes semelhantes.<\/p><p>As dilig\u00eancias contaram com a participa\u00e7\u00e3o da Pol\u00edcia Cient\u00edfica de Joinville. Ap\u00f3s os procedimentos de Pol\u00edcia Judici\u00e1ria, os criminosos foram conduzidos ao Pres\u00eddio Regional de Joinville.\u00a0<\/p><div>\u00a0<\/div>\t\t\t\t\t\t\t\t<\/div>\n\t\t\t\t<\/div>\n\t\t\t\t\t<\/div>\n\t\t<\/div>\n\t\t\t\t\t<\/div>\n\t\t<\/section>\n\t\t\t\t<\/div>\n\t\t","protected":false},"excerpt":{"rendered":"<p>DIC de Joinville localiza desmanche ilegal de ve\u00edculos e prende tr\u00eas pessoas A Pol\u00edcia Civil de Santa Catarina, por meio da Divis\u00e3o de Investiga\u00e7\u00e3o Criminal (DIC) de Joinville realizou uma opera\u00e7\u00e3o nesta quinta-feira (20), no bairro Parque Guarani, no munic\u00edpio de Joinville e prendeu tr\u00eas homens por recepta\u00e7\u00e3o qualificada e adultera\u00e7\u00e3o de sinal identificador de [&hellip;]<\/p>\n","protected":false},"author":5,"featured_media":18486,"comment_status":"closed","ping_status":"open","sticky":false,"template":"","format":"standard","meta":{"_monsterinsights_skip_tracking":false,"_monsterinsights_sitenote_active":false,"_monsterinsights_sitenote_note":"","_monsterinsights_sitenote_category":0,"footnotes":""},"categories":[1],"tags":[],"class_list":["post-18485","post","type-post","status-publish","format-standard","has-post-thumbnail","hentry","category-sem-categoria"],"_links":{"self":[{"href":"https:\/\/pc.sc.gov.br\/index.php?rest_route=\/wp\/v2\/posts\/18485","targetHints":{"allow":["GET"]}}],"collection":[{"href":"https:\/\/pc.sc.gov.br\/index.php?rest_route=\/wp\/v2\/posts"}],"about":[{"href":"https:\/\/pc.sc.gov.br\/index.php?rest_route=\/wp\/v2\/types\/post"}],"author":[{"embeddable":true,"href":"https:\/\/pc.sc.gov.br\/index.php?rest_route=\/wp\/v2\/users\/5"}],"replies":[{"embeddable":true,"href":"https:\/\/pc.sc.gov.br\/index.php?rest_route=%2Fwp%2Fv2%2Fcomments&post=18485"}],"version-history":[{"count":4,"href":"https:\/\/pc.sc.gov.br\/index.php?rest_route=\/wp\/v2\/posts\/18485\/revisions"}],"predecessor-version":[{"id":18490,"href":"https:\/\/pc.sc.gov.br\/index.php?rest_route=\/wp\/v2\/posts\/18485\/revisions\/18490"}],"wp:featuredmedia":[{"embeddable":true,"href":"https:\/\/pc.sc.gov.br\/index.php?rest_route=\/wp\/v2\/media\/18486"}],"wp:attachment":[{"href":"https:\/\/pc.sc.gov.br\/index.php?rest_route=%2Fwp%2Fv2%2Fmedia&parent=18485"}],"wp:term":[{"taxonomy":"category","embeddable":true,"href":"https:\/\/pc.sc.gov.br\/index.php?rest_route=%2Fwp%2Fv2%2Fcategories&post=18485"},{"taxonomy":"post_tag","embeddable":true,"href":"https:\/\/pc.sc.gov.br\/index.php?rest_route=%2Fwp%2Fv2%2Ftags&post=18485"}],"curies":[{"name":"wp","href":"https:\/\/api.w.org\/{rel}","templated":true}]}}