{"id":18507,"date":"2024-03-21T14:45:57","date_gmt":"2024-03-21T17:45:57","guid":{"rendered":"https:\/\/pc.sc.gov.br\/?p=18507"},"modified":"2024-03-21T14:52:24","modified_gmt":"2024-03-21T17:52:24","slug":"decor-deic-deflagra-operacao-terra-nostra-e-cumpre-mandados-de-busca-e-apreensao-e-sequestro-de-valores-de-aproximadamente-r-13-milhao","status":"publish","type":"post","link":"https:\/\/pc.sc.gov.br\/?p=18507","title":{"rendered":"DECOR\/DEIC deflagra opera\u00e7\u00e3o \u201cTerra Nostra\u201d e cumpre mandados de busca e apreens\u00e3o e sequestro de valores de aproximadamente R$ 1,3 milh\u00e3o"},"content":{"rendered":"\t\t<div data-elementor-type=\"wp-post\" data-elementor-id=\"18507\" class=\"elementor elementor-18507\" data-elementor-post-type=\"post\">\n\t\t\t\t\t\t<section class=\"elementor-section elementor-top-section elementor-element elementor-element-95d95fc elementor-section-boxed elementor-section-height-default elementor-section-height-default\" data-id=\"95d95fc\" data-element_type=\"section\">\n\t\t\t\t\t\t<div class=\"elementor-container elementor-column-gap-default\">\n\t\t\t\t\t<div class=\"elementor-column elementor-col-100 elementor-top-column elementor-element elementor-element-7cf8b8a\" data-id=\"7cf8b8a\" data-element_type=\"column\">\n\t\t\t<div class=\"elementor-widget-wrap elementor-element-populated\">\n\t\t\t\t\t\t<div class=\"elementor-element elementor-element-1d688f6 elementor-widget elementor-widget-heading\" data-id=\"1d688f6\" data-element_type=\"widget\" data-widget_type=\"heading.default\">\n\t\t\t\t<div class=\"elementor-widget-container\">\n\t\t\t\t\t<h2 class=\"elementor-heading-title elementor-size-default\">DECOR\/DEIC deflagra opera\u00e7\u00e3o \u201cTerra Nostra\u201d e cumpre mandados de busca e sequestro de valores de aproximadamente R$ 1,3 milh\u00e3o<\/h2>\t\t\t\t<\/div>\n\t\t\t\t<\/div>\n\t\t\t\t\t<\/div>\n\t\t<\/div>\n\t\t\t\t\t<\/div>\n\t\t<\/section>\n\t\t\t\t<section class=\"elementor-section elementor-top-section elementor-element elementor-element-8a29837 elementor-section-boxed elementor-section-height-default elementor-section-height-default\" data-id=\"8a29837\" data-element_type=\"section\">\n\t\t\t\t\t\t<div class=\"elementor-container elementor-column-gap-default\">\n\t\t\t\t\t<div class=\"elementor-column elementor-col-100 elementor-top-column elementor-element elementor-element-9197326\" data-id=\"9197326\" data-element_type=\"column\">\n\t\t\t<div class=\"elementor-widget-wrap elementor-element-populated\">\n\t\t\t\t\t\t<div class=\"elementor-element elementor-element-806fc08 elementor-widget elementor-widget-image\" data-id=\"806fc08\" data-element_type=\"widget\" data-widget_type=\"image.default\">\n\t\t\t\t<div class=\"elementor-widget-container\">\n\t\t\t\t\t\t\t\t\t\t\t\t\t\t\t<img fetchpriority=\"high\" decoding=\"async\" width=\"696\" height=\"307\" src=\"https:\/\/pc.sc.gov.br\/\/wp-content\/uploads\/2024\/03\/2ea21ee1-141c-480e-932a-b62449140ac3-fotor-2024032114470-1024x451.jpg\" class=\"attachment-large size-large wp-image-18508\" alt=\"\" srcset=\"https:\/\/pc.sc.gov.br\/\/wp-content\/uploads\/2024\/03\/2ea21ee1-141c-480e-932a-b62449140ac3-fotor-2024032114470-1024x451.jpg 1024w, https:\/\/pc.sc.gov.br\/\/wp-content\/uploads\/2024\/03\/2ea21ee1-141c-480e-932a-b62449140ac3-fotor-2024032114470-300x132.jpg 300w, https:\/\/pc.sc.gov.br\/\/wp-content\/uploads\/2024\/03\/2ea21ee1-141c-480e-932a-b62449140ac3-fotor-2024032114470-768x339.jpg 768w, https:\/\/pc.sc.gov.br\/\/wp-content\/uploads\/2024\/03\/2ea21ee1-141c-480e-932a-b62449140ac3-fotor-2024032114470.jpg 1175w\" sizes=\"(max-width: 696px) 100vw, 696px\" \/>\t\t\t\t\t\t\t\t\t\t\t\t\t\t\t<\/div>\n\t\t\t\t<\/div>\n\t\t\t\t\t<\/div>\n\t\t<\/div>\n\t\t\t\t\t<\/div>\n\t\t<\/section>\n\t\t\t\t<section class=\"elementor-section elementor-top-section elementor-element elementor-element-ea5b570 elementor-section-boxed elementor-section-height-default elementor-section-height-default\" data-id=\"ea5b570\" data-element_type=\"section\">\n\t\t\t\t\t\t<div class=\"elementor-container elementor-column-gap-default\">\n\t\t\t\t\t<div class=\"elementor-column elementor-col-100 elementor-top-column elementor-element elementor-element-6eb31c0\" data-id=\"6eb31c0\" data-element_type=\"column\">\n\t\t\t<div class=\"elementor-widget-wrap elementor-element-populated\">\n\t\t\t\t\t\t<div class=\"elementor-element elementor-element-5192bda elementor-widget elementor-widget-text-editor\" data-id=\"5192bda\" data-element_type=\"widget\" data-widget_type=\"text-editor.default\">\n\t\t\t\t<div class=\"elementor-widget-container\">\n\t\t\t\t\t\t\t\t\t<p style=\"font-weight: 400; letter-spacing: -0.2px;\">A Pol\u00edcia Civil do Estado de Santa Catarina, por interm\u00e9dio da 2\u00b0 Delegacia de Combate \u00e0 Corrup\u00e7\u00e3o, cumpriu, nesta quinta-feira (21), em Urussanga,&nbsp; 19 (dezenove) mandados de busca e apreens\u00e3o, assim como o sequestro de valores de, aproximadamente, R$ 1,3 milh\u00e3o a fim de garantir eventual ressarcimento ao er\u00e1rio.<\/p>\n<p style=\"font-weight: 400; letter-spacing: -0.2px;\">Ap\u00f3s autoriza\u00e7\u00e3o concedida pelo Tribunal de Justi\u00e7a de Santa Catarina, por interm\u00e9dio da Desembargadora Cinthia Beatriz da Silva Bittencourt Schaefer, a Pol\u00edcia Civil de Santa Catarina instaurou inqu\u00e9rito policial para apurar a aquisi\u00e7\u00e3o, por parte de Executivo Municipal, com valor, ao que tudo indica, superfaturado.&nbsp;<\/p>\n<p style=\"font-weight: 400; letter-spacing: -0.2px;\">O im\u00f3vel, em 2023, teria sido adquirido para se destinar a cria\u00e7\u00e3o do parque industrial III. Todavia, conforme apurado, o munic\u00edpio possui, na mesma localidade, os parques industriais I e II, sendo que o primeiro parque tem lotes dispon\u00edveis para cess\u00e3o de uso desde 2019, enquanto que o segundo n\u00e3o se encontra nem com as obras finalizadas. Mesmo diante disto, o munic\u00edpio adquiriu outra por\u00e7\u00e3o de terra com valor, pelo o que vem se evidenciando, com valor superfaturado em mais do dobro.<\/p>\n<p style=\"font-weight: 400; letter-spacing: -0.2px;\">No decorrer das investiga\u00e7\u00f5es, constatou-se nova aquisi\u00e7\u00e3o imobili\u00e1ria pelo ente municipal. Desta vez sob a justificativa da cria\u00e7\u00e3o de nova garagem municipal. Contudo, a investiga\u00e7\u00e3o apurou que o referido im\u00f3vel restou arrematado, em 2021, em hasta p\u00fablica pelo valor de R$ 55 mil, sendo-o avaliado, em 2021, por perito judicial no valor de R$ 45 mil. Todavia, no in\u00edcio de 2024, restou vendido \u00e0 municipalidade pelo valor aproximado de R$ 650 mil.<\/p>\n<p style=\"font-weight: 400; letter-spacing: -0.2px;\">Diante do exposto, evidenciado ind\u00edcios do uso indevido da renda p\u00fablica (artigo 1\u00b0, II, do decreto lei 201-67) atrav\u00e9s da aquisi\u00e7\u00e3o de im\u00f3veis com valores, ao que tudo se indica, superfaturado, PCSC representou por mandados de busca e apreens\u00e3o e sequestro de valores, restando os pedidos acatados pelo Tribunal de Justi\u00e7a Catarinense ap\u00f3s parecer favor\u00e1vel do Minist\u00e9rio P\u00fablico de Santa Catarina.<\/p>\n<p style=\"font-weight: 400; letter-spacing: -0.2px;\">As investiga\u00e7\u00f5es apuram, ainda, eventual falsidade ideol\u00f3gica relacionada ao laudo de avalia\u00e7\u00e3o formulado pela comiss\u00e3o de avalia\u00e7\u00e3o constitu\u00edda pelo chefe do executivo que, em s\u00edntese, viabilizou a aquisi\u00e7\u00e3o destes dois im\u00f3veis, assim como apura a eventual participa\u00e7\u00e3o de outras pessoas.<\/p>\n<p style=\"font-weight: 400; letter-spacing: -0.2px;\">A opera\u00e7\u00e3o policial contou com, aproximadamente, 70 policiais civis, bem como equipes da Pol\u00edcia Cient\u00edfica e integrantes da comiss\u00e3o de prerrogativas da OAB.<\/p>\n<p style=\"letter-spacing: -0.2px;\"><b>Colabore com a Pol\u00edcia Civil atrav\u00e9s dos n\u00fameros 181 e (48) 3631 9944.<\/b><span style=\"font-weight: 400; letter-spacing: -0.2px; color: var( --e-global-color-text ); font-family: var( --e-global-typography-text-font-family ), Sans-serif; font-size: var( --e-global-typography-text-font-size );\">&nbsp;<\/span><\/p>\t\t\t\t\t\t\t\t<\/div>\n\t\t\t\t<\/div>\n\t\t\t\t\t<\/div>\n\t\t<\/div>\n\t\t\t\t\t<\/div>\n\t\t<\/section>\n\t\t\t\t<\/div>\n\t\t","protected":false},"excerpt":{"rendered":"<p>DECOR\/DEIC deflagra opera\u00e7\u00e3o \u201cTerra Nostra\u201d e cumpre mandados de busca e sequestro de valores de aproximadamente R$ 1,3 milh\u00e3o A Pol\u00edcia Civil do Estado de Santa Catarina, por interm\u00e9dio da 2\u00b0 Delegacia de Combate \u00e0 Corrup\u00e7\u00e3o, cumpriu, nesta quinta-feira (21), em Urussanga,&nbsp; 19 (dezenove) mandados de busca e apreens\u00e3o, assim como o sequestro de valores [&hellip;]<\/p>\n","protected":false},"author":5,"featured_media":18509,"comment_status":"closed","ping_status":"open","sticky":false,"template":"","format":"standard","meta":{"_monsterinsights_skip_tracking":false,"_monsterinsights_sitenote_active":false,"_monsterinsights_sitenote_note":"","_monsterinsights_sitenote_category":0,"footnotes":""},"categories":[1],"tags":[],"class_list":["post-18507","post","type-post","status-publish","format-standard","has-post-thumbnail","hentry","category-sem-categoria"],"_links":{"self":[{"href":"https:\/\/pc.sc.gov.br\/index.php?rest_route=\/wp\/v2\/posts\/18507","targetHints":{"allow":["GET"]}}],"collection":[{"href":"https:\/\/pc.sc.gov.br\/index.php?rest_route=\/wp\/v2\/posts"}],"about":[{"href":"https:\/\/pc.sc.gov.br\/index.php?rest_route=\/wp\/v2\/types\/post"}],"author":[{"embeddable":true,"href":"https:\/\/pc.sc.gov.br\/index.php?rest_route=\/wp\/v2\/users\/5"}],"replies":[{"embeddable":true,"href":"https:\/\/pc.sc.gov.br\/index.php?rest_route=%2Fwp%2Fv2%2Fcomments&post=18507"}],"version-history":[{"count":3,"href":"https:\/\/pc.sc.gov.br\/index.php?rest_route=\/wp\/v2\/posts\/18507\/revisions"}],"predecessor-version":[{"id":18513,"href":"https:\/\/pc.sc.gov.br\/index.php?rest_route=\/wp\/v2\/posts\/18507\/revisions\/18513"}],"wp:featuredmedia":[{"embeddable":true,"href":"https:\/\/pc.sc.gov.br\/index.php?rest_route=\/wp\/v2\/media\/18509"}],"wp:attachment":[{"href":"https:\/\/pc.sc.gov.br\/index.php?rest_route=%2Fwp%2Fv2%2Fmedia&parent=18507"}],"wp:term":[{"taxonomy":"category","embeddable":true,"href":"https:\/\/pc.sc.gov.br\/index.php?rest_route=%2Fwp%2Fv2%2Fcategories&post=18507"},{"taxonomy":"post_tag","embeddable":true,"href":"https:\/\/pc.sc.gov.br\/index.php?rest_route=%2Fwp%2Fv2%2Ftags&post=18507"}],"curies":[{"name":"wp","href":"https:\/\/api.w.org\/{rel}","templated":true}]}}