{"id":18514,"date":"2024-03-21T15:44:06","date_gmt":"2024-03-21T18:44:06","guid":{"rendered":"https:\/\/pc.sc.gov.br\/?p=18514"},"modified":"2024-03-21T15:46:28","modified_gmt":"2024-03-21T18:46:28","slug":"draco-deic-deflagra-operacao-planalto-02-e-cumpre-mandados-de-busca-e-apreensao-em-cinco-municipios-de-sc","status":"publish","type":"post","link":"https:\/\/pc.sc.gov.br\/?p=18514","title":{"rendered":"DRACO\/DEIC deflagra opera\u00e7\u00e3o Planalto 02 e cumpre mandados de busca e apreens\u00e3o em cinco munic\u00edpios de SC"},"content":{"rendered":"\t\t<div data-elementor-type=\"wp-post\" data-elementor-id=\"18514\" class=\"elementor elementor-18514\" data-elementor-post-type=\"post\">\n\t\t\t\t\t\t<section class=\"elementor-section elementor-top-section elementor-element elementor-element-2cda13a elementor-section-boxed elementor-section-height-default elementor-section-height-default\" data-id=\"2cda13a\" data-element_type=\"section\">\n\t\t\t\t\t\t<div class=\"elementor-container elementor-column-gap-default\">\n\t\t\t\t\t<div class=\"elementor-column elementor-col-100 elementor-top-column elementor-element elementor-element-a7d4ab7\" data-id=\"a7d4ab7\" data-element_type=\"column\">\n\t\t\t<div class=\"elementor-widget-wrap elementor-element-populated\">\n\t\t\t\t\t\t<div class=\"elementor-element elementor-element-6a8745b elementor-widget elementor-widget-heading\" data-id=\"6a8745b\" data-element_type=\"widget\" data-widget_type=\"heading.default\">\n\t\t\t\t<div class=\"elementor-widget-container\">\n\t\t\t\t\t<h2 class=\"elementor-heading-title elementor-size-default\">DRACO\/DEIC deflagra opera\u00e7\u00e3o Planalto 02 e cumpre NOVE mandados de busca e apreens\u00e3o em cinco munic\u00edpios de SC<\/h2>\t\t\t\t<\/div>\n\t\t\t\t<\/div>\n\t\t\t\t\t<\/div>\n\t\t<\/div>\n\t\t\t\t\t<\/div>\n\t\t<\/section>\n\t\t\t\t<section class=\"elementor-section elementor-top-section elementor-element elementor-element-c30c379 elementor-section-boxed elementor-section-height-default elementor-section-height-default\" data-id=\"c30c379\" data-element_type=\"section\">\n\t\t\t\t\t\t<div class=\"elementor-container elementor-column-gap-default\">\n\t\t\t\t\t<div class=\"elementor-column elementor-col-100 elementor-top-column elementor-element elementor-element-4b991bd\" data-id=\"4b991bd\" data-element_type=\"column\">\n\t\t\t<div class=\"elementor-widget-wrap elementor-element-populated\">\n\t\t\t\t\t\t<div class=\"elementor-element elementor-element-6371343 elementor-widget elementor-widget-image\" data-id=\"6371343\" data-element_type=\"widget\" data-widget_type=\"image.default\">\n\t\t\t\t<div class=\"elementor-widget-container\">\n\t\t\t\t\t\t\t\t\t\t\t\t\t\t\t<img fetchpriority=\"high\" decoding=\"async\" width=\"696\" height=\"406\" src=\"https:\/\/pc.sc.gov.br\/\/wp-content\/uploads\/2024\/03\/WhatsApp-Image-2024-03-21-at-12.14.46-PM-fotor-20240321154355.jpg\" class=\"attachment-large size-large wp-image-18515\" alt=\"\" srcset=\"https:\/\/pc.sc.gov.br\/\/wp-content\/uploads\/2024\/03\/WhatsApp-Image-2024-03-21-at-12.14.46-PM-fotor-20240321154355.jpg 703w, https:\/\/pc.sc.gov.br\/\/wp-content\/uploads\/2024\/03\/WhatsApp-Image-2024-03-21-at-12.14.46-PM-fotor-20240321154355-300x175.jpg 300w\" sizes=\"(max-width: 696px) 100vw, 696px\" \/>\t\t\t\t\t\t\t\t\t\t\t\t\t\t\t<\/div>\n\t\t\t\t<\/div>\n\t\t\t\t\t<\/div>\n\t\t<\/div>\n\t\t\t\t\t<\/div>\n\t\t<\/section>\n\t\t\t\t<section class=\"elementor-section elementor-top-section elementor-element elementor-element-fba674b elementor-section-boxed elementor-section-height-default elementor-section-height-default\" data-id=\"fba674b\" data-element_type=\"section\">\n\t\t\t\t\t\t<div class=\"elementor-container elementor-column-gap-default\">\n\t\t\t\t\t<div class=\"elementor-column elementor-col-100 elementor-top-column elementor-element elementor-element-1523b83\" data-id=\"1523b83\" data-element_type=\"column\">\n\t\t\t<div class=\"elementor-widget-wrap elementor-element-populated\">\n\t\t\t\t\t\t<div class=\"elementor-element elementor-element-7db67a0 elementor-widget elementor-widget-text-editor\" data-id=\"7db67a0\" data-element_type=\"widget\" data-widget_type=\"text-editor.default\">\n\t\t\t\t<div class=\"elementor-widget-container\">\n\t\t\t\t\t\t\t\t\t<p>A Pol\u00edcia Civil de Santa Catarina, por meio da DRACO\/DEIC deflagrou nesta quinta-feira (21\/03) a opera\u00e7\u00e3o policial Planalto 02 para cumprir nove mandados de busca e apreens\u00e3o. As investiga\u00e7\u00f5es coordenadas pelo delegado Antonio Claudio J\u00f3ca, titular da DRACO, se iniciaram ap\u00f3s decis\u00e3o judicial de compartilhamento provas de investiga\u00e7\u00e3o oriunda da DPCO de Fraiburgo.&nbsp;<\/p>\n<p>Desta forma, a DRACO\/DEIC identificou, nessa segunda fase da investiga\u00e7\u00e3o, cerca de 17 integrantes de um n\u00facleo da organiza\u00e7\u00e3o criminosa Catarinense que atua principalmente na cidade de Lages.<\/p>\n<p>Nessa quinta-feira (21) cerca de 45 Policiais Civis da DRACO\/DEIC, DPOL, DPOI e NOC cumpriram nove mandados de busca e apreens\u00e3o nas cidades de Lages, Rio do Sul, Gaspar, Pouso Redondo e Itai\u00f3polis.<\/p>\n<p>Na primeira fase da opera\u00e7\u00e3o Planalto j\u00e1 foram cumpridos 14 mandados de busca e apreens\u00e3o, o sequestro de quatro ve\u00edculos de luxo e a pris\u00e3o em flagrante de dois integrantes da organiza\u00e7\u00e3o criminosa investigada, com grande quantidade de drogas.&nbsp;&nbsp;<span style=\"font-family: var( --e-global-typography-primary-font-family ), Sans-serif; font-size: var( --e-global-typography-primary-font-size ); font-weight: var( --e-global-typography-primary-font-weight ); letter-spacing: var( --e-global-typography-primary-letter-spacing );\">As investiga\u00e7\u00f5es continuam para identificar os demais integrantes dessa organiza\u00e7\u00e3o criminosa que atua dentro e fora dos pres\u00eddios no estado de Santa Catarina.<\/span><span style=\"color: var( --e-global-color-text ); font-family: var( --e-global-typography-primary-font-family ), Sans-serif; font-size: var( --e-global-typography-primary-font-size ); font-weight: var( --e-global-typography-primary-font-weight ); letter-spacing: var( --e-global-typography-primary-letter-spacing );\">&nbsp;<\/span><\/p>\t\t\t\t\t\t\t\t<\/div>\n\t\t\t\t<\/div>\n\t\t\t\t\t<\/div>\n\t\t<\/div>\n\t\t\t\t\t<\/div>\n\t\t<\/section>\n\t\t\t\t<\/div>\n\t\t","protected":false},"excerpt":{"rendered":"<p>DRACO\/DEIC deflagra opera\u00e7\u00e3o Planalto 02 e cumpre NOVE mandados de busca e apreens\u00e3o em cinco munic\u00edpios de SC A Pol\u00edcia Civil de Santa Catarina, por meio da DRACO\/DEIC deflagrou nesta quinta-feira (21\/03) a opera\u00e7\u00e3o policial Planalto 02 para cumprir nove mandados de busca e apreens\u00e3o. As investiga\u00e7\u00f5es coordenadas pelo delegado Antonio Claudio J\u00f3ca, titular da [&hellip;]<\/p>\n","protected":false},"author":5,"featured_media":18515,"comment_status":"closed","ping_status":"open","sticky":false,"template":"","format":"standard","meta":{"_monsterinsights_skip_tracking":false,"_monsterinsights_sitenote_active":false,"_monsterinsights_sitenote_note":"","_monsterinsights_sitenote_category":0,"footnotes":""},"categories":[1],"tags":[],"class_list":["post-18514","post","type-post","status-publish","format-standard","has-post-thumbnail","hentry","category-sem-categoria"],"_links":{"self":[{"href":"https:\/\/pc.sc.gov.br\/index.php?rest_route=\/wp\/v2\/posts\/18514","targetHints":{"allow":["GET"]}}],"collection":[{"href":"https:\/\/pc.sc.gov.br\/index.php?rest_route=\/wp\/v2\/posts"}],"about":[{"href":"https:\/\/pc.sc.gov.br\/index.php?rest_route=\/wp\/v2\/types\/post"}],"author":[{"embeddable":true,"href":"https:\/\/pc.sc.gov.br\/index.php?rest_route=\/wp\/v2\/users\/5"}],"replies":[{"embeddable":true,"href":"https:\/\/pc.sc.gov.br\/index.php?rest_route=%2Fwp%2Fv2%2Fcomments&post=18514"}],"version-history":[{"count":3,"href":"https:\/\/pc.sc.gov.br\/index.php?rest_route=\/wp\/v2\/posts\/18514\/revisions"}],"predecessor-version":[{"id":18518,"href":"https:\/\/pc.sc.gov.br\/index.php?rest_route=\/wp\/v2\/posts\/18514\/revisions\/18518"}],"wp:featuredmedia":[{"embeddable":true,"href":"https:\/\/pc.sc.gov.br\/index.php?rest_route=\/wp\/v2\/media\/18515"}],"wp:attachment":[{"href":"https:\/\/pc.sc.gov.br\/index.php?rest_route=%2Fwp%2Fv2%2Fmedia&parent=18514"}],"wp:term":[{"taxonomy":"category","embeddable":true,"href":"https:\/\/pc.sc.gov.br\/index.php?rest_route=%2Fwp%2Fv2%2Fcategories&post=18514"},{"taxonomy":"post_tag","embeddable":true,"href":"https:\/\/pc.sc.gov.br\/index.php?rest_route=%2Fwp%2Fv2%2Ftags&post=18514"}],"curies":[{"name":"wp","href":"https:\/\/api.w.org\/{rel}","templated":true}]}}