{"id":18519,"date":"2024-03-21T16:05:00","date_gmt":"2024-03-21T19:05:00","guid":{"rendered":"https:\/\/pc.sc.gov.br\/?p=18519"},"modified":"2024-03-21T16:05:51","modified_gmt":"2024-03-21T19:05:51","slug":"10a-dp-da-capital-conclui-investigacao-com-mais-uma-prisao-preventiva-por-furtos-na-regiao-da-lagoa-da-conceicao","status":"publish","type":"post","link":"https:\/\/pc.sc.gov.br\/?p=18519","title":{"rendered":"10\u00aa DP da Capital conclui investiga\u00e7\u00e3o com mais uma pris\u00e3o preventiva por furtos na regi\u00e3o da Lagoa da Concei\u00e7\u00e3o"},"content":{"rendered":"\t\t<div data-elementor-type=\"wp-post\" data-elementor-id=\"18519\" class=\"elementor elementor-18519\" data-elementor-post-type=\"post\">\n\t\t\t\t\t\t<section class=\"elementor-section elementor-top-section elementor-element elementor-element-07f5f28 elementor-section-boxed elementor-section-height-default elementor-section-height-default\" data-id=\"07f5f28\" data-element_type=\"section\">\n\t\t\t\t\t\t<div class=\"elementor-container elementor-column-gap-default\">\n\t\t\t\t\t<div class=\"elementor-column elementor-col-100 elementor-top-column elementor-element elementor-element-08aa247\" data-id=\"08aa247\" data-element_type=\"column\">\n\t\t\t<div class=\"elementor-widget-wrap elementor-element-populated\">\n\t\t\t\t\t\t<div class=\"elementor-element elementor-element-4a5edde elementor-widget elementor-widget-heading\" data-id=\"4a5edde\" data-element_type=\"widget\" data-widget_type=\"heading.default\">\n\t\t\t\t<div class=\"elementor-widget-container\">\n\t\t\t\t\t<h2 class=\"elementor-heading-title elementor-size-default\">10\u00aa DP da Capital conclui investiga\u00e7\u00e3o com mais uma pris\u00e3o preventiva por furtos na regi\u00e3o da Lagoa da Concei\u00e7\u00e3o<\/h2>\t\t\t\t<\/div>\n\t\t\t\t<\/div>\n\t\t\t\t\t<\/div>\n\t\t<\/div>\n\t\t\t\t\t<\/div>\n\t\t<\/section>\n\t\t\t\t<section class=\"elementor-section elementor-top-section elementor-element elementor-element-718b700 elementor-section-boxed elementor-section-height-default elementor-section-height-default\" data-id=\"718b700\" data-element_type=\"section\">\n\t\t\t\t\t\t<div class=\"elementor-container elementor-column-gap-default\">\n\t\t\t\t\t<div class=\"elementor-column elementor-col-100 elementor-top-column elementor-element elementor-element-4a2ebc0\" data-id=\"4a2ebc0\" data-element_type=\"column\">\n\t\t\t<div class=\"elementor-widget-wrap elementor-element-populated\">\n\t\t\t\t\t\t<div class=\"elementor-element elementor-element-5791543 elementor-widget elementor-widget-image\" data-id=\"5791543\" data-element_type=\"widget\" data-widget_type=\"image.default\">\n\t\t\t\t<div class=\"elementor-widget-container\">\n\t\t\t\t\t\t\t\t\t\t\t\t\t\t\t<img fetchpriority=\"high\" decoding=\"async\" width=\"696\" height=\"909\" src=\"https:\/\/pc.sc.gov.br\/\/wp-content\/uploads\/2024\/03\/WhatsApp-Image-2024-03-14-at-1.40.07-PM-784x1024.jpeg\" class=\"attachment-large size-large wp-image-18520\" alt=\"\" srcset=\"https:\/\/pc.sc.gov.br\/\/wp-content\/uploads\/2024\/03\/WhatsApp-Image-2024-03-14-at-1.40.07-PM-784x1024.jpeg 784w, https:\/\/pc.sc.gov.br\/\/wp-content\/uploads\/2024\/03\/WhatsApp-Image-2024-03-14-at-1.40.07-PM-230x300.jpeg 230w, https:\/\/pc.sc.gov.br\/\/wp-content\/uploads\/2024\/03\/WhatsApp-Image-2024-03-14-at-1.40.07-PM-768x1003.jpeg 768w, https:\/\/pc.sc.gov.br\/\/wp-content\/uploads\/2024\/03\/WhatsApp-Image-2024-03-14-at-1.40.07-PM.jpeg 828w\" sizes=\"(max-width: 696px) 100vw, 696px\" \/>\t\t\t\t\t\t\t\t\t\t\t\t\t\t\t<\/div>\n\t\t\t\t<\/div>\n\t\t\t\t\t<\/div>\n\t\t<\/div>\n\t\t\t\t\t<\/div>\n\t\t<\/section>\n\t\t\t\t<section class=\"elementor-section elementor-top-section elementor-element elementor-element-2ba82de elementor-section-boxed elementor-section-height-default elementor-section-height-default\" data-id=\"2ba82de\" data-element_type=\"section\">\n\t\t\t\t\t\t<div class=\"elementor-container elementor-column-gap-default\">\n\t\t\t\t\t<div class=\"elementor-column elementor-col-100 elementor-top-column elementor-element elementor-element-a78d357\" data-id=\"a78d357\" data-element_type=\"column\">\n\t\t\t<div class=\"elementor-widget-wrap elementor-element-populated\">\n\t\t\t\t\t\t<div class=\"elementor-element elementor-element-5d99301 elementor-widget elementor-widget-text-editor\" data-id=\"5d99301\" data-element_type=\"widget\" data-widget_type=\"text-editor.default\">\n\t\t\t\t<div class=\"elementor-widget-container\">\n\t\t\t\t\t\t\t\t\t<p>A Pol\u00edcia Civil de Santa Catarina, por meio da 10\u00aa Delegacia de Pol\u00edcia da Capital, concluiu investiga\u00e7\u00e3o de crimes de furto na regi\u00e3o da Lagoa da Concei\u00e7\u00e3o, em Florian\u00f3polis. Na manh\u00e3 desta quinta-feira (21), com apoio da Guarda Municipal, foi dado cumprimento ao mandado de pris\u00e3o preventiva em desfavor do investigado, que estava na regi\u00e3o central da cidade.<\/p><p>De acordo com as investiga\u00e7\u00f5es da 10\u00aa DP foi verificado que o autor estava almo\u00e7ando no Restaurante Popular de Florian\u00f3polis, localizado na Av. Mauro Ramos, e em a\u00e7\u00e3o conjunta com a ROMU da GMF, foi poss\u00edvel capturar o suspeito.<\/p>\t\t\t\t\t\t\t\t<\/div>\n\t\t\t\t<\/div>\n\t\t\t\t\t<\/div>\n\t\t<\/div>\n\t\t\t\t\t<\/div>\n\t\t<\/section>\n\t\t\t\t<\/div>\n\t\t","protected":false},"excerpt":{"rendered":"<p>10\u00aa DP da Capital conclui investiga\u00e7\u00e3o com mais uma pris\u00e3o preventiva por furtos na regi\u00e3o da Lagoa da Concei\u00e7\u00e3o A Pol\u00edcia Civil de Santa Catarina, por meio da 10\u00aa Delegacia de Pol\u00edcia da Capital, concluiu investiga\u00e7\u00e3o de crimes de furto na regi\u00e3o da Lagoa da Concei\u00e7\u00e3o, em Florian\u00f3polis. Na manh\u00e3 desta quinta-feira (21), com apoio [&hellip;]<\/p>\n","protected":false},"author":5,"featured_media":18520,"comment_status":"closed","ping_status":"open","sticky":false,"template":"","format":"standard","meta":{"_monsterinsights_skip_tracking":false,"_monsterinsights_sitenote_active":false,"_monsterinsights_sitenote_note":"","_monsterinsights_sitenote_category":0,"footnotes":""},"categories":[1],"tags":[],"class_list":["post-18519","post","type-post","status-publish","format-standard","has-post-thumbnail","hentry","category-sem-categoria"],"_links":{"self":[{"href":"https:\/\/pc.sc.gov.br\/index.php?rest_route=\/wp\/v2\/posts\/18519","targetHints":{"allow":["GET"]}}],"collection":[{"href":"https:\/\/pc.sc.gov.br\/index.php?rest_route=\/wp\/v2\/posts"}],"about":[{"href":"https:\/\/pc.sc.gov.br\/index.php?rest_route=\/wp\/v2\/types\/post"}],"author":[{"embeddable":true,"href":"https:\/\/pc.sc.gov.br\/index.php?rest_route=\/wp\/v2\/users\/5"}],"replies":[{"embeddable":true,"href":"https:\/\/pc.sc.gov.br\/index.php?rest_route=%2Fwp%2Fv2%2Fcomments&post=18519"}],"version-history":[{"count":4,"href":"https:\/\/pc.sc.gov.br\/index.php?rest_route=\/wp\/v2\/posts\/18519\/revisions"}],"predecessor-version":[{"id":18524,"href":"https:\/\/pc.sc.gov.br\/index.php?rest_route=\/wp\/v2\/posts\/18519\/revisions\/18524"}],"wp:featuredmedia":[{"embeddable":true,"href":"https:\/\/pc.sc.gov.br\/index.php?rest_route=\/wp\/v2\/media\/18520"}],"wp:attachment":[{"href":"https:\/\/pc.sc.gov.br\/index.php?rest_route=%2Fwp%2Fv2%2Fmedia&parent=18519"}],"wp:term":[{"taxonomy":"category","embeddable":true,"href":"https:\/\/pc.sc.gov.br\/index.php?rest_route=%2Fwp%2Fv2%2Fcategories&post=18519"},{"taxonomy":"post_tag","embeddable":true,"href":"https:\/\/pc.sc.gov.br\/index.php?rest_route=%2Fwp%2Fv2%2Ftags&post=18519"}],"curies":[{"name":"wp","href":"https:\/\/api.w.org\/{rel}","templated":true}]}}