{"id":18526,"date":"2024-03-21T16:44:59","date_gmt":"2024-03-21T19:44:59","guid":{"rendered":"https:\/\/pc.sc.gov.br\/?p=18526"},"modified":"2024-03-21T16:46:25","modified_gmt":"2024-03-21T19:46:25","slug":"18a-drp-de-laguna-intensifica-acoes-de-combate-a-dengue-nas-instalacoes-da-unidade-policial","status":"publish","type":"post","link":"https:\/\/pc.sc.gov.br\/?p=18526","title":{"rendered":"18\u00aa DRP de Laguna intensifica a\u00e7\u00f5es de combate \u00e0 dengue nas instala\u00e7\u00f5es da unidade policial"},"content":{"rendered":"\t\t<div data-elementor-type=\"wp-post\" data-elementor-id=\"18526\" class=\"elementor elementor-18526\" data-elementor-post-type=\"post\">\n\t\t\t\t\t\t<section class=\"elementor-section elementor-top-section elementor-element elementor-element-d2b22c0 elementor-section-boxed elementor-section-height-default elementor-section-height-default\" data-id=\"d2b22c0\" data-element_type=\"section\">\n\t\t\t\t\t\t<div class=\"elementor-container elementor-column-gap-default\">\n\t\t\t\t\t<div class=\"elementor-column elementor-col-100 elementor-top-column elementor-element elementor-element-7b51133\" data-id=\"7b51133\" data-element_type=\"column\">\n\t\t\t<div class=\"elementor-widget-wrap elementor-element-populated\">\n\t\t\t\t\t\t<div class=\"elementor-element elementor-element-c657311 elementor-widget elementor-widget-heading\" data-id=\"c657311\" data-element_type=\"widget\" data-widget_type=\"heading.default\">\n\t\t\t\t<div class=\"elementor-widget-container\">\n\t\t\t\t\t<h2 class=\"elementor-heading-title elementor-size-default\">18\u00aa DRP de Laguna intensifica a\u00e7\u00f5es de combate \u00e0 dengue nas instala\u00e7\u00f5es da unidade policial<\/h2>\t\t\t\t<\/div>\n\t\t\t\t<\/div>\n\t\t\t\t\t<\/div>\n\t\t<\/div>\n\t\t\t\t\t<\/div>\n\t\t<\/section>\n\t\t\t\t<section class=\"elementor-section elementor-top-section elementor-element elementor-element-09fd143 elementor-section-boxed elementor-section-height-default elementor-section-height-default\" data-id=\"09fd143\" data-element_type=\"section\">\n\t\t\t\t\t\t<div class=\"elementor-container elementor-column-gap-default\">\n\t\t\t\t\t<div class=\"elementor-column elementor-col-100 elementor-top-column elementor-element elementor-element-5d2f050\" data-id=\"5d2f050\" data-element_type=\"column\">\n\t\t\t<div class=\"elementor-widget-wrap elementor-element-populated\">\n\t\t\t\t\t\t<div class=\"elementor-element elementor-element-2929a47 elementor-widget elementor-widget-image\" data-id=\"2929a47\" data-element_type=\"widget\" data-widget_type=\"image.default\">\n\t\t\t\t<div class=\"elementor-widget-container\">\n\t\t\t\t\t\t\t\t\t\t\t\t\t\t\t<img fetchpriority=\"high\" decoding=\"async\" width=\"696\" height=\"511\" src=\"https:\/\/pc.sc.gov.br\/\/wp-content\/uploads\/2024\/03\/fcdcebaa-7b24-4246-aeb8-d2e072a9e783-fotor-20240321163056.jpg\" class=\"attachment-large size-large wp-image-18530\" alt=\"\" srcset=\"https:\/\/pc.sc.gov.br\/\/wp-content\/uploads\/2024\/03\/fcdcebaa-7b24-4246-aeb8-d2e072a9e783-fotor-20240321163056.jpg 957w, https:\/\/pc.sc.gov.br\/\/wp-content\/uploads\/2024\/03\/fcdcebaa-7b24-4246-aeb8-d2e072a9e783-fotor-20240321163056-300x220.jpg 300w, https:\/\/pc.sc.gov.br\/\/wp-content\/uploads\/2024\/03\/fcdcebaa-7b24-4246-aeb8-d2e072a9e783-fotor-20240321163056-768x563.jpg 768w\" sizes=\"(max-width: 696px) 100vw, 696px\" \/>\t\t\t\t\t\t\t\t\t\t\t\t\t\t\t<\/div>\n\t\t\t\t<\/div>\n\t\t\t\t\t<\/div>\n\t\t<\/div>\n\t\t\t\t\t<\/div>\n\t\t<\/section>\n\t\t\t\t<section class=\"elementor-section elementor-top-section elementor-element elementor-element-bf60c34 elementor-section-boxed elementor-section-height-default elementor-section-height-default\" data-id=\"bf60c34\" data-element_type=\"section\">\n\t\t\t\t\t\t<div class=\"elementor-container elementor-column-gap-default\">\n\t\t\t\t\t<div class=\"elementor-column elementor-col-100 elementor-top-column elementor-element elementor-element-4d54a10\" data-id=\"4d54a10\" data-element_type=\"column\">\n\t\t\t<div class=\"elementor-widget-wrap elementor-element-populated\">\n\t\t\t\t\t\t<div class=\"elementor-element elementor-element-6feca47 elementor-widget elementor-widget-text-editor\" data-id=\"6feca47\" data-element_type=\"widget\" data-widget_type=\"text-editor.default\">\n\t\t\t\t<div class=\"elementor-widget-container\">\n\t\t\t\t\t\t\t\t\t<p>A Pol\u00edcia Civil de Santa Catarina, por interm\u00e9dio da 18\u00aa DRP de Laguna, est\u00e1 tomando medidas proativas em resposta \u00e0 situa\u00e7\u00e3o de emerg\u00eancia em sa\u00fade p\u00fablica enfrentada pelo Estado, principalmente devido ao aumento de casos de dengue.&nbsp;<\/p>\n<p>Compreendendo a gravidade da situa\u00e7\u00e3o e a necessidade urgente de preven\u00e7\u00e3o e controle, a 18\u00aa Delegacia Regional de Laguna, implementou a\u00e7\u00f5es ostensivas de fiscaliza\u00e7\u00e3o nas instala\u00e7\u00f5es da DRP. Policiais civis juntamente com os agentes de endemias foram envolvidos no amplo trabalho de fiscaliza\u00e7\u00e3o, abrangendo caixas d\u2019\u00e1gua, calhas, terrenos e outros locais cr\u00edticos que demandam aten\u00e7\u00e3o especial.&nbsp;<\/p>\n<p>A fiscaliza\u00e7\u00e3o da Vigil\u00e2ncia Sanit\u00e1ria e dos agentes de endemias, vinculados \u00e0 Vigil\u00e2ncia Epidemiol\u00f3gica, desempenharam papel crucial nessas a\u00e7\u00f5es preventivas. De acordo com a titular da 18\u00aa DRP de Laguna, delegada Vivian Selig, com essas a\u00e7\u00f5es a Pol\u00edcia Civil de Santa Catarina espera contribuir significativamente para a redu\u00e7\u00e3o dos riscos associados \u00e0 dengue, bem como incentivar a comunidade a se juntar a este esfor\u00e7o coletivo, destacando a responsabilidade compartilhada na luta contra essa grave amea\u00e7a \u00e0 sa\u00fade p\u00fablica.<span style=\"color: var( --e-global-color-text ); font-family: var( --e-global-typography-primary-font-family ), Sans-serif; font-size: var( --e-global-typography-primary-font-size ); font-weight: var( --e-global-typography-primary-font-weight ); letter-spacing: var( --e-global-typography-primary-letter-spacing );\">&nbsp;<\/span><\/p>\t\t\t\t\t\t\t\t<\/div>\n\t\t\t\t<\/div>\n\t\t\t\t\t<\/div>\n\t\t<\/div>\n\t\t\t\t\t<\/div>\n\t\t<\/section>\n\t\t\t\t<\/div>\n\t\t","protected":false},"excerpt":{"rendered":"<p>18\u00aa DRP de Laguna intensifica a\u00e7\u00f5es de combate \u00e0 dengue nas instala\u00e7\u00f5es da unidade policial A Pol\u00edcia Civil de Santa Catarina, por interm\u00e9dio da 18\u00aa DRP de Laguna, est\u00e1 tomando medidas proativas em resposta \u00e0 situa\u00e7\u00e3o de emerg\u00eancia em sa\u00fade p\u00fablica enfrentada pelo Estado, principalmente devido ao aumento de casos de dengue.&nbsp; Compreendendo a gravidade [&hellip;]<\/p>\n","protected":false},"author":5,"featured_media":18527,"comment_status":"closed","ping_status":"open","sticky":false,"template":"","format":"standard","meta":{"_monsterinsights_skip_tracking":false,"_monsterinsights_sitenote_active":false,"_monsterinsights_sitenote_note":"","_monsterinsights_sitenote_category":0,"footnotes":""},"categories":[1],"tags":[],"class_list":["post-18526","post","type-post","status-publish","format-standard","has-post-thumbnail","hentry","category-sem-categoria"],"_links":{"self":[{"href":"https:\/\/pc.sc.gov.br\/index.php?rest_route=\/wp\/v2\/posts\/18526","targetHints":{"allow":["GET"]}}],"collection":[{"href":"https:\/\/pc.sc.gov.br\/index.php?rest_route=\/wp\/v2\/posts"}],"about":[{"href":"https:\/\/pc.sc.gov.br\/index.php?rest_route=\/wp\/v2\/types\/post"}],"author":[{"embeddable":true,"href":"https:\/\/pc.sc.gov.br\/index.php?rest_route=\/wp\/v2\/users\/5"}],"replies":[{"embeddable":true,"href":"https:\/\/pc.sc.gov.br\/index.php?rest_route=%2Fwp%2Fv2%2Fcomments&post=18526"}],"version-history":[{"count":4,"href":"https:\/\/pc.sc.gov.br\/index.php?rest_route=\/wp\/v2\/posts\/18526\/revisions"}],"predecessor-version":[{"id":18533,"href":"https:\/\/pc.sc.gov.br\/index.php?rest_route=\/wp\/v2\/posts\/18526\/revisions\/18533"}],"wp:featuredmedia":[{"embeddable":true,"href":"https:\/\/pc.sc.gov.br\/index.php?rest_route=\/wp\/v2\/media\/18527"}],"wp:attachment":[{"href":"https:\/\/pc.sc.gov.br\/index.php?rest_route=%2Fwp%2Fv2%2Fmedia&parent=18526"}],"wp:term":[{"taxonomy":"category","embeddable":true,"href":"https:\/\/pc.sc.gov.br\/index.php?rest_route=%2Fwp%2Fv2%2Fcategories&post=18526"},{"taxonomy":"post_tag","embeddable":true,"href":"https:\/\/pc.sc.gov.br\/index.php?rest_route=%2Fwp%2Fv2%2Ftags&post=18526"}],"curies":[{"name":"wp","href":"https:\/\/api.w.org\/{rel}","templated":true}]}}