{"id":18536,"date":"2024-03-21T18:59:36","date_gmt":"2024-03-21T21:59:36","guid":{"rendered":"https:\/\/pc.sc.gov.br\/?p=18536"},"modified":"2024-03-21T19:02:40","modified_gmt":"2024-03-21T22:02:40","slug":"dre-deic-cumpre-mandado-de-busca-e-apreensao-que-culminou-na-prisao-em-flagrante-de-traficante-de-drogas-em-balneario-camboriu","status":"publish","type":"post","link":"https:\/\/pc.sc.gov.br\/?p=18536","title":{"rendered":"DRE\/DEIC cumpre mandado de busca e apreens\u00e3o, que culminou na pris\u00e3o em flagrante de traficante de drogas em Balne\u00e1rio Cambori\u00fa"},"content":{"rendered":"\t\t<div data-elementor-type=\"wp-post\" data-elementor-id=\"18536\" class=\"elementor elementor-18536\" data-elementor-post-type=\"post\">\n\t\t\t\t\t\t<section class=\"elementor-section elementor-top-section elementor-element elementor-element-ca21641 elementor-section-boxed elementor-section-height-default elementor-section-height-default\" data-id=\"ca21641\" data-element_type=\"section\">\n\t\t\t\t\t\t<div class=\"elementor-container elementor-column-gap-default\">\n\t\t\t\t\t<div class=\"elementor-column elementor-col-100 elementor-top-column elementor-element elementor-element-0516452\" data-id=\"0516452\" data-element_type=\"column\">\n\t\t\t<div class=\"elementor-widget-wrap elementor-element-populated\">\n\t\t\t\t\t\t<div class=\"elementor-element elementor-element-eb19d8a elementor-widget elementor-widget-heading\" data-id=\"eb19d8a\" data-element_type=\"widget\" data-widget_type=\"heading.default\">\n\t\t\t\t<div class=\"elementor-widget-container\">\n\t\t\t\t\t<h2 class=\"elementor-heading-title elementor-size-default\">DRE\/DEIC cumpre mandado de busca e apreens\u00e3o, que culminou na pris\u00e3o em flagrante de traficante de drogas na cidade de Balne\u00e1rio Cambori\u00fa<\/h2>\t\t\t\t<\/div>\n\t\t\t\t<\/div>\n\t\t\t\t\t<\/div>\n\t\t<\/div>\n\t\t\t\t\t<\/div>\n\t\t<\/section>\n\t\t\t\t<section class=\"elementor-section elementor-top-section elementor-element elementor-element-00e38f8 elementor-section-boxed elementor-section-height-default elementor-section-height-default\" data-id=\"00e38f8\" data-element_type=\"section\">\n\t\t\t\t\t\t<div class=\"elementor-container elementor-column-gap-default\">\n\t\t\t\t\t<div class=\"elementor-column elementor-col-100 elementor-top-column elementor-element elementor-element-450700d\" data-id=\"450700d\" data-element_type=\"column\">\n\t\t\t<div class=\"elementor-widget-wrap elementor-element-populated\">\n\t\t\t\t\t\t<div class=\"elementor-element elementor-element-ba106e9 elementor-widget elementor-widget-image\" data-id=\"ba106e9\" data-element_type=\"widget\" data-widget_type=\"image.default\">\n\t\t\t\t<div class=\"elementor-widget-container\">\n\t\t\t\t\t\t\t\t\t\t\t\t\t\t\t<img fetchpriority=\"high\" decoding=\"async\" width=\"696\" height=\"392\" src=\"https:\/\/pc.sc.gov.br\/\/wp-content\/uploads\/2024\/03\/WhatsApp-Image-2024-03-21-at-6.56.48-PM-1024x576.jpeg\" class=\"attachment-large size-large wp-image-18537\" alt=\"\" srcset=\"https:\/\/pc.sc.gov.br\/\/wp-content\/uploads\/2024\/03\/WhatsApp-Image-2024-03-21-at-6.56.48-PM-1024x576.jpeg 1024w, https:\/\/pc.sc.gov.br\/\/wp-content\/uploads\/2024\/03\/WhatsApp-Image-2024-03-21-at-6.56.48-PM-300x169.jpeg 300w, https:\/\/pc.sc.gov.br\/\/wp-content\/uploads\/2024\/03\/WhatsApp-Image-2024-03-21-at-6.56.48-PM-768x432.jpeg 768w, https:\/\/pc.sc.gov.br\/\/wp-content\/uploads\/2024\/03\/WhatsApp-Image-2024-03-21-at-6.56.48-PM-1536x864.jpeg 1536w, https:\/\/pc.sc.gov.br\/\/wp-content\/uploads\/2024\/03\/WhatsApp-Image-2024-03-21-at-6.56.48-PM.jpeg 1599w\" sizes=\"(max-width: 696px) 100vw, 696px\" \/>\t\t\t\t\t\t\t\t\t\t\t\t\t\t\t<\/div>\n\t\t\t\t<\/div>\n\t\t\t\t\t<\/div>\n\t\t<\/div>\n\t\t\t\t\t<\/div>\n\t\t<\/section>\n\t\t\t\t<section class=\"elementor-section elementor-top-section elementor-element elementor-element-973699f elementor-section-boxed elementor-section-height-default elementor-section-height-default\" data-id=\"973699f\" data-element_type=\"section\">\n\t\t\t\t\t\t<div class=\"elementor-container elementor-column-gap-default\">\n\t\t\t\t\t<div class=\"elementor-column elementor-col-100 elementor-top-column elementor-element elementor-element-f0d7ae8\" data-id=\"f0d7ae8\" data-element_type=\"column\">\n\t\t\t<div class=\"elementor-widget-wrap elementor-element-populated\">\n\t\t\t\t\t\t<div class=\"elementor-element elementor-element-84bcf08 elementor-widget elementor-widget-text-editor\" data-id=\"84bcf08\" data-element_type=\"widget\" data-widget_type=\"text-editor.default\">\n\t\t\t\t<div class=\"elementor-widget-container\">\n\t\t\t\t\t\t\t\t\t<p>Na tarde desta quinta-feira (21) a Delegacia de Repress\u00e3o a Entorpecentes (DRE\/DEIC), coordenada pelo Delegado Claudio Monteiro, desencadeou opera\u00e7\u00e3o policial para cumprimento de Mandado de Busca e Apreens\u00e3o na Cidade de Balne\u00e1rio Cambori\u00fa.<\/p>\n<p>A medida foi judicialmente decretada a partir de representa\u00e7\u00e3o da Autoridade Policial lastreada em relat\u00f3rio de investiga\u00e7\u00e3o dando conta de que o investigado, j\u00e1 processado criminalmente por tr\u00e1fico de drogas, estaria produzindo maconha indoor, popularmente conhecida como skunk, e realizando a comercializa\u00e7\u00e3o dessa droga.<\/p>\n<p>Durante a busca na resid\u00eancia, foram encontradas estufas, contendo v\u00e1rias plantas da maconha, al\u00e9m de tabletes da droga j\u00e1 prensada e pronta para comercializa\u00e7\u00e3o, bem como balan\u00e7as de precis\u00e3o e objetos utilizados para o cultivo. Tudo isso aos olhos da filha do investigado, ainda adolescente.<\/p>\n<p>Diante disso, o investigado foi preso em flagrante delito, confirmando-se a tese investigativa, e ficar\u00e1 \u00e0 disposi\u00e7\u00e3o da Justi\u00e7a. O material apreendido ser\u00e1 precisamente quantificado e encaminhado \u00e0 Pol\u00edcia Cient\u00edfica.<span style=\"color: var( --e-global-color-text ); font-family: var( --e-global-typography-primary-font-family ), Sans-serif; font-size: var( --e-global-typography-primary-font-size ); font-weight: var( --e-global-typography-primary-font-weight ); letter-spacing: var( --e-global-typography-primary-letter-spacing );\">&nbsp;<\/span><\/p>\t\t\t\t\t\t\t\t<\/div>\n\t\t\t\t<\/div>\n\t\t\t\t\t<\/div>\n\t\t<\/div>\n\t\t\t\t\t<\/div>\n\t\t<\/section>\n\t\t\t\t<section class=\"elementor-section elementor-top-section elementor-element elementor-element-1d5db36 elementor-section-boxed elementor-section-height-default elementor-section-height-default\" data-id=\"1d5db36\" data-element_type=\"section\">\n\t\t\t\t\t\t<div class=\"elementor-container elementor-column-gap-default\">\n\t\t\t\t\t<div class=\"elementor-column elementor-col-100 elementor-top-column elementor-element elementor-element-d3ef86a\" data-id=\"d3ef86a\" data-element_type=\"column\">\n\t\t\t<div class=\"elementor-widget-wrap elementor-element-populated\">\n\t\t\t\t\t\t<div class=\"elementor-element elementor-element-7fd08ea elementor-widget__width-initial elementor-widget elementor-widget-video\" data-id=\"7fd08ea\" data-element_type=\"widget\" data-settings=\"{&quot;video_type&quot;:&quot;hosted&quot;,&quot;controls&quot;:&quot;yes&quot;}\" data-widget_type=\"video.default\">\n\t\t\t\t<div class=\"elementor-widget-container\">\n\t\t\t\t\t\t\t<div class=\"e-hosted-video elementor-wrapper elementor-open-inline\">\n\t\t\t\t\t<video class=\"elementor-video\" src=\"https:\/\/pc.sc.gov.br\/wp-content\/uploads\/2024\/03\/WhatsApp-Video-2024-03-21-at-6.56.48-PM.mp4\" controls=\"\" preload=\"metadata\"><\/video>\n\t\t\t\t<\/div>\n\t\t\t\t\t\t<\/div>\n\t\t\t\t<\/div>\n\t\t\t\t\t<\/div>\n\t\t<\/div>\n\t\t\t\t\t<\/div>\n\t\t<\/section>\n\t\t\t\t<\/div>\n\t\t","protected":false},"excerpt":{"rendered":"<p>DRE\/DEIC cumpre mandado de busca e apreens\u00e3o, que culminou na pris\u00e3o em flagrante de traficante de drogas na cidade de Balne\u00e1rio Cambori\u00fa Na tarde desta quinta-feira (21) a Delegacia de Repress\u00e3o a Entorpecentes (DRE\/DEIC), coordenada pelo Delegado Claudio Monteiro, desencadeou opera\u00e7\u00e3o policial para cumprimento de Mandado de Busca e Apreens\u00e3o na Cidade de Balne\u00e1rio Cambori\u00fa. [&hellip;]<\/p>\n","protected":false},"author":5,"featured_media":18537,"comment_status":"closed","ping_status":"open","sticky":false,"template":"","format":"standard","meta":{"_monsterinsights_skip_tracking":false,"_monsterinsights_sitenote_active":false,"_monsterinsights_sitenote_note":"","_monsterinsights_sitenote_category":0,"footnotes":""},"categories":[1],"tags":[],"class_list":["post-18536","post","type-post","status-publish","format-standard","has-post-thumbnail","hentry","category-sem-categoria"],"_links":{"self":[{"href":"https:\/\/pc.sc.gov.br\/index.php?rest_route=\/wp\/v2\/posts\/18536","targetHints":{"allow":["GET"]}}],"collection":[{"href":"https:\/\/pc.sc.gov.br\/index.php?rest_route=\/wp\/v2\/posts"}],"about":[{"href":"https:\/\/pc.sc.gov.br\/index.php?rest_route=\/wp\/v2\/types\/post"}],"author":[{"embeddable":true,"href":"https:\/\/pc.sc.gov.br\/index.php?rest_route=\/wp\/v2\/users\/5"}],"replies":[{"embeddable":true,"href":"https:\/\/pc.sc.gov.br\/index.php?rest_route=%2Fwp%2Fv2%2Fcomments&post=18536"}],"version-history":[{"count":6,"href":"https:\/\/pc.sc.gov.br\/index.php?rest_route=\/wp\/v2\/posts\/18536\/revisions"}],"predecessor-version":[{"id":18544,"href":"https:\/\/pc.sc.gov.br\/index.php?rest_route=\/wp\/v2\/posts\/18536\/revisions\/18544"}],"wp:featuredmedia":[{"embeddable":true,"href":"https:\/\/pc.sc.gov.br\/index.php?rest_route=\/wp\/v2\/media\/18537"}],"wp:attachment":[{"href":"https:\/\/pc.sc.gov.br\/index.php?rest_route=%2Fwp%2Fv2%2Fmedia&parent=18536"}],"wp:term":[{"taxonomy":"category","embeddable":true,"href":"https:\/\/pc.sc.gov.br\/index.php?rest_route=%2Fwp%2Fv2%2Fcategories&post=18536"},{"taxonomy":"post_tag","embeddable":true,"href":"https:\/\/pc.sc.gov.br\/index.php?rest_route=%2Fwp%2Fv2%2Ftags&post=18536"}],"curies":[{"name":"wp","href":"https:\/\/api.w.org\/{rel}","templated":true}]}}