{"id":18546,"date":"2024-03-22T13:24:57","date_gmt":"2024-03-22T16:24:57","guid":{"rendered":"https:\/\/pc.sc.gov.br\/?p=18546"},"modified":"2024-03-22T13:26:22","modified_gmt":"2024-03-22T16:26:22","slug":"foragido-suspeito-de-duplo-estupro-em-trilha-da-praia-brava-foi-a-obito-em-confronto-com-a-policia-civil","status":"publish","type":"post","link":"https:\/\/pc.sc.gov.br\/?p=18546","title":{"rendered":"Foragido suspeito de duplo estupro em trilha da Praia Brava foi a \u00f3bito em confronto com a Pol\u00edcia Civil"},"content":{"rendered":"\t\t<div data-elementor-type=\"wp-post\" data-elementor-id=\"18546\" class=\"elementor elementor-18546\" data-elementor-post-type=\"post\">\n\t\t\t\t\t\t<section class=\"elementor-section elementor-top-section elementor-element elementor-element-0bd8e41 elementor-section-boxed elementor-section-height-default elementor-section-height-default\" data-id=\"0bd8e41\" data-element_type=\"section\">\n\t\t\t\t\t\t<div class=\"elementor-container elementor-column-gap-default\">\n\t\t\t\t\t<div class=\"elementor-column elementor-col-100 elementor-top-column elementor-element elementor-element-3c29bb6\" data-id=\"3c29bb6\" data-element_type=\"column\">\n\t\t\t<div class=\"elementor-widget-wrap elementor-element-populated\">\n\t\t\t\t\t\t<div class=\"elementor-element elementor-element-33df428 elementor-widget elementor-widget-heading\" data-id=\"33df428\" data-element_type=\"widget\" data-widget_type=\"heading.default\">\n\t\t\t\t<div class=\"elementor-widget-container\">\n\t\t\t\t\t<h2 class=\"elementor-heading-title elementor-size-default\">Foragido suspeito de duplo estupro em trilha da Praia Brava foi a \u00f3bito em confronto com a Pol\u00edcia Civil<\/h2>\t\t\t\t<\/div>\n\t\t\t\t<\/div>\n\t\t\t\t\t<\/div>\n\t\t<\/div>\n\t\t\t\t\t<\/div>\n\t\t<\/section>\n\t\t\t\t<section class=\"elementor-section elementor-top-section elementor-element elementor-element-f17c818 elementor-section-boxed elementor-section-height-default elementor-section-height-default\" data-id=\"f17c818\" data-element_type=\"section\">\n\t\t\t\t\t\t<div class=\"elementor-container elementor-column-gap-default\">\n\t\t\t\t\t<div class=\"elementor-column elementor-col-100 elementor-top-column elementor-element elementor-element-b1f7ea8\" data-id=\"b1f7ea8\" data-element_type=\"column\">\n\t\t\t<div class=\"elementor-widget-wrap elementor-element-populated\">\n\t\t\t\t\t\t<div class=\"elementor-element elementor-element-8a9616c elementor-widget elementor-widget-image\" data-id=\"8a9616c\" data-element_type=\"widget\" data-widget_type=\"image.default\">\n\t\t\t\t<div class=\"elementor-widget-container\">\n\t\t\t\t\t\t\t\t\t\t\t\t\t\t\t<img fetchpriority=\"high\" decoding=\"async\" width=\"696\" height=\"514\" src=\"https:\/\/pc.sc.gov.br\/\/wp-content\/uploads\/2024\/03\/WhatsApp-Image-2024-03-22-at-12.18.07-AM-fotor-2024032213219.jpg\" class=\"attachment-large size-large wp-image-18547\" alt=\"\" srcset=\"https:\/\/pc.sc.gov.br\/\/wp-content\/uploads\/2024\/03\/WhatsApp-Image-2024-03-22-at-12.18.07-AM-fotor-2024032213219.jpg 949w, https:\/\/pc.sc.gov.br\/\/wp-content\/uploads\/2024\/03\/WhatsApp-Image-2024-03-22-at-12.18.07-AM-fotor-2024032213219-300x222.jpg 300w, https:\/\/pc.sc.gov.br\/\/wp-content\/uploads\/2024\/03\/WhatsApp-Image-2024-03-22-at-12.18.07-AM-fotor-2024032213219-768x567.jpg 768w\" sizes=\"(max-width: 696px) 100vw, 696px\" \/>\t\t\t\t\t\t\t\t\t\t\t\t\t\t\t<\/div>\n\t\t\t\t<\/div>\n\t\t\t\t\t<\/div>\n\t\t<\/div>\n\t\t\t\t\t<\/div>\n\t\t<\/section>\n\t\t\t\t<section class=\"elementor-section elementor-top-section elementor-element elementor-element-07eb585 elementor-section-boxed elementor-section-height-default elementor-section-height-default\" data-id=\"07eb585\" data-element_type=\"section\">\n\t\t\t\t\t\t<div class=\"elementor-container elementor-column-gap-default\">\n\t\t\t\t\t<div class=\"elementor-column elementor-col-100 elementor-top-column elementor-element elementor-element-89715c8\" data-id=\"89715c8\" data-element_type=\"column\">\n\t\t\t<div class=\"elementor-widget-wrap elementor-element-populated\">\n\t\t\t\t\t\t<div class=\"elementor-element elementor-element-adccc7d elementor-widget elementor-widget-text-editor\" data-id=\"adccc7d\" data-element_type=\"widget\" data-widget_type=\"text-editor.default\">\n\t\t\t\t<div class=\"elementor-widget-container\">\n\t\t\t\t\t\t\t\t\t<p>A Pol\u00edcia Civil de Santa Catarina informa que na noite desta quinta-feira (21), ap\u00f3s 26 horas de buscas ininterruptas, o foragido suspeito de cometer duplo estupro, em trilha da Praia Brava, foi abordado ap\u00f3s invadir uma resid\u00eancia no bairro Fazenda, em Itaja\u00ed. Assim como na primeira pris\u00e3o, reagiu, dessa vez se utilizando de uma faca, vindo a ser alvejado e neutralizado por pol\u00edcias da DIC de Itaja\u00ed frente \u00e0 injusta agress\u00e3o.<\/p>\n<p>O ataque ocorreu no dia 14\/03\/2024, por volta das 17h00min, quando duas mulheres, ao realizarem a trilha do Morcego, foram abordadas por um indiv\u00edduo, que as obrigou a voltarem pelo mesmo caminho, mediante grave amea\u00e7a, pois fazia men\u00e7\u00e3o de estar armado. Ao chegar a local espec\u00edfico, mandou as v\u00edtimas deitarem e amarrou-as, passando a toc\u00e1-las de forma libidinosa. Ap\u00f3s o ato, deixou o local, levando consigo o aparelho celular de uma das v\u00edtimas.<\/p>\n<p>Ao ter conhecimento dos fatos, DPCAMI de Itaja\u00ed iniciou investiga\u00e7\u00e3o e, ap\u00f3s an\u00e1lise de dados e cruzamento de informa\u00e7\u00f5es, identificou o suspeito. A autoridade policial, ent\u00e3o, representou pela pris\u00e3o preventiva do investigado, sendo deferida pelo ju\u00edzo da Comarca de Itaja\u00ed na noite do dia 19\/03\/2024.<\/p>\n<p>A Pol\u00edcia Civil de Santa Catarina, por meio de a\u00e7\u00e3o conjunta da Divis\u00e3o de Investiga\u00e7\u00e3o Criminal da Itaja\u00ed (DIC) e da DPCAMI de Itaja\u00ed, prendeu, no in\u00edcio da noite de 20\/03\/2024, suspeito do cometimento de duplo estupro e roubo na Praia Brava, cidade de Itaja\u00ed.<\/p>\n<p>Na madrugada do dia 20\/03\/2024, a DIC de Itaja\u00ed iniciou dilig\u00eancias para localiza\u00e7\u00e3o e captura do suspeito, o qual j\u00e1 havia se evadido de sua resid\u00eancia h\u00e1 alguns dias. Ap\u00f3s mais de 14 horas de buscas, o foragido foi capturado em um hotel na cidade de Tijucas, quando se dirigia at\u00e9 o terminal rodovi\u00e1rio para embarcar em dire\u00e7\u00e3o ao munic\u00edpio de Campinas, estado de S\u00e3o Paulo.<\/p>\n<p>Ao avistar a equipe da DIC de Itaja\u00ed o suspeito tentou evadir e resistiu violentamente \u00e0 pris\u00e3o. Verificou-se ainda que o investigado informou nome falso para registro na recep\u00e7\u00e3o ao se hospedar. Diante dos novos fatos, o mesmo foi autuado em flagrante delito pelos crimes de resist\u00eancia e falsa identidade. Durante a finaliza\u00e7\u00e3o dos procedimentos, o suspeito conseguiu se evadir.<\/p>\n<p>Diante da fuga, a Pol\u00edcia Civil, com forte colabora\u00e7\u00e3o da Pol\u00edcia Militar, Guarda Municipal de Itaja\u00ed, Bombeiro Militar e Defesa Civil, iniciou procedimento de buscas. No total, as dilig\u00eancias de captura do foragido duraram 44 horas.<\/p>\n<p>O investigado tinha contra si diversas condena\u00e7\u00f5es criminais que somavam mais de 24 anos de condena\u00e7\u00e3o pelos crimes de estupros, furtos e roubos.<span style=\"color: var( --e-global-color-text ); font-family: var( --e-global-typography-primary-font-family ), Sans-serif; font-size: var( --e-global-typography-primary-font-size ); font-weight: var( --e-global-typography-primary-font-weight ); letter-spacing: var( --e-global-typography-primary-letter-spacing );\">&nbsp;<\/span><\/p>\t\t\t\t\t\t\t\t<\/div>\n\t\t\t\t<\/div>\n\t\t\t\t\t<\/div>\n\t\t<\/div>\n\t\t\t\t\t<\/div>\n\t\t<\/section>\n\t\t\t\t<\/div>\n\t\t","protected":false},"excerpt":{"rendered":"<p>Foragido suspeito de duplo estupro em trilha da Praia Brava foi a \u00f3bito em confronto com a Pol\u00edcia Civil A Pol\u00edcia Civil de Santa Catarina informa que na noite desta quinta-feira (21), ap\u00f3s 26 horas de buscas ininterruptas, o foragido suspeito de cometer duplo estupro, em trilha da Praia Brava, foi abordado ap\u00f3s invadir uma [&hellip;]<\/p>\n","protected":false},"author":5,"featured_media":18547,"comment_status":"closed","ping_status":"open","sticky":false,"template":"","format":"standard","meta":{"_monsterinsights_skip_tracking":false,"_monsterinsights_sitenote_active":false,"_monsterinsights_sitenote_note":"","_monsterinsights_sitenote_category":0,"footnotes":""},"categories":[1],"tags":[],"class_list":["post-18546","post","type-post","status-publish","format-standard","has-post-thumbnail","hentry","category-sem-categoria"],"_links":{"self":[{"href":"https:\/\/pc.sc.gov.br\/index.php?rest_route=\/wp\/v2\/posts\/18546","targetHints":{"allow":["GET"]}}],"collection":[{"href":"https:\/\/pc.sc.gov.br\/index.php?rest_route=\/wp\/v2\/posts"}],"about":[{"href":"https:\/\/pc.sc.gov.br\/index.php?rest_route=\/wp\/v2\/types\/post"}],"author":[{"embeddable":true,"href":"https:\/\/pc.sc.gov.br\/index.php?rest_route=\/wp\/v2\/users\/5"}],"replies":[{"embeddable":true,"href":"https:\/\/pc.sc.gov.br\/index.php?rest_route=%2Fwp%2Fv2%2Fcomments&post=18546"}],"version-history":[{"count":10,"href":"https:\/\/pc.sc.gov.br\/index.php?rest_route=\/wp\/v2\/posts\/18546\/revisions"}],"predecessor-version":[{"id":18557,"href":"https:\/\/pc.sc.gov.br\/index.php?rest_route=\/wp\/v2\/posts\/18546\/revisions\/18557"}],"wp:featuredmedia":[{"embeddable":true,"href":"https:\/\/pc.sc.gov.br\/index.php?rest_route=\/wp\/v2\/media\/18547"}],"wp:attachment":[{"href":"https:\/\/pc.sc.gov.br\/index.php?rest_route=%2Fwp%2Fv2%2Fmedia&parent=18546"}],"wp:term":[{"taxonomy":"category","embeddable":true,"href":"https:\/\/pc.sc.gov.br\/index.php?rest_route=%2Fwp%2Fv2%2Fcategories&post=18546"},{"taxonomy":"post_tag","embeddable":true,"href":"https:\/\/pc.sc.gov.br\/index.php?rest_route=%2Fwp%2Fv2%2Ftags&post=18546"}],"curies":[{"name":"wp","href":"https:\/\/api.w.org\/{rel}","templated":true}]}}