{"id":18558,"date":"2024-03-22T13:39:09","date_gmt":"2024-03-22T16:39:09","guid":{"rendered":"https:\/\/pc.sc.gov.br\/?p=18558"},"modified":"2024-03-22T13:40:07","modified_gmt":"2024-03-22T16:40:07","slug":"acao-conjunta-entre-dfrv-deic-pci-e-detran-deflagra-operacao-311-e-prende-empresario-do-ramo-de-autopecas-em-sao-jose","status":"publish","type":"post","link":"https:\/\/pc.sc.gov.br\/?p=18558","title":{"rendered":"A\u00e7\u00e3o conjunta entre DFRV\/DEIC, PCI e DETRAN deflagra opera\u00e7\u00e3o \u201c311\u201d e prende empres\u00e1rio do ramo de autope\u00e7as em S\u00e3o Jos\u00e9"},"content":{"rendered":"\t\t<div data-elementor-type=\"wp-post\" data-elementor-id=\"18558\" class=\"elementor elementor-18558\" data-elementor-post-type=\"post\">\n\t\t\t\t\t\t<section class=\"elementor-section elementor-top-section elementor-element elementor-element-ba6829b elementor-section-boxed elementor-section-height-default elementor-section-height-default\" data-id=\"ba6829b\" data-element_type=\"section\">\n\t\t\t\t\t\t<div class=\"elementor-container elementor-column-gap-default\">\n\t\t\t\t\t<div class=\"elementor-column elementor-col-100 elementor-top-column elementor-element elementor-element-3c8a30c\" data-id=\"3c8a30c\" data-element_type=\"column\">\n\t\t\t<div class=\"elementor-widget-wrap elementor-element-populated\">\n\t\t\t\t\t\t<div class=\"elementor-element elementor-element-408232f elementor-widget elementor-widget-heading\" data-id=\"408232f\" data-element_type=\"widget\" data-widget_type=\"heading.default\">\n\t\t\t\t<div class=\"elementor-widget-container\">\n\t\t\t\t\t<h2 class=\"elementor-heading-title elementor-size-default\">A\u00e7\u00e3o conjunta entre DFRV\/DEIC, PCI e DETRAN deflagra opera\u00e7\u00e3o \u201c311\u201d e prende empres\u00e1rio do ramo de autope\u00e7as em S\u00e3o Jos\u00e9<\/h2>\t\t\t\t<\/div>\n\t\t\t\t<\/div>\n\t\t\t\t\t<\/div>\n\t\t<\/div>\n\t\t\t\t\t<\/div>\n\t\t<\/section>\n\t\t\t\t<section class=\"elementor-section elementor-top-section elementor-element elementor-element-c18525a elementor-section-boxed elementor-section-height-default elementor-section-height-default\" data-id=\"c18525a\" data-element_type=\"section\">\n\t\t\t\t\t\t<div class=\"elementor-container elementor-column-gap-default\">\n\t\t\t\t\t<div class=\"elementor-column elementor-col-100 elementor-top-column elementor-element elementor-element-bec4605\" data-id=\"bec4605\" data-element_type=\"column\">\n\t\t\t<div class=\"elementor-widget-wrap elementor-element-populated\">\n\t\t\t\t\t\t<div class=\"elementor-element elementor-element-5c449ba elementor-widget elementor-widget-image\" data-id=\"5c449ba\" data-element_type=\"widget\" data-widget_type=\"image.default\">\n\t\t\t\t<div class=\"elementor-widget-container\">\n\t\t\t\t\t\t\t\t\t\t\t\t\t\t\t<img fetchpriority=\"high\" decoding=\"async\" width=\"696\" height=\"522\" src=\"https:\/\/pc.sc.gov.br\/\/wp-content\/uploads\/2024\/03\/WhatsApp-Image-2024-03-22-at-8.14.57-AM-1-1024x768.jpeg\" class=\"attachment-large size-large wp-image-18559\" alt=\"\" srcset=\"https:\/\/pc.sc.gov.br\/\/wp-content\/uploads\/2024\/03\/WhatsApp-Image-2024-03-22-at-8.14.57-AM-1-1024x768.jpeg 1024w, https:\/\/pc.sc.gov.br\/\/wp-content\/uploads\/2024\/03\/WhatsApp-Image-2024-03-22-at-8.14.57-AM-1-300x225.jpeg 300w, https:\/\/pc.sc.gov.br\/\/wp-content\/uploads\/2024\/03\/WhatsApp-Image-2024-03-22-at-8.14.57-AM-1-768x576.jpeg 768w, https:\/\/pc.sc.gov.br\/\/wp-content\/uploads\/2024\/03\/WhatsApp-Image-2024-03-22-at-8.14.57-AM-1-1536x1152.jpeg 1536w, https:\/\/pc.sc.gov.br\/\/wp-content\/uploads\/2024\/03\/WhatsApp-Image-2024-03-22-at-8.14.57-AM-1.jpeg 1600w\" sizes=\"(max-width: 696px) 100vw, 696px\" \/>\t\t\t\t\t\t\t\t\t\t\t\t\t\t\t<\/div>\n\t\t\t\t<\/div>\n\t\t\t\t\t<\/div>\n\t\t<\/div>\n\t\t\t\t\t<\/div>\n\t\t<\/section>\n\t\t\t\t<section class=\"elementor-section elementor-top-section elementor-element elementor-element-9565aa2 elementor-section-boxed elementor-section-height-default elementor-section-height-default\" data-id=\"9565aa2\" data-element_type=\"section\">\n\t\t\t\t\t\t<div class=\"elementor-container elementor-column-gap-default\">\n\t\t\t\t\t<div class=\"elementor-column elementor-col-100 elementor-top-column elementor-element elementor-element-7ad462d\" data-id=\"7ad462d\" data-element_type=\"column\">\n\t\t\t<div class=\"elementor-widget-wrap elementor-element-populated\">\n\t\t\t\t\t\t<div class=\"elementor-element elementor-element-e06bd29 elementor-widget elementor-widget-text-editor\" data-id=\"e06bd29\" data-element_type=\"widget\" data-widget_type=\"text-editor.default\">\n\t\t\t\t<div class=\"elementor-widget-container\">\n\t\t\t\t\t\t\t\t\t<p>A Pol\u00edcia Civil de Santa Catarina, por interm\u00e9dio da Delegacia de Furtos e Roubos de Ve\u00edculos (DFRV\/DEIC) em opera\u00e7\u00e3o realizada com a Corregedoria do DETRAN e Pol\u00edcia Cient\u00edfica, na quinta-feira (21), dando continuidade \u00e0s a\u00e7\u00f5es de fiscaliza\u00e7\u00e3o da Opera\u00e7\u00e3o 311, identificaram mais um estabelecimento respons\u00e1vel pela venda irregular de pe\u00e7as de ve\u00edculos, no Bairro Barreiros, S\u00e3o Jos\u00e9. Esta \u00e9 a 15\u00aa edi\u00e7\u00e3o da opera\u00e7\u00e3o \u201c311\u201d que visa coibir o com\u00e9rcio ilegal de pe\u00e7as automotivas na Grande Florian\u00f3polis.<\/p>\n<p>Durante as dilig\u00eancias, realizadas na loja e no dep\u00f3sito, foram localizadas partes\/pe\u00e7as de 15 ve\u00edculos tais como Ford Fusion, Renault Megane, Renault Sandero, Renault Duster, Renault Symbol, todos furtados\/roubados no estado de S\u00e3o Paulo. O propriet\u00e1rio do estabelecimento foi&nbsp; conduzido \u00e0 sede da DEIC e autuado em flagrante pelo crime de recepta\u00e7\u00e3o qualificada.<\/p>\n<p>A opera\u00e7\u00e3o \u201c311\u201d \u00e9 uma a\u00e7\u00e3o de fiscaliza\u00e7\u00e3o de empresas do ramo de autope\u00e7as, que visa o combate ao crime de recepta\u00e7\u00e3o de pe\u00e7as automotivas de proced\u00eancia il\u00edcita. Essa fiscaliza\u00e7\u00e3o \u00e9 coordenada pela Delegacia de Furtos e Roubos de ve\u00edculos (DFRV\/DEIC), em conjunto com a Pol\u00edcia Cient\u00edfica e o Detran.<span style=\"color: var( --e-global-color-text ); font-family: var( --e-global-typography-primary-font-family ), Sans-serif; font-size: var( --e-global-typography-primary-font-size ); font-weight: var( --e-global-typography-primary-font-weight ); letter-spacing: var( --e-global-typography-primary-letter-spacing );\">&nbsp;<\/span><\/p>\t\t\t\t\t\t\t\t<\/div>\n\t\t\t\t<\/div>\n\t\t\t\t\t<\/div>\n\t\t<\/div>\n\t\t\t\t\t<\/div>\n\t\t<\/section>\n\t\t\t\t<\/div>\n\t\t","protected":false},"excerpt":{"rendered":"<p>A\u00e7\u00e3o conjunta entre DFRV\/DEIC, PCI e DETRAN deflagra opera\u00e7\u00e3o \u201c311\u201d e prende empres\u00e1rio do ramo de autope\u00e7as em S\u00e3o Jos\u00e9 A Pol\u00edcia Civil de Santa Catarina, por interm\u00e9dio da Delegacia de Furtos e Roubos de Ve\u00edculos (DFRV\/DEIC) em opera\u00e7\u00e3o realizada com a Corregedoria do DETRAN e Pol\u00edcia Cient\u00edfica, na quinta-feira (21), dando continuidade \u00e0s a\u00e7\u00f5es [&hellip;]<\/p>\n","protected":false},"author":5,"featured_media":18559,"comment_status":"closed","ping_status":"open","sticky":false,"template":"","format":"standard","meta":{"_monsterinsights_skip_tracking":false,"_monsterinsights_sitenote_active":false,"_monsterinsights_sitenote_note":"","_monsterinsights_sitenote_category":0,"footnotes":""},"categories":[1],"tags":[],"class_list":["post-18558","post","type-post","status-publish","format-standard","has-post-thumbnail","hentry","category-sem-categoria"],"_links":{"self":[{"href":"https:\/\/pc.sc.gov.br\/index.php?rest_route=\/wp\/v2\/posts\/18558","targetHints":{"allow":["GET"]}}],"collection":[{"href":"https:\/\/pc.sc.gov.br\/index.php?rest_route=\/wp\/v2\/posts"}],"about":[{"href":"https:\/\/pc.sc.gov.br\/index.php?rest_route=\/wp\/v2\/types\/post"}],"author":[{"embeddable":true,"href":"https:\/\/pc.sc.gov.br\/index.php?rest_route=\/wp\/v2\/users\/5"}],"replies":[{"embeddable":true,"href":"https:\/\/pc.sc.gov.br\/index.php?rest_route=%2Fwp%2Fv2%2Fcomments&post=18558"}],"version-history":[{"count":4,"href":"https:\/\/pc.sc.gov.br\/index.php?rest_route=\/wp\/v2\/posts\/18558\/revisions"}],"predecessor-version":[{"id":18563,"href":"https:\/\/pc.sc.gov.br\/index.php?rest_route=\/wp\/v2\/posts\/18558\/revisions\/18563"}],"wp:featuredmedia":[{"embeddable":true,"href":"https:\/\/pc.sc.gov.br\/index.php?rest_route=\/wp\/v2\/media\/18559"}],"wp:attachment":[{"href":"https:\/\/pc.sc.gov.br\/index.php?rest_route=%2Fwp%2Fv2%2Fmedia&parent=18558"}],"wp:term":[{"taxonomy":"category","embeddable":true,"href":"https:\/\/pc.sc.gov.br\/index.php?rest_route=%2Fwp%2Fv2%2Fcategories&post=18558"},{"taxonomy":"post_tag","embeddable":true,"href":"https:\/\/pc.sc.gov.br\/index.php?rest_route=%2Fwp%2Fv2%2Ftags&post=18558"}],"curies":[{"name":"wp","href":"https:\/\/api.w.org\/{rel}","templated":true}]}}