{"id":18564,"date":"2024-03-22T14:26:12","date_gmt":"2024-03-22T17:26:12","guid":{"rendered":"https:\/\/pc.sc.gov.br\/?p=18564"},"modified":"2024-03-22T14:30:00","modified_gmt":"2024-03-22T17:30:00","slug":"decap-deic-localiza-e-prende-em-florianopolis-autor-de-diversos-crimes-no-rio-grande-do-sul","status":"publish","type":"post","link":"https:\/\/pc.sc.gov.br\/?p=18564","title":{"rendered":"DECAP\/DEIC localiza e prende em Florian\u00f3polis autor de diversos crimes no Rio Grande do Sul"},"content":{"rendered":"\t\t<div data-elementor-type=\"wp-post\" data-elementor-id=\"18564\" class=\"elementor elementor-18564\" data-elementor-post-type=\"post\">\n\t\t\t\t\t\t<section class=\"elementor-section elementor-top-section elementor-element elementor-element-6e68a2c elementor-section-boxed elementor-section-height-default elementor-section-height-default\" data-id=\"6e68a2c\" data-element_type=\"section\">\n\t\t\t\t\t\t<div class=\"elementor-container elementor-column-gap-default\">\n\t\t\t\t\t<div class=\"elementor-column elementor-col-100 elementor-top-column elementor-element elementor-element-b5cfe05\" data-id=\"b5cfe05\" data-element_type=\"column\">\n\t\t\t<div class=\"elementor-widget-wrap elementor-element-populated\">\n\t\t\t\t\t\t<div class=\"elementor-element elementor-element-9b09e17 elementor-widget elementor-widget-heading\" data-id=\"9b09e17\" data-element_type=\"widget\" data-widget_type=\"heading.default\">\n\t\t\t\t<div class=\"elementor-widget-container\">\n\t\t\t\t\t<h2 class=\"elementor-heading-title elementor-size-default\">DECAP\/DEIC localiza e prende em Florian\u00f3polis autor de diversos crimes no Rio Grande do Sul<\/h2>\t\t\t\t<\/div>\n\t\t\t\t<\/div>\n\t\t\t\t\t<\/div>\n\t\t<\/div>\n\t\t\t\t\t<\/div>\n\t\t<\/section>\n\t\t\t\t<section class=\"elementor-section elementor-top-section elementor-element elementor-element-70c8958 elementor-section-boxed elementor-section-height-default elementor-section-height-default\" data-id=\"70c8958\" data-element_type=\"section\">\n\t\t\t\t\t\t<div class=\"elementor-container elementor-column-gap-default\">\n\t\t\t\t\t<div class=\"elementor-column elementor-col-100 elementor-top-column elementor-element elementor-element-216158f\" data-id=\"216158f\" data-element_type=\"column\">\n\t\t\t<div class=\"elementor-widget-wrap elementor-element-populated\">\n\t\t\t\t\t\t<div class=\"elementor-element elementor-element-6880d2e elementor-widget elementor-widget-image\" data-id=\"6880d2e\" data-element_type=\"widget\" data-widget_type=\"image.default\">\n\t\t\t\t<div class=\"elementor-widget-container\">\n\t\t\t\t\t\t\t\t\t\t\t\t\t\t\t<img fetchpriority=\"high\" decoding=\"async\" width=\"696\" height=\"522\" src=\"https:\/\/pc.sc.gov.br\/\/wp-content\/uploads\/2024\/03\/SIRENE.jpg\" class=\"attachment-large size-large wp-image-18565\" alt=\"\" srcset=\"https:\/\/pc.sc.gov.br\/\/wp-content\/uploads\/2024\/03\/SIRENE.jpg 768w, https:\/\/pc.sc.gov.br\/\/wp-content\/uploads\/2024\/03\/SIRENE-300x225.jpg 300w\" sizes=\"(max-width: 696px) 100vw, 696px\" \/>\t\t\t\t\t\t\t\t\t\t\t\t\t\t\t<\/div>\n\t\t\t\t<\/div>\n\t\t\t\t\t<\/div>\n\t\t<\/div>\n\t\t\t\t\t<\/div>\n\t\t<\/section>\n\t\t\t\t<section class=\"elementor-section elementor-top-section elementor-element elementor-element-d0664d7 elementor-section-boxed elementor-section-height-default elementor-section-height-default\" data-id=\"d0664d7\" data-element_type=\"section\">\n\t\t\t\t\t\t<div class=\"elementor-container elementor-column-gap-default\">\n\t\t\t\t\t<div class=\"elementor-column elementor-col-100 elementor-top-column elementor-element elementor-element-3c26f8d\" data-id=\"3c26f8d\" data-element_type=\"column\">\n\t\t\t<div class=\"elementor-widget-wrap elementor-element-populated\">\n\t\t\t\t\t\t<div class=\"elementor-element elementor-element-24ca65b elementor-widget elementor-widget-text-editor\" data-id=\"24ca65b\" data-element_type=\"widget\" data-widget_type=\"text-editor.default\">\n\t\t\t\t<div class=\"elementor-widget-container\">\n\t\t\t\t\t\t\t\t\t<p>A Pol\u00edcia Civil de Santa Catarina, por meio da Delegacia de Capturas (DECAP\/DEIC), cumpriu na manh\u00e3 desta sexta-feira (22) mandado de pris\u00e3o expedido contra um homem pelo crime previsto nos artigos 217-A da lei 2848, oriundo da 2\u00b0 Vara Criminal de Viam\u00e3o. A Pol\u00edcia Civil do Estado do Rio Grande do Sul solicitou apoio operacional para localiza\u00e7\u00e3o e pris\u00e3o do indiv\u00edduo.<\/p>\n<p>De acordo com relat\u00f3rios de investiga\u00e7\u00e3o, bem como depoimento das v\u00edtimas, al\u00e9m dos abusos sexuais praticados com crian\u00e7as da pr\u00f3pria fam\u00edlia, o preso tamb\u00e9m apresentava comportamento violento, muitas vezes agredindo e amarrando suas v\u00edtimas. Al\u00e9m disso, ao ser confrontado pela m\u00e3e de suas v\u00edtimas, ele desferiu uma facada no rosto da mulher.<\/p>\n<p>Ap\u00f3s troca de informa\u00e7\u00f5es entre as Pol\u00edcias Civis de SC e do RS, dilig\u00eancias investigativas foram realizadas e, na manh\u00e3 de hoje (15) foi poss\u00edvel obter o paradeiro do autor dos crimes no bairro s\u00e3o Jo\u00e3o do Rio Vermelho, sendo acompanhado pela equipe e preso no momento em que sa\u00eda de sua resid\u00eancia.<\/p>\n<p>A DECAP\/DEIC refor\u00e7a seu compromisso em prol da seguran\u00e7a da sociedade catarinense e se compromete com as demais unidades Policiais do Estado no aux\u00edlio \u00e0 captura de foragidos atrav\u00e9s do aplicativo INTEGRA no link HTTPS:\/\/integra. pc.sc.gov.br\/sistemas\/foragidos&nbsp;<\/p>\n<p><b>Den\u00fancias e informa\u00e7\u00f5es relacionadas a foragidos da justi\u00e7a podem ser encaminhadas para o e-mail deic-capturas@pc.sc.gov.br, sendo garantido o anonimato<\/b>.<\/p>\t\t\t\t\t\t\t\t<\/div>\n\t\t\t\t<\/div>\n\t\t\t\t\t<\/div>\n\t\t<\/div>\n\t\t\t\t\t<\/div>\n\t\t<\/section>\n\t\t\t\t<\/div>\n\t\t","protected":false},"excerpt":{"rendered":"<p>DECAP\/DEIC localiza e prende em Florian\u00f3polis autor de diversos crimes no Rio Grande do Sul A Pol\u00edcia Civil de Santa Catarina, por meio da Delegacia de Capturas (DECAP\/DEIC), cumpriu na manh\u00e3 desta sexta-feira (22) mandado de pris\u00e3o expedido contra um homem pelo crime previsto nos artigos 217-A da lei 2848, oriundo da 2\u00b0 Vara Criminal [&hellip;]<\/p>\n","protected":false},"author":5,"featured_media":18565,"comment_status":"closed","ping_status":"open","sticky":false,"template":"","format":"standard","meta":{"_monsterinsights_skip_tracking":false,"_monsterinsights_sitenote_active":false,"_monsterinsights_sitenote_note":"","_monsterinsights_sitenote_category":0,"footnotes":""},"categories":[1],"tags":[],"class_list":["post-18564","post","type-post","status-publish","format-standard","has-post-thumbnail","hentry","category-sem-categoria"],"_links":{"self":[{"href":"https:\/\/pc.sc.gov.br\/index.php?rest_route=\/wp\/v2\/posts\/18564","targetHints":{"allow":["GET"]}}],"collection":[{"href":"https:\/\/pc.sc.gov.br\/index.php?rest_route=\/wp\/v2\/posts"}],"about":[{"href":"https:\/\/pc.sc.gov.br\/index.php?rest_route=\/wp\/v2\/types\/post"}],"author":[{"embeddable":true,"href":"https:\/\/pc.sc.gov.br\/index.php?rest_route=\/wp\/v2\/users\/5"}],"replies":[{"embeddable":true,"href":"https:\/\/pc.sc.gov.br\/index.php?rest_route=%2Fwp%2Fv2%2Fcomments&post=18564"}],"version-history":[{"count":6,"href":"https:\/\/pc.sc.gov.br\/index.php?rest_route=\/wp\/v2\/posts\/18564\/revisions"}],"predecessor-version":[{"id":18571,"href":"https:\/\/pc.sc.gov.br\/index.php?rest_route=\/wp\/v2\/posts\/18564\/revisions\/18571"}],"wp:featuredmedia":[{"embeddable":true,"href":"https:\/\/pc.sc.gov.br\/index.php?rest_route=\/wp\/v2\/media\/18565"}],"wp:attachment":[{"href":"https:\/\/pc.sc.gov.br\/index.php?rest_route=%2Fwp%2Fv2%2Fmedia&parent=18564"}],"wp:term":[{"taxonomy":"category","embeddable":true,"href":"https:\/\/pc.sc.gov.br\/index.php?rest_route=%2Fwp%2Fv2%2Fcategories&post=18564"},{"taxonomy":"post_tag","embeddable":true,"href":"https:\/\/pc.sc.gov.br\/index.php?rest_route=%2Fwp%2Fv2%2Ftags&post=18564"}],"curies":[{"name":"wp","href":"https:\/\/api.w.org\/{rel}","templated":true}]}}