{"id":18572,"date":"2024-03-22T15:23:08","date_gmt":"2024-03-22T18:23:08","guid":{"rendered":"https:\/\/pc.sc.gov.br\/?p=18572"},"modified":"2024-03-22T15:24:04","modified_gmt":"2024-03-22T18:24:04","slug":"dic-de-palhoca-prende-dois-envolvidos-em-furtos-de-armas-em-residencia-de-cac","status":"publish","type":"post","link":"https:\/\/pc.sc.gov.br\/?p=18572","title":{"rendered":"DIC de Palho\u00e7a prende dois envolvidos em furtos de armas em resid\u00eancia de CAC"},"content":{"rendered":"\t\t<div data-elementor-type=\"wp-post\" data-elementor-id=\"18572\" class=\"elementor elementor-18572\" data-elementor-post-type=\"post\">\n\t\t\t\t\t\t<section class=\"elementor-section elementor-top-section elementor-element elementor-element-e58990d elementor-section-boxed elementor-section-height-default elementor-section-height-default\" data-id=\"e58990d\" data-element_type=\"section\">\n\t\t\t\t\t\t<div class=\"elementor-container elementor-column-gap-default\">\n\t\t\t\t\t<div class=\"elementor-column elementor-col-100 elementor-top-column elementor-element elementor-element-fb44b29\" data-id=\"fb44b29\" data-element_type=\"column\">\n\t\t\t<div class=\"elementor-widget-wrap elementor-element-populated\">\n\t\t\t\t\t\t<div class=\"elementor-element elementor-element-6739525 elementor-widget elementor-widget-heading\" data-id=\"6739525\" data-element_type=\"widget\" data-widget_type=\"heading.default\">\n\t\t\t\t<div class=\"elementor-widget-container\">\n\t\t\t\t\t<h2 class=\"elementor-heading-title elementor-size-default\">DIC de Palho\u00e7a prende dois envolvidos em furtos de armas em resid\u00eancia de CAC<\/h2>\t\t\t\t<\/div>\n\t\t\t\t<\/div>\n\t\t\t\t\t<\/div>\n\t\t<\/div>\n\t\t\t\t\t<\/div>\n\t\t<\/section>\n\t\t\t\t<section class=\"elementor-section elementor-top-section elementor-element elementor-element-de813cf elementor-section-boxed elementor-section-height-default elementor-section-height-default\" data-id=\"de813cf\" data-element_type=\"section\">\n\t\t\t\t\t\t<div class=\"elementor-container elementor-column-gap-default\">\n\t\t\t\t\t<div class=\"elementor-column elementor-col-100 elementor-top-column elementor-element elementor-element-d21e0e2\" data-id=\"d21e0e2\" data-element_type=\"column\">\n\t\t\t<div class=\"elementor-widget-wrap elementor-element-populated\">\n\t\t\t\t\t\t<div class=\"elementor-element elementor-element-cf648e7 elementor-widget elementor-widget-image\" data-id=\"cf648e7\" data-element_type=\"widget\" data-widget_type=\"image.default\">\n\t\t\t\t<div class=\"elementor-widget-container\">\n\t\t\t\t\t\t\t\t\t\t\t\t\t\t\t<img fetchpriority=\"high\" decoding=\"async\" width=\"696\" height=\"461\" src=\"https:\/\/pc.sc.gov.br\/\/wp-content\/uploads\/2024\/03\/WhatsApp-Image-2024-03-22-at-10.04.39-AM-fotor-20240322132219-1024x678.jpg\" class=\"attachment-large size-large wp-image-18573\" alt=\"\" srcset=\"https:\/\/pc.sc.gov.br\/\/wp-content\/uploads\/2024\/03\/WhatsApp-Image-2024-03-22-at-10.04.39-AM-fotor-20240322132219-1024x678.jpg 1024w, https:\/\/pc.sc.gov.br\/\/wp-content\/uploads\/2024\/03\/WhatsApp-Image-2024-03-22-at-10.04.39-AM-fotor-20240322132219-300x199.jpg 300w, https:\/\/pc.sc.gov.br\/\/wp-content\/uploads\/2024\/03\/WhatsApp-Image-2024-03-22-at-10.04.39-AM-fotor-20240322132219-768x509.jpg 768w, https:\/\/pc.sc.gov.br\/\/wp-content\/uploads\/2024\/03\/WhatsApp-Image-2024-03-22-at-10.04.39-AM-fotor-20240322132219-1536x1017.jpg 1536w, https:\/\/pc.sc.gov.br\/\/wp-content\/uploads\/2024\/03\/WhatsApp-Image-2024-03-22-at-10.04.39-AM-fotor-20240322132219.jpg 1718w\" sizes=\"(max-width: 696px) 100vw, 696px\" \/>\t\t\t\t\t\t\t\t\t\t\t\t\t\t\t<\/div>\n\t\t\t\t<\/div>\n\t\t\t\t\t<\/div>\n\t\t<\/div>\n\t\t\t\t\t<\/div>\n\t\t<\/section>\n\t\t\t\t<section class=\"elementor-section elementor-top-section elementor-element elementor-element-72ba2db elementor-section-boxed elementor-section-height-default elementor-section-height-default\" data-id=\"72ba2db\" data-element_type=\"section\">\n\t\t\t\t\t\t<div class=\"elementor-container elementor-column-gap-default\">\n\t\t\t\t\t<div class=\"elementor-column elementor-col-100 elementor-top-column elementor-element elementor-element-c5bf5e4\" data-id=\"c5bf5e4\" data-element_type=\"column\">\n\t\t\t<div class=\"elementor-widget-wrap elementor-element-populated\">\n\t\t\t\t\t\t<div class=\"elementor-element elementor-element-aedaffd elementor-widget elementor-widget-text-editor\" data-id=\"aedaffd\" data-element_type=\"widget\" data-widget_type=\"text-editor.default\">\n\t\t\t\t<div class=\"elementor-widget-container\">\n\t\t\t\t\t\t\t\t\t<p>Nesta sexta-feira (22), a Pol\u00edcia Civil de Santa Catarina, por interm\u00e9dio da Divis\u00e3o de Investiga\u00e7\u00e3o Criminal (DIC) de Palho\u00e7a deflagrou opera\u00e7\u00e3o para elucidar o furto de armas de um CAC (Colecionador, Atirador e Ca\u00e7ador), que ocorreu no dia 22 de agosto do ano passado, em Palho\u00e7a. Um deles foi preso no dia no dia 04\/03, por\u00e9m, j\u00e1 havia sido solto. O outro permaneceu segregado em decorr\u00eancia de mandado de pris\u00e3o ativo decorrente de investiga\u00e7\u00e3o desta unidade policial.&nbsp;<\/p>\n<p>Na ocasi\u00e3o dos fatos, tr\u00eas homens adentraram na resid\u00eancia e subtra\u00edram cinco armas de fogo, muni\u00e7\u00f5es e aproximadamente R$ 50 mil em esp\u00e9cie. Foram cumpridos mandados de busca e apreens\u00e3o visando angariar elementos para subsidiar o Inqu\u00e9rito Policial.&nbsp;&nbsp;<\/p>\n<p>A Pol\u00edcia Civil destaca que essa opera\u00e7\u00e3o \u00e9 mais um exemplo do comprometimento da institui\u00e7\u00e3o em gerar resultados concretos no enfrentamento \u00e0 criminalidade, trazendo um al\u00edvio para a comunidade e refor\u00e7ando a confian\u00e7a da popula\u00e7\u00e3o nas for\u00e7as de seguran\u00e7a.<span style=\"color: var( --e-global-color-text ); font-family: var( --e-global-typography-primary-font-family ), Sans-serif; font-size: var( --e-global-typography-primary-font-size ); font-weight: var( --e-global-typography-primary-font-weight ); letter-spacing: var( --e-global-typography-primary-letter-spacing );\">&nbsp;<\/span><\/p>\t\t\t\t\t\t\t\t<\/div>\n\t\t\t\t<\/div>\n\t\t\t\t\t<\/div>\n\t\t<\/div>\n\t\t\t\t\t<\/div>\n\t\t<\/section>\n\t\t\t\t<\/div>\n\t\t","protected":false},"excerpt":{"rendered":"<p>DIC de Palho\u00e7a prende dois envolvidos em furtos de armas em resid\u00eancia de CAC Nesta sexta-feira (22), a Pol\u00edcia Civil de Santa Catarina, por interm\u00e9dio da Divis\u00e3o de Investiga\u00e7\u00e3o Criminal (DIC) de Palho\u00e7a deflagrou opera\u00e7\u00e3o para elucidar o furto de armas de um CAC (Colecionador, Atirador e Ca\u00e7ador), que ocorreu no dia 22 de agosto [&hellip;]<\/p>\n","protected":false},"author":5,"featured_media":18573,"comment_status":"closed","ping_status":"open","sticky":false,"template":"","format":"standard","meta":{"_monsterinsights_skip_tracking":false,"_monsterinsights_sitenote_active":false,"_monsterinsights_sitenote_note":"","_monsterinsights_sitenote_category":0,"footnotes":""},"categories":[1],"tags":[],"class_list":["post-18572","post","type-post","status-publish","format-standard","has-post-thumbnail","hentry","category-sem-categoria"],"_links":{"self":[{"href":"https:\/\/pc.sc.gov.br\/index.php?rest_route=\/wp\/v2\/posts\/18572","targetHints":{"allow":["GET"]}}],"collection":[{"href":"https:\/\/pc.sc.gov.br\/index.php?rest_route=\/wp\/v2\/posts"}],"about":[{"href":"https:\/\/pc.sc.gov.br\/index.php?rest_route=\/wp\/v2\/types\/post"}],"author":[{"embeddable":true,"href":"https:\/\/pc.sc.gov.br\/index.php?rest_route=\/wp\/v2\/users\/5"}],"replies":[{"embeddable":true,"href":"https:\/\/pc.sc.gov.br\/index.php?rest_route=%2Fwp%2Fv2%2Fcomments&post=18572"}],"version-history":[{"count":4,"href":"https:\/\/pc.sc.gov.br\/index.php?rest_route=\/wp\/v2\/posts\/18572\/revisions"}],"predecessor-version":[{"id":18577,"href":"https:\/\/pc.sc.gov.br\/index.php?rest_route=\/wp\/v2\/posts\/18572\/revisions\/18577"}],"wp:featuredmedia":[{"embeddable":true,"href":"https:\/\/pc.sc.gov.br\/index.php?rest_route=\/wp\/v2\/media\/18573"}],"wp:attachment":[{"href":"https:\/\/pc.sc.gov.br\/index.php?rest_route=%2Fwp%2Fv2%2Fmedia&parent=18572"}],"wp:term":[{"taxonomy":"category","embeddable":true,"href":"https:\/\/pc.sc.gov.br\/index.php?rest_route=%2Fwp%2Fv2%2Fcategories&post=18572"},{"taxonomy":"post_tag","embeddable":true,"href":"https:\/\/pc.sc.gov.br\/index.php?rest_route=%2Fwp%2Fv2%2Ftags&post=18572"}],"curies":[{"name":"wp","href":"https:\/\/api.w.org\/{rel}","templated":true}]}}