{"id":18597,"date":"2024-03-25T14:01:47","date_gmt":"2024-03-25T17:01:47","guid":{"rendered":"https:\/\/pc.sc.gov.br\/?p=18597"},"modified":"2024-03-25T14:04:22","modified_gmt":"2024-03-25T17:04:22","slug":"delegacia-de-homicidios-da-capital-cumpre-buscas-em-investigacao-de-homicidios-ocorridos-na-capital-e-um-dos-alvos-e-preso-no-mato-grosso-do-sul","status":"publish","type":"post","link":"https:\/\/pc.sc.gov.br\/?p=18597","title":{"rendered":"Delegacia de Homic\u00eddios da Capital cumpre buscas em investiga\u00e7\u00e3o de homic\u00eddios ocorridos na Capital e um dos alvos \u00e9 preso no Mato Grosso do Sul"},"content":{"rendered":"\t\t<div data-elementor-type=\"wp-post\" data-elementor-id=\"18597\" class=\"elementor elementor-18597\" data-elementor-post-type=\"post\">\n\t\t\t\t\t\t<section class=\"elementor-section elementor-top-section elementor-element elementor-element-66b1afc elementor-section-boxed elementor-section-height-default elementor-section-height-default\" data-id=\"66b1afc\" data-element_type=\"section\">\n\t\t\t\t\t\t<div class=\"elementor-container elementor-column-gap-default\">\n\t\t\t\t\t<div class=\"elementor-column elementor-col-100 elementor-top-column elementor-element elementor-element-030b3e1\" data-id=\"030b3e1\" data-element_type=\"column\">\n\t\t\t<div class=\"elementor-widget-wrap elementor-element-populated\">\n\t\t\t\t\t\t<div class=\"elementor-element elementor-element-421f7ed elementor-widget elementor-widget-heading\" data-id=\"421f7ed\" data-element_type=\"widget\" data-widget_type=\"heading.default\">\n\t\t\t\t<div class=\"elementor-widget-container\">\n\t\t\t\t\t<h2 class=\"elementor-heading-title elementor-size-default\">Delegacia de Homic\u00eddios da Capital cumpre buscas em investiga\u00e7\u00e3o de homic\u00eddios ocorridos na Capital e um dos alvos \u00e9 preso no Mato Grosso do Sul <\/h2>\t\t\t\t<\/div>\n\t\t\t\t<\/div>\n\t\t\t\t\t<\/div>\n\t\t<\/div>\n\t\t\t\t\t<\/div>\n\t\t<\/section>\n\t\t\t\t<section class=\"elementor-section elementor-top-section elementor-element elementor-element-d8fa637 elementor-section-boxed elementor-section-height-default elementor-section-height-default\" data-id=\"d8fa637\" data-element_type=\"section\">\n\t\t\t\t\t\t<div class=\"elementor-container elementor-column-gap-default\">\n\t\t\t\t\t<div class=\"elementor-column elementor-col-100 elementor-top-column elementor-element elementor-element-d65d002\" data-id=\"d65d002\" data-element_type=\"column\">\n\t\t\t<div class=\"elementor-widget-wrap elementor-element-populated\">\n\t\t\t\t\t\t<div class=\"elementor-element elementor-element-3b500bb elementor-widget elementor-widget-image\" data-id=\"3b500bb\" data-element_type=\"widget\" data-widget_type=\"image.default\">\n\t\t\t\t<div class=\"elementor-widget-container\">\n\t\t\t\t\t\t\t\t\t\t\t\t\t\t\t<img fetchpriority=\"high\" decoding=\"async\" width=\"682\" height=\"1024\" src=\"https:\/\/pc.sc.gov.br\/\/wp-content\/uploads\/2024\/03\/WhatsApp-Image-2024-03-25-at-10.14.12-682x1024.jpeg\" class=\"attachment-large size-large wp-image-18598\" alt=\"\" srcset=\"https:\/\/pc.sc.gov.br\/\/wp-content\/uploads\/2024\/03\/WhatsApp-Image-2024-03-25-at-10.14.12-682x1024.jpeg 682w, https:\/\/pc.sc.gov.br\/\/wp-content\/uploads\/2024\/03\/WhatsApp-Image-2024-03-25-at-10.14.12-768x1152.jpeg 768w\" sizes=\"(max-width: 682px) 100vw, 682px\" \/>\t\t\t\t\t\t\t\t\t\t\t\t\t\t\t<\/div>\n\t\t\t\t<\/div>\n\t\t\t\t\t<\/div>\n\t\t<\/div>\n\t\t\t\t\t<\/div>\n\t\t<\/section>\n\t\t\t\t<section class=\"elementor-section elementor-top-section elementor-element elementor-element-a0bc46a elementor-section-boxed elementor-section-height-default elementor-section-height-default\" data-id=\"a0bc46a\" data-element_type=\"section\">\n\t\t\t\t\t\t<div class=\"elementor-container elementor-column-gap-default\">\n\t\t\t\t\t<div class=\"elementor-column elementor-col-100 elementor-top-column elementor-element elementor-element-3bfe625\" data-id=\"3bfe625\" data-element_type=\"column\">\n\t\t\t<div class=\"elementor-widget-wrap elementor-element-populated\">\n\t\t\t\t\t\t<div class=\"elementor-element elementor-element-4d2e705 elementor-widget elementor-widget-text-editor\" data-id=\"4d2e705\" data-element_type=\"widget\" data-widget_type=\"text-editor.default\">\n\t\t\t\t<div class=\"elementor-widget-container\">\n\t\t\t\t\t\t\t\t\t<p>Nesta segunda-feira (25), a Pol\u00edcia Civil de Santa Catarina, por meio da Delegacia de Homic\u00eddios da Capital, realizou o cumprimento de mandados de busca e apreens\u00e3o nos bairros Ingleses, em Florian\u00f3polis, e Jos\u00e9 Nitro, em S\u00e3o Jos\u00e9. A a\u00e7\u00e3o est\u00e1 relacionada a dois inqu\u00e9ritos policiais que apuram homic\u00eddios ocorridos nos meses de janeiro e fevereiro deste ano nos bairros Ingleses e Rio Tavares, ambos em Florian\u00f3polis.<\/p><p>Em continuidade \u00e0s buscas realizadas nesta manh\u00e3 pela DH da Capital, um dos alvos da opera\u00e7\u00e3o foi preso na cidade de Dourados, no estado do Mato Grosso do Sul. Durante as buscas, obtiveram-se informa\u00e7\u00f5es de que o alvo sabendo que vinha sendo investigado pela DH da Capital, evadiu-se para o estado do Mato Grosso do Sul, internando-se em uma cl\u00ednica de recupera\u00e7\u00e3o para dependentes qu\u00edmicos na cidade de Dourados\/MS.<\/p><p>A pris\u00e3o tempor\u00e1ria ocorreu ap\u00f3s troca de informa\u00e7\u00f5es entre os Agentes da DH da Capital e o Setor de Investiga\u00e7\u00f5es Gerais da 1\u00aa Delegacia de Pol\u00edcia de Dourados\/MS. O homem preso \u00e9 investigado no inqu\u00e9rito do homic\u00eddio ocorrido no bairro Ingleses, em Florian\u00f3polis.<\/p>\t\t\t\t\t\t\t\t<\/div>\n\t\t\t\t<\/div>\n\t\t\t\t\t<\/div>\n\t\t<\/div>\n\t\t\t\t\t<\/div>\n\t\t<\/section>\n\t\t\t\t<\/div>\n\t\t","protected":false},"excerpt":{"rendered":"<p>Delegacia de Homic\u00eddios da Capital cumpre buscas em investiga\u00e7\u00e3o de homic\u00eddios ocorridos na Capital e um dos alvos \u00e9 preso no Mato Grosso do Sul Nesta segunda-feira (25), a Pol\u00edcia Civil de Santa Catarina, por meio da Delegacia de Homic\u00eddios da Capital, realizou o cumprimento de mandados de busca e apreens\u00e3o nos bairros Ingleses, em [&hellip;]<\/p>\n","protected":false},"author":5,"featured_media":18598,"comment_status":"closed","ping_status":"open","sticky":false,"template":"","format":"standard","meta":{"_monsterinsights_skip_tracking":false,"_monsterinsights_sitenote_active":false,"_monsterinsights_sitenote_note":"","_monsterinsights_sitenote_category":0,"footnotes":""},"categories":[1],"tags":[],"class_list":["post-18597","post","type-post","status-publish","format-standard","has-post-thumbnail","hentry","category-sem-categoria"],"_links":{"self":[{"href":"https:\/\/pc.sc.gov.br\/index.php?rest_route=\/wp\/v2\/posts\/18597","targetHints":{"allow":["GET"]}}],"collection":[{"href":"https:\/\/pc.sc.gov.br\/index.php?rest_route=\/wp\/v2\/posts"}],"about":[{"href":"https:\/\/pc.sc.gov.br\/index.php?rest_route=\/wp\/v2\/types\/post"}],"author":[{"embeddable":true,"href":"https:\/\/pc.sc.gov.br\/index.php?rest_route=\/wp\/v2\/users\/5"}],"replies":[{"embeddable":true,"href":"https:\/\/pc.sc.gov.br\/index.php?rest_route=%2Fwp%2Fv2%2Fcomments&post=18597"}],"version-history":[{"count":4,"href":"https:\/\/pc.sc.gov.br\/index.php?rest_route=\/wp\/v2\/posts\/18597\/revisions"}],"predecessor-version":[{"id":18602,"href":"https:\/\/pc.sc.gov.br\/index.php?rest_route=\/wp\/v2\/posts\/18597\/revisions\/18602"}],"wp:featuredmedia":[{"embeddable":true,"href":"https:\/\/pc.sc.gov.br\/index.php?rest_route=\/wp\/v2\/media\/18598"}],"wp:attachment":[{"href":"https:\/\/pc.sc.gov.br\/index.php?rest_route=%2Fwp%2Fv2%2Fmedia&parent=18597"}],"wp:term":[{"taxonomy":"category","embeddable":true,"href":"https:\/\/pc.sc.gov.br\/index.php?rest_route=%2Fwp%2Fv2%2Fcategories&post=18597"},{"taxonomy":"post_tag","embeddable":true,"href":"https:\/\/pc.sc.gov.br\/index.php?rest_route=%2Fwp%2Fv2%2Ftags&post=18597"}],"curies":[{"name":"wp","href":"https:\/\/api.w.org\/{rel}","templated":true}]}}