{"id":18608,"date":"2024-03-25T19:27:31","date_gmt":"2024-03-25T22:27:31","guid":{"rendered":"https:\/\/pc.sc.gov.br\/?p=18608"},"modified":"2024-03-25T19:28:21","modified_gmt":"2024-03-25T22:28:21","slug":"dic-de-tubarao-prende-homem-em-flagrante-por-trafico-de-drogas","status":"publish","type":"post","link":"https:\/\/pc.sc.gov.br\/?p=18608","title":{"rendered":"DIC de Tubar\u00e3o prende homem em flagrante por tr\u00e1fico de drogas"},"content":{"rendered":"\t\t<div data-elementor-type=\"wp-post\" data-elementor-id=\"18608\" class=\"elementor elementor-18608\" data-elementor-post-type=\"post\">\n\t\t\t\t\t\t<section class=\"elementor-section elementor-top-section elementor-element elementor-element-70d2987 elementor-section-boxed elementor-section-height-default elementor-section-height-default\" data-id=\"70d2987\" data-element_type=\"section\">\n\t\t\t\t\t\t<div class=\"elementor-container elementor-column-gap-default\">\n\t\t\t\t\t<div class=\"elementor-column elementor-col-100 elementor-top-column elementor-element elementor-element-0925db9\" data-id=\"0925db9\" data-element_type=\"column\">\n\t\t\t<div class=\"elementor-widget-wrap elementor-element-populated\">\n\t\t\t\t\t\t<div class=\"elementor-element elementor-element-b9481b9 elementor-widget elementor-widget-heading\" data-id=\"b9481b9\" data-element_type=\"widget\" data-widget_type=\"heading.default\">\n\t\t\t\t<div class=\"elementor-widget-container\">\n\t\t\t\t\t<h2 class=\"elementor-heading-title elementor-size-default\">DIC de Tubar\u00e3o prende homem em flagrante por tr\u00e1fico de drogas<\/h2>\t\t\t\t<\/div>\n\t\t\t\t<\/div>\n\t\t\t\t\t<\/div>\n\t\t<\/div>\n\t\t\t\t\t<\/div>\n\t\t<\/section>\n\t\t\t\t<section class=\"elementor-section elementor-top-section elementor-element elementor-element-71f67e6 elementor-section-boxed elementor-section-height-default elementor-section-height-default\" data-id=\"71f67e6\" data-element_type=\"section\">\n\t\t\t\t\t\t<div class=\"elementor-container elementor-column-gap-default\">\n\t\t\t\t\t<div class=\"elementor-column elementor-col-100 elementor-top-column elementor-element elementor-element-1b91532\" data-id=\"1b91532\" data-element_type=\"column\">\n\t\t\t<div class=\"elementor-widget-wrap elementor-element-populated\">\n\t\t\t\t\t\t<div class=\"elementor-element elementor-element-71e2390 elementor-widget elementor-widget-image\" data-id=\"71e2390\" data-element_type=\"widget\" data-widget_type=\"image.default\">\n\t\t\t\t<div class=\"elementor-widget-container\">\n\t\t\t\t\t\t\t\t\t\t\t\t\t\t\t<img fetchpriority=\"high\" decoding=\"async\" width=\"689\" height=\"1024\" src=\"https:\/\/pc.sc.gov.br\/\/wp-content\/uploads\/2024\/03\/WhatsApp-Image-2024-03-25-at-19.09.25-689x1024.jpeg\" class=\"attachment-large size-large wp-image-18609\" alt=\"\" srcset=\"https:\/\/pc.sc.gov.br\/\/wp-content\/uploads\/2024\/03\/WhatsApp-Image-2024-03-25-at-19.09.25-689x1024.jpeg 689w, https:\/\/pc.sc.gov.br\/\/wp-content\/uploads\/2024\/03\/WhatsApp-Image-2024-03-25-at-19.09.25-202x300.jpeg 202w, https:\/\/pc.sc.gov.br\/\/wp-content\/uploads\/2024\/03\/WhatsApp-Image-2024-03-25-at-19.09.25-768x1141.jpeg 768w, https:\/\/pc.sc.gov.br\/\/wp-content\/uploads\/2024\/03\/WhatsApp-Image-2024-03-25-at-19.09.25-1034x1536.jpeg 1034w, https:\/\/pc.sc.gov.br\/\/wp-content\/uploads\/2024\/03\/WhatsApp-Image-2024-03-25-at-19.09.25.jpeg 1077w\" sizes=\"(max-width: 689px) 100vw, 689px\" \/>\t\t\t\t\t\t\t\t\t\t\t\t\t\t\t<\/div>\n\t\t\t\t<\/div>\n\t\t\t\t<div class=\"elementor-element elementor-element-4e3eb49 elementor-widget elementor-widget-text-editor\" data-id=\"4e3eb49\" data-element_type=\"widget\" data-widget_type=\"text-editor.default\">\n\t\t\t\t<div class=\"elementor-widget-container\">\n\t\t\t\t\t\t\t\t\t<p>Na manh\u00e3 desta segunda-feira (25\/03\/2024), a Pol\u00edcia Civil de Santa Catarina, por meio da Divis\u00e3o de Investiga\u00e7\u00e3o Criminal (DIC) de Tubar\u00e3o, abordou um ve\u00edculo em Tubar\u00e3o, onde foram encontradas cerca de 90 por\u00e7\u00f5es de coca\u00edna, resultando na pris\u00e3o em flagrante de um homem.<\/p><p>A DIC de Tubar\u00e3o recebeu informa\u00e7\u00f5es h\u00e1 algum tempo indicando que um homem, utilizando um ve\u00edculo modelo Celta azul, estaria realizando o tr\u00e1fico de drogas na modalidade de tele-entrega na cidade. Apesar de dilig\u00eancias preliminares, o ve\u00edculo n\u00e3o foi identificado e as investiga\u00e7\u00f5es cessaram.<\/p><p>Na semana passada, novas informa\u00e7\u00f5es foram recebidas indicando que um ve\u00edculo com as mesmas caracter\u00edsticas mencionadas anteriormente estaria rondando os postos de combust\u00edveis da cidade. Cientes dos roubos que ocorreram em estabelecimentos dessa natureza, a DIC intensificou os esfor\u00e7os e identificou o ve\u00edculo em quest\u00e3o.<\/p><p>Assim, na manh\u00e3 de hoje, a partir das 8h, policiais da DIC de Tubar\u00e3o passaram a realizar dilig\u00eancias para encontrar o ve\u00edculo e abord\u00e1-lo. O ve\u00edculo foi localizado e, por volta das 10h30min, abordado. Em seu interior estava o homem, e durante busca veicular, foram encontradas as por\u00e7\u00f5es de coca\u00edna, resultando na pris\u00e3o em flagrante pelo crime de tr\u00e1fico de drogas.<\/p><p>O homem foi conduzido \u00e0 sede da DIC de Tubar\u00e3o, autuado em flagrante e, ap\u00f3s os procedimentos de Pol\u00edcia Judici\u00e1ria, encaminhado ao Pres\u00eddio Regional de Tubar\u00e3o, onde permanecer\u00e1 \u00e0 disposi\u00e7\u00e3o do Poder Judici\u00e1rio.<\/p>\t\t\t\t\t\t\t\t<\/div>\n\t\t\t\t<\/div>\n\t\t\t\t\t<\/div>\n\t\t<\/div>\n\t\t\t\t\t<\/div>\n\t\t<\/section>\n\t\t\t\t<\/div>\n\t\t","protected":false},"excerpt":{"rendered":"<p>DIC de Tubar\u00e3o prende homem em flagrante por tr\u00e1fico de drogas Na manh\u00e3 desta segunda-feira (25\/03\/2024), a Pol\u00edcia Civil de Santa Catarina, por meio da Divis\u00e3o de Investiga\u00e7\u00e3o Criminal (DIC) de Tubar\u00e3o, abordou um ve\u00edculo em Tubar\u00e3o, onde foram encontradas cerca de 90 por\u00e7\u00f5es de coca\u00edna, resultando na pris\u00e3o em flagrante de um homem. A [&hellip;]<\/p>\n","protected":false},"author":5,"featured_media":18609,"comment_status":"closed","ping_status":"open","sticky":false,"template":"","format":"standard","meta":{"_monsterinsights_skip_tracking":false,"_monsterinsights_sitenote_active":false,"_monsterinsights_sitenote_note":"","_monsterinsights_sitenote_category":0,"footnotes":""},"categories":[1],"tags":[],"class_list":["post-18608","post","type-post","status-publish","format-standard","has-post-thumbnail","hentry","category-sem-categoria"],"_links":{"self":[{"href":"https:\/\/pc.sc.gov.br\/index.php?rest_route=\/wp\/v2\/posts\/18608","targetHints":{"allow":["GET"]}}],"collection":[{"href":"https:\/\/pc.sc.gov.br\/index.php?rest_route=\/wp\/v2\/posts"}],"about":[{"href":"https:\/\/pc.sc.gov.br\/index.php?rest_route=\/wp\/v2\/types\/post"}],"author":[{"embeddable":true,"href":"https:\/\/pc.sc.gov.br\/index.php?rest_route=\/wp\/v2\/users\/5"}],"replies":[{"embeddable":true,"href":"https:\/\/pc.sc.gov.br\/index.php?rest_route=%2Fwp%2Fv2%2Fcomments&post=18608"}],"version-history":[{"count":7,"href":"https:\/\/pc.sc.gov.br\/index.php?rest_route=\/wp\/v2\/posts\/18608\/revisions"}],"predecessor-version":[{"id":18616,"href":"https:\/\/pc.sc.gov.br\/index.php?rest_route=\/wp\/v2\/posts\/18608\/revisions\/18616"}],"wp:featuredmedia":[{"embeddable":true,"href":"https:\/\/pc.sc.gov.br\/index.php?rest_route=\/wp\/v2\/media\/18609"}],"wp:attachment":[{"href":"https:\/\/pc.sc.gov.br\/index.php?rest_route=%2Fwp%2Fv2%2Fmedia&parent=18608"}],"wp:term":[{"taxonomy":"category","embeddable":true,"href":"https:\/\/pc.sc.gov.br\/index.php?rest_route=%2Fwp%2Fv2%2Fcategories&post=18608"},{"taxonomy":"post_tag","embeddable":true,"href":"https:\/\/pc.sc.gov.br\/index.php?rest_route=%2Fwp%2Fv2%2Ftags&post=18608"}],"curies":[{"name":"wp","href":"https:\/\/api.w.org\/{rel}","templated":true}]}}