{"id":18617,"date":"2024-03-26T13:02:53","date_gmt":"2024-03-26T16:02:53","guid":{"rendered":"https:\/\/pc.sc.gov.br\/?p=18617"},"modified":"2024-03-26T13:04:21","modified_gmt":"2024-03-26T16:04:21","slug":"policia-civil-realiza-operacao-para-elucidacao-de-homicidio-em-palhoca","status":"publish","type":"post","link":"https:\/\/pc.sc.gov.br\/?p=18617","title":{"rendered":"Pol\u00edcia Civil realiza opera\u00e7\u00e3o para elucida\u00e7\u00e3o de homic\u00eddio em Palho\u00e7a"},"content":{"rendered":"\t\t<div data-elementor-type=\"wp-post\" data-elementor-id=\"18617\" class=\"elementor elementor-18617\" data-elementor-post-type=\"post\">\n\t\t\t\t\t\t<section class=\"elementor-section elementor-top-section elementor-element elementor-element-673ec87 elementor-section-boxed elementor-section-height-default elementor-section-height-default\" data-id=\"673ec87\" data-element_type=\"section\">\n\t\t\t\t\t\t<div class=\"elementor-container elementor-column-gap-default\">\n\t\t\t\t\t<div class=\"elementor-column elementor-col-100 elementor-top-column elementor-element elementor-element-6912f50\" data-id=\"6912f50\" data-element_type=\"column\">\n\t\t\t<div class=\"elementor-widget-wrap elementor-element-populated\">\n\t\t\t\t\t\t<div class=\"elementor-element elementor-element-2fe28e2 elementor-widget elementor-widget-heading\" data-id=\"2fe28e2\" data-element_type=\"widget\" data-widget_type=\"heading.default\">\n\t\t\t\t<div class=\"elementor-widget-container\">\n\t\t\t\t\t<h2 class=\"elementor-heading-title elementor-size-default\">Pol\u00edcia Civil realiza opera\u00e7\u00e3o para elucida\u00e7\u00e3o de homic\u00eddio em Palho\u00e7a\n<\/h2>\t\t\t\t<\/div>\n\t\t\t\t<\/div>\n\t\t\t\t\t<\/div>\n\t\t<\/div>\n\t\t\t\t\t<\/div>\n\t\t<\/section>\n\t\t\t\t<section class=\"elementor-section elementor-top-section elementor-element elementor-element-80c914b elementor-section-boxed elementor-section-height-default elementor-section-height-default\" data-id=\"80c914b\" data-element_type=\"section\">\n\t\t\t\t\t\t<div class=\"elementor-container elementor-column-gap-default\">\n\t\t\t\t\t<div class=\"elementor-column elementor-col-100 elementor-top-column elementor-element elementor-element-d458a94\" data-id=\"d458a94\" data-element_type=\"column\">\n\t\t\t<div class=\"elementor-widget-wrap elementor-element-populated\">\n\t\t\t\t\t\t<div class=\"elementor-element elementor-element-45a64d6 elementor-widget elementor-widget-image\" data-id=\"45a64d6\" data-element_type=\"widget\" data-widget_type=\"image.default\">\n\t\t\t\t<div class=\"elementor-widget-container\">\n\t\t\t\t\t\t\t\t\t\t\t\t\t\t\t<img fetchpriority=\"high\" decoding=\"async\" width=\"696\" height=\"596\" src=\"https:\/\/pc.sc.gov.br\/\/wp-content\/uploads\/2024\/03\/WhatsApp-Image-2024-03-26-at-12.44.32.jpeg\" class=\"attachment-large size-large wp-image-18618\" alt=\"\" srcset=\"https:\/\/pc.sc.gov.br\/\/wp-content\/uploads\/2024\/03\/WhatsApp-Image-2024-03-26-at-12.44.32.jpeg 781w, https:\/\/pc.sc.gov.br\/\/wp-content\/uploads\/2024\/03\/WhatsApp-Image-2024-03-26-at-12.44.32-300x257.jpeg 300w, https:\/\/pc.sc.gov.br\/\/wp-content\/uploads\/2024\/03\/WhatsApp-Image-2024-03-26-at-12.44.32-768x658.jpeg 768w\" sizes=\"(max-width: 696px) 100vw, 696px\" \/>\t\t\t\t\t\t\t\t\t\t\t\t\t\t\t<\/div>\n\t\t\t\t<\/div>\n\t\t\t\t\t<\/div>\n\t\t<\/div>\n\t\t\t\t\t<\/div>\n\t\t<\/section>\n\t\t\t\t<section class=\"elementor-section elementor-top-section elementor-element elementor-element-196b746 elementor-section-boxed elementor-section-height-default elementor-section-height-default\" data-id=\"196b746\" data-element_type=\"section\">\n\t\t\t\t\t\t<div class=\"elementor-container elementor-column-gap-default\">\n\t\t\t\t\t<div class=\"elementor-column elementor-col-100 elementor-top-column elementor-element elementor-element-a673303\" data-id=\"a673303\" data-element_type=\"column\">\n\t\t\t<div class=\"elementor-widget-wrap elementor-element-populated\">\n\t\t\t\t\t\t<div class=\"elementor-element elementor-element-1800512 elementor-widget elementor-widget-text-editor\" data-id=\"1800512\" data-element_type=\"widget\" data-widget_type=\"text-editor.default\">\n\t\t\t\t<div class=\"elementor-widget-container\">\n\t\t\t\t\t\t\t\t\t<p>Nesta ter\u00e7a-feira, dia 26 de mar\u00e7o de 2024, a Pol\u00edcia Civil de Santa Catarina, por meio da Divis\u00e3o de Investiga\u00e7\u00e3o Criminal (DIC) de Palho\u00e7a, deflagrou opera\u00e7\u00e3o com o objetivo de elucidar um homic\u00eddio ocorrido em 08\/03\/2024. No referido incidente, foi encontrado um homem em \u00f3bito, na Guarda do Cubat\u00e3o, apresentando m\u00faltiplos ferimentos causados por disparos de arma de fogo.<\/p><p>Durante a opera\u00e7\u00e3o, foram cumpridos quatro mandados de busca e apreens\u00e3o, visando reunir elementos que subsidiem o Inqu\u00e9rito Policial. Durante as buscas, foram apreendidos aparelhos e dispositivos eletr\u00f4nicos, al\u00e9m de comprimidos semelhantes \u00e0 droga sint\u00e9tica.<\/p><p>A Pol\u00edcia Civil destaca que esta opera\u00e7\u00e3o \u00e9 mais um exemplo do comprometimento da institui\u00e7\u00e3o em gerar resultados concretos no combate \u00e0 criminalidade, proporcionando um al\u00edvio para a comunidade e fortalecendo a confian\u00e7a da popula\u00e7\u00e3o nas for\u00e7as de seguran\u00e7a.<\/p><p>A opera\u00e7\u00e3o contou com o apoio da Pol\u00edcia Militar, por meio do Pelot\u00e3o de Patrulhamento T\u00e1tico (PPT) do 16\u00ba Batalh\u00e3o, al\u00e9m da Delegacia de Prote\u00e7\u00e3o \u00e0 Crian\u00e7a, ao Adolescente, \u00e0 Mulher e ao Idoso (DPCAMI) e da Delegacia de Pol\u00edcia da Comarca de Palho\u00e7a (DPCO).<\/p>\t\t\t\t\t\t\t\t<\/div>\n\t\t\t\t<\/div>\n\t\t\t\t\t<\/div>\n\t\t<\/div>\n\t\t\t\t\t<\/div>\n\t\t<\/section>\n\t\t\t\t<\/div>\n\t\t","protected":false},"excerpt":{"rendered":"<p>Pol\u00edcia Civil realiza opera\u00e7\u00e3o para elucida\u00e7\u00e3o de homic\u00eddio em Palho\u00e7a Nesta ter\u00e7a-feira, dia 26 de mar\u00e7o de 2024, a Pol\u00edcia Civil de Santa Catarina, por meio da Divis\u00e3o de Investiga\u00e7\u00e3o Criminal (DIC) de Palho\u00e7a, deflagrou opera\u00e7\u00e3o com o objetivo de elucidar um homic\u00eddio ocorrido em 08\/03\/2024. No referido incidente, foi encontrado um homem em \u00f3bito, [&hellip;]<\/p>\n","protected":false},"author":5,"featured_media":18618,"comment_status":"closed","ping_status":"open","sticky":false,"template":"","format":"standard","meta":{"_monsterinsights_skip_tracking":false,"_monsterinsights_sitenote_active":false,"_monsterinsights_sitenote_note":"","_monsterinsights_sitenote_category":0,"footnotes":""},"categories":[1],"tags":[],"class_list":["post-18617","post","type-post","status-publish","format-standard","has-post-thumbnail","hentry","category-sem-categoria"],"_links":{"self":[{"href":"https:\/\/pc.sc.gov.br\/index.php?rest_route=\/wp\/v2\/posts\/18617","targetHints":{"allow":["GET"]}}],"collection":[{"href":"https:\/\/pc.sc.gov.br\/index.php?rest_route=\/wp\/v2\/posts"}],"about":[{"href":"https:\/\/pc.sc.gov.br\/index.php?rest_route=\/wp\/v2\/types\/post"}],"author":[{"embeddable":true,"href":"https:\/\/pc.sc.gov.br\/index.php?rest_route=\/wp\/v2\/users\/5"}],"replies":[{"embeddable":true,"href":"https:\/\/pc.sc.gov.br\/index.php?rest_route=%2Fwp%2Fv2%2Fcomments&post=18617"}],"version-history":[{"count":4,"href":"https:\/\/pc.sc.gov.br\/index.php?rest_route=\/wp\/v2\/posts\/18617\/revisions"}],"predecessor-version":[{"id":18622,"href":"https:\/\/pc.sc.gov.br\/index.php?rest_route=\/wp\/v2\/posts\/18617\/revisions\/18622"}],"wp:featuredmedia":[{"embeddable":true,"href":"https:\/\/pc.sc.gov.br\/index.php?rest_route=\/wp\/v2\/media\/18618"}],"wp:attachment":[{"href":"https:\/\/pc.sc.gov.br\/index.php?rest_route=%2Fwp%2Fv2%2Fmedia&parent=18617"}],"wp:term":[{"taxonomy":"category","embeddable":true,"href":"https:\/\/pc.sc.gov.br\/index.php?rest_route=%2Fwp%2Fv2%2Fcategories&post=18617"},{"taxonomy":"post_tag","embeddable":true,"href":"https:\/\/pc.sc.gov.br\/index.php?rest_route=%2Fwp%2Fv2%2Ftags&post=18617"}],"curies":[{"name":"wp","href":"https:\/\/api.w.org\/{rel}","templated":true}]}}