{"id":18623,"date":"2024-03-26T13:23:18","date_gmt":"2024-03-26T16:23:18","guid":{"rendered":"https:\/\/pc.sc.gov.br\/?p=18623"},"modified":"2024-03-26T13:25:33","modified_gmt":"2024-03-26T16:25:33","slug":"policia-civil-realiza-evento-de-posse-de-policiais-civis-responsaveis-por-expedientes-de-delegacias-municipais-em-santa-catarina","status":"publish","type":"post","link":"https:\/\/pc.sc.gov.br\/?p=18623","title":{"rendered":"Pol\u00edcia Civil realiza evento de posse de policiais civis respons\u00e1veis por expedientes de Delegacias Municipais em Santa Catarina"},"content":{"rendered":"\t\t<div data-elementor-type=\"wp-post\" data-elementor-id=\"18623\" class=\"elementor elementor-18623\" data-elementor-post-type=\"post\">\n\t\t\t\t\t\t<section class=\"elementor-section elementor-top-section elementor-element elementor-element-3b545dc elementor-section-boxed elementor-section-height-default elementor-section-height-default\" data-id=\"3b545dc\" data-element_type=\"section\">\n\t\t\t\t\t\t<div class=\"elementor-container elementor-column-gap-default\">\n\t\t\t\t\t<div class=\"elementor-column elementor-col-100 elementor-top-column elementor-element elementor-element-2fca00d\" data-id=\"2fca00d\" data-element_type=\"column\">\n\t\t\t<div class=\"elementor-widget-wrap elementor-element-populated\">\n\t\t\t\t\t\t<div class=\"elementor-element elementor-element-72bbd82 elementor-widget elementor-widget-heading\" data-id=\"72bbd82\" data-element_type=\"widget\" data-widget_type=\"heading.default\">\n\t\t\t\t<div class=\"elementor-widget-container\">\n\t\t\t\t\t<h2 class=\"elementor-heading-title elementor-size-default\">Pol\u00edcia Civil realiza evento de posse de policiais civis respons\u00e1veis por expedientes de Delegacias Municipais em Santa Catarina \n<\/h2>\t\t\t\t<\/div>\n\t\t\t\t<\/div>\n\t\t\t\t\t<\/div>\n\t\t<\/div>\n\t\t\t\t\t<\/div>\n\t\t<\/section>\n\t\t\t\t<section class=\"elementor-section elementor-top-section elementor-element elementor-element-8f96fbb elementor-section-boxed elementor-section-height-default elementor-section-height-default\" data-id=\"8f96fbb\" data-element_type=\"section\">\n\t\t\t\t\t\t<div class=\"elementor-container elementor-column-gap-default\">\n\t\t\t\t\t<div class=\"elementor-column elementor-col-100 elementor-top-column elementor-element elementor-element-02945f5\" data-id=\"02945f5\" data-element_type=\"column\">\n\t\t\t<div class=\"elementor-widget-wrap elementor-element-populated\">\n\t\t\t\t\t\t<div class=\"elementor-element elementor-element-f27e2cd elementor-widget elementor-widget-image\" data-id=\"f27e2cd\" data-element_type=\"widget\" data-widget_type=\"image.default\">\n\t\t\t\t<div class=\"elementor-widget-container\">\n\t\t\t\t\t\t\t\t\t\t\t\t\t\t\t<img fetchpriority=\"high\" decoding=\"async\" width=\"696\" height=\"483\" src=\"https:\/\/pc.sc.gov.br\/\/wp-content\/uploads\/2024\/03\/WhatsApp-Image-2024-03-26-at-12.57.55-1024x711.jpeg\" class=\"attachment-large size-large wp-image-18625\" alt=\"\" srcset=\"https:\/\/pc.sc.gov.br\/\/wp-content\/uploads\/2024\/03\/WhatsApp-Image-2024-03-26-at-12.57.55-1024x711.jpeg 1024w, https:\/\/pc.sc.gov.br\/\/wp-content\/uploads\/2024\/03\/WhatsApp-Image-2024-03-26-at-12.57.55-300x208.jpeg 300w, https:\/\/pc.sc.gov.br\/\/wp-content\/uploads\/2024\/03\/WhatsApp-Image-2024-03-26-at-12.57.55-768x533.jpeg 768w, https:\/\/pc.sc.gov.br\/\/wp-content\/uploads\/2024\/03\/WhatsApp-Image-2024-03-26-at-12.57.55-1536x1067.jpeg 1536w, https:\/\/pc.sc.gov.br\/\/wp-content\/uploads\/2024\/03\/WhatsApp-Image-2024-03-26-at-12.57.55.jpeg 1600w\" sizes=\"(max-width: 696px) 100vw, 696px\" \/>\t\t\t\t\t\t\t\t\t\t\t\t\t\t\t<\/div>\n\t\t\t\t<\/div>\n\t\t\t\t\t<\/div>\n\t\t<\/div>\n\t\t\t\t\t<\/div>\n\t\t<\/section>\n\t\t\t\t<section class=\"elementor-section elementor-top-section elementor-element elementor-element-b9f97d3 elementor-section-boxed elementor-section-height-default elementor-section-height-default\" data-id=\"b9f97d3\" data-element_type=\"section\">\n\t\t\t\t\t\t<div class=\"elementor-container elementor-column-gap-default\">\n\t\t\t\t\t<div class=\"elementor-column elementor-col-100 elementor-top-column elementor-element elementor-element-535939d\" data-id=\"535939d\" data-element_type=\"column\">\n\t\t\t<div class=\"elementor-widget-wrap elementor-element-populated\">\n\t\t\t\t\t\t<div class=\"elementor-element elementor-element-20fb7ad elementor-widget elementor-widget-text-editor\" data-id=\"20fb7ad\" data-element_type=\"widget\" data-widget_type=\"text-editor.default\">\n\t\t\t\t<div class=\"elementor-widget-container\">\n\t\t\t\t\t\t\t\t\t<p>Nesta ter\u00e7a-feira (26), a Pol\u00edcia Civil de Santa Catarina promoveu a cerim\u00f4nia de posse de policiais civis respons\u00e1veis pelos expedientes de Delegacias Municipais em Santa Catarina. Ao todo, foram empossados 32 DPMus nomeados de janeiro de 2023 at\u00e9 o momento.<\/p>\n<p>Para marcar o ato, uma solenidade foi realizada na Academia da Pol\u00edcia Civil de Santa Catarina, em Canasvieiras, na Capital. O delegado-geral da PCSC, Ulisses Gabriel, tamb\u00e9m ressaltou a dedica\u00e7\u00e3o dos policiais civis, os resultados da diminui\u00e7\u00e3o da criminalidade e a busca pela refer\u00eancia internacional da Institui\u00e7\u00e3o em investiga\u00e7\u00e3o criminal.<\/p>\n<p>O evento contou com presen\u00e7a do secret\u00e1rio de Seguran\u00e7a P\u00fablica de Santa Catarina, Sargento Lima, que parabenizou os policiais civis, as estrat\u00e9gias de a\u00e7\u00e3o e os excelentes trabalhos policiais realizados em prol da sociedade no Estado.<\/p>\n<p><b><i>Com informa\u00e7\u00f5es e imagens da Assessoria de Com<\/i><\/b><i><b>unica\u00e7\u00e3o da SSP\/SC.<\/b><\/i><\/p>\t\t\t\t\t\t\t\t<\/div>\n\t\t\t\t<\/div>\n\t\t\t\t\t<\/div>\n\t\t<\/div>\n\t\t\t\t\t<\/div>\n\t\t<\/section>\n\t\t\t\t<section class=\"elementor-section elementor-top-section elementor-element elementor-element-2cbfc79 elementor-section-boxed elementor-section-height-default elementor-section-height-default\" data-id=\"2cbfc79\" data-element_type=\"section\">\n\t\t\t\t\t\t<div class=\"elementor-container elementor-column-gap-default\">\n\t\t\t\t\t<div class=\"elementor-column elementor-col-100 elementor-top-column elementor-element elementor-element-ab48e88\" data-id=\"ab48e88\" data-element_type=\"column\">\n\t\t\t<div class=\"elementor-widget-wrap elementor-element-populated\">\n\t\t\t\t\t\t<div class=\"elementor-element elementor-element-a57e070 elementor-widget elementor-widget-image\" data-id=\"a57e070\" data-element_type=\"widget\" data-widget_type=\"image.default\">\n\t\t\t\t<div class=\"elementor-widget-container\">\n\t\t\t\t\t\t\t\t\t\t\t\t\t\t\t<img decoding=\"async\" width=\"696\" height=\"522\" src=\"https:\/\/pc.sc.gov.br\/\/wp-content\/uploads\/2024\/03\/WhatsApp-Image-2024-03-26-at-12.58.40-1024x768.jpeg\" class=\"attachment-large size-large wp-image-18624\" alt=\"\" srcset=\"https:\/\/pc.sc.gov.br\/\/wp-content\/uploads\/2024\/03\/WhatsApp-Image-2024-03-26-at-12.58.40-1024x768.jpeg 1024w, https:\/\/pc.sc.gov.br\/\/wp-content\/uploads\/2024\/03\/WhatsApp-Image-2024-03-26-at-12.58.40-300x225.jpeg 300w, https:\/\/pc.sc.gov.br\/\/wp-content\/uploads\/2024\/03\/WhatsApp-Image-2024-03-26-at-12.58.40-768x576.jpeg 768w, https:\/\/pc.sc.gov.br\/\/wp-content\/uploads\/2024\/03\/WhatsApp-Image-2024-03-26-at-12.58.40-1536x1152.jpeg 1536w, https:\/\/pc.sc.gov.br\/\/wp-content\/uploads\/2024\/03\/WhatsApp-Image-2024-03-26-at-12.58.40.jpeg 1600w\" sizes=\"(max-width: 696px) 100vw, 696px\" \/>\t\t\t\t\t\t\t\t\t\t\t\t\t\t\t<\/div>\n\t\t\t\t<\/div>\n\t\t\t\t\t<\/div>\n\t\t<\/div>\n\t\t\t\t\t<\/div>\n\t\t<\/section>\n\t\t\t\t<\/div>\n\t\t","protected":false},"excerpt":{"rendered":"<p>Pol\u00edcia Civil realiza evento de posse de policiais civis respons\u00e1veis por expedientes de Delegacias Municipais em Santa Catarina Nesta ter\u00e7a-feira (26), a Pol\u00edcia Civil de Santa Catarina promoveu a cerim\u00f4nia de posse de policiais civis respons\u00e1veis pelos expedientes de Delegacias Municipais em Santa Catarina. Ao todo, foram empossados 32 DPMus nomeados de janeiro de 2023 [&hellip;]<\/p>\n","protected":false},"author":5,"featured_media":18625,"comment_status":"closed","ping_status":"open","sticky":false,"template":"","format":"standard","meta":{"_monsterinsights_skip_tracking":false,"_monsterinsights_sitenote_active":false,"_monsterinsights_sitenote_note":"","_monsterinsights_sitenote_category":0,"footnotes":""},"categories":[1],"tags":[],"class_list":["post-18623","post","type-post","status-publish","format-standard","has-post-thumbnail","hentry","category-sem-categoria"],"_links":{"self":[{"href":"https:\/\/pc.sc.gov.br\/index.php?rest_route=\/wp\/v2\/posts\/18623","targetHints":{"allow":["GET"]}}],"collection":[{"href":"https:\/\/pc.sc.gov.br\/index.php?rest_route=\/wp\/v2\/posts"}],"about":[{"href":"https:\/\/pc.sc.gov.br\/index.php?rest_route=\/wp\/v2\/types\/post"}],"author":[{"embeddable":true,"href":"https:\/\/pc.sc.gov.br\/index.php?rest_route=\/wp\/v2\/users\/5"}],"replies":[{"embeddable":true,"href":"https:\/\/pc.sc.gov.br\/index.php?rest_route=%2Fwp%2Fv2%2Fcomments&post=18623"}],"version-history":[{"count":4,"href":"https:\/\/pc.sc.gov.br\/index.php?rest_route=\/wp\/v2\/posts\/18623\/revisions"}],"predecessor-version":[{"id":18629,"href":"https:\/\/pc.sc.gov.br\/index.php?rest_route=\/wp\/v2\/posts\/18623\/revisions\/18629"}],"wp:featuredmedia":[{"embeddable":true,"href":"https:\/\/pc.sc.gov.br\/index.php?rest_route=\/wp\/v2\/media\/18625"}],"wp:attachment":[{"href":"https:\/\/pc.sc.gov.br\/index.php?rest_route=%2Fwp%2Fv2%2Fmedia&parent=18623"}],"wp:term":[{"taxonomy":"category","embeddable":true,"href":"https:\/\/pc.sc.gov.br\/index.php?rest_route=%2Fwp%2Fv2%2Fcategories&post=18623"},{"taxonomy":"post_tag","embeddable":true,"href":"https:\/\/pc.sc.gov.br\/index.php?rest_route=%2Fwp%2Fv2%2Ftags&post=18623"}],"curies":[{"name":"wp","href":"https:\/\/api.w.org\/{rel}","templated":true}]}}