{"id":18653,"date":"2024-03-26T16:05:41","date_gmt":"2024-03-26T19:05:41","guid":{"rendered":"https:\/\/pc.sc.gov.br\/?p=18653"},"modified":"2024-03-26T16:09:04","modified_gmt":"2024-03-26T19:09:04","slug":"profissionais-das-forcas-de-seguranca-publica-de-sc-tem-prioridade-na-vacinacao-contra-a-gripe","status":"publish","type":"post","link":"https:\/\/pc.sc.gov.br\/?p=18653","title":{"rendered":"Profissionais das for\u00e7as de Seguran\u00e7a P\u00fablica de SC t\u00eam prioridade na vacina\u00e7\u00e3o contra a gripe"},"content":{"rendered":"\t\t<div data-elementor-type=\"wp-post\" data-elementor-id=\"18653\" class=\"elementor elementor-18653\" data-elementor-post-type=\"post\">\n\t\t\t\t\t\t<section class=\"elementor-section elementor-top-section elementor-element elementor-element-358d237 elementor-section-boxed elementor-section-height-default elementor-section-height-default\" data-id=\"358d237\" data-element_type=\"section\">\n\t\t\t\t\t\t<div class=\"elementor-container elementor-column-gap-default\">\n\t\t\t\t\t<div class=\"elementor-column elementor-col-100 elementor-top-column elementor-element elementor-element-4661659\" data-id=\"4661659\" data-element_type=\"column\">\n\t\t\t<div class=\"elementor-widget-wrap elementor-element-populated\">\n\t\t\t\t\t\t<div class=\"elementor-element elementor-element-0aa0512 elementor-widget elementor-widget-heading\" data-id=\"0aa0512\" data-element_type=\"widget\" data-widget_type=\"heading.default\">\n\t\t\t\t<div class=\"elementor-widget-container\">\n\t\t\t\t\t<h2 class=\"elementor-heading-title elementor-size-default\">Profissionais das for\u00e7as de Seguran\u00e7a P\u00fablica de SC t\u00eam prioridade na vacina\u00e7\u00e3o contra a gripe<\/h2>\t\t\t\t<\/div>\n\t\t\t\t<\/div>\n\t\t\t\t\t<\/div>\n\t\t<\/div>\n\t\t\t\t\t<\/div>\n\t\t<\/section>\n\t\t\t\t<section class=\"elementor-section elementor-top-section elementor-element elementor-element-3048171 elementor-section-boxed elementor-section-height-default elementor-section-height-default\" data-id=\"3048171\" data-element_type=\"section\">\n\t\t\t\t\t\t<div class=\"elementor-container elementor-column-gap-default\">\n\t\t\t\t\t<div class=\"elementor-column elementor-col-100 elementor-top-column elementor-element elementor-element-5ad1d64\" data-id=\"5ad1d64\" data-element_type=\"column\">\n\t\t\t<div class=\"elementor-widget-wrap elementor-element-populated\">\n\t\t\t\t\t\t<div class=\"elementor-element elementor-element-f9997ad elementor-widget elementor-widget-image\" data-id=\"f9997ad\" data-element_type=\"widget\" data-widget_type=\"image.default\">\n\t\t\t\t<div class=\"elementor-widget-container\">\n\t\t\t\t\t\t\t\t\t\t\t\t\t\t\t<img fetchpriority=\"high\" decoding=\"async\" width=\"696\" height=\"464\" src=\"https:\/\/pc.sc.gov.br\/\/wp-content\/uploads\/2024\/03\/52810419844_a90578a022_c.jpg\" class=\"attachment-large size-large wp-image-18654\" alt=\"\" srcset=\"https:\/\/pc.sc.gov.br\/\/wp-content\/uploads\/2024\/03\/52810419844_a90578a022_c.jpg 799w, https:\/\/pc.sc.gov.br\/\/wp-content\/uploads\/2024\/03\/52810419844_a90578a022_c-300x200.jpg 300w, https:\/\/pc.sc.gov.br\/\/wp-content\/uploads\/2024\/03\/52810419844_a90578a022_c-768x512.jpg 768w\" sizes=\"(max-width: 696px) 100vw, 696px\" \/>\t\t\t\t\t\t\t\t\t\t\t\t\t\t\t<\/div>\n\t\t\t\t<\/div>\n\t\t\t\t\t<\/div>\n\t\t<\/div>\n\t\t\t\t\t<\/div>\n\t\t<\/section>\n\t\t\t\t<section class=\"elementor-section elementor-top-section elementor-element elementor-element-c86ed52 elementor-section-boxed elementor-section-height-default elementor-section-height-default\" data-id=\"c86ed52\" data-element_type=\"section\">\n\t\t\t\t\t\t<div class=\"elementor-container elementor-column-gap-default\">\n\t\t\t\t\t<div class=\"elementor-column elementor-col-100 elementor-top-column elementor-element elementor-element-a93ce6d\" data-id=\"a93ce6d\" data-element_type=\"column\">\n\t\t\t<div class=\"elementor-widget-wrap elementor-element-populated\">\n\t\t\t\t\t\t<div class=\"elementor-element elementor-element-9120646 elementor-widget elementor-widget-text-editor\" data-id=\"9120646\" data-element_type=\"widget\" data-widget_type=\"text-editor.default\">\n\t\t\t\t<div class=\"elementor-widget-container\">\n\t\t\t\t\t\t\t\t\t<p style=\"text-align: justify; background: white; margin: 4.4pt 0cm 4.4pt 0cm;\"><span style=\"color: #666666;\">Em virtude do aumento de casos de doen\u00e7as respirat\u00f3rias em todo o pa\u00eds, a<span style=\"background: white;\"> campanha de vacina\u00e7\u00e3o contra a gripe em Santa Catarina foi antecipada pela Secretaria de Estado da Sa\u00fade (SES), atrav\u00e9s da Diretoria de Vigil\u00e2ncia Epidemiol\u00f3gica (DIVE). <\/span>A medida segue a orienta\u00e7\u00e3o do Minist\u00e9rio da Sa\u00fade (MS), que decidiu antecipar para o m\u00eas de mar\u00e7o a Campanha de Vacina\u00e7\u00e3o contra a gripe que ocorre tradicionalmente entre os meses de abril e maio.&nbsp;<\/span><\/p>\n<p style=\"text-align: justify; background: white; margin: 4.4pt 0cm 4.4pt 0cm;\"><span style=\"color: #666666;\">Assim como nos anos anteriores, a vacina\u00e7\u00e3o ser\u00e1 destinada apenas para a popula\u00e7\u00e3o dos grupos priorit\u00e1rios, um total de 3.023.725 pessoas. Os profissionais de Seguran\u00e7a P\u00fablica do Estado fazem s\u00e3o um dos grupos priorit\u00e1rios. A meta \u00e9 imunizar, ao menos, 90% dos grupos priorit\u00e1rios at\u00e9 o dia 31 de maio.<\/span><\/p>\n<p style=\"text-align: justify; background: white; margin: 4.4pt 0cm 4.4pt 0cm;\"><span style=\"color: #666666;\">Segundo informa\u00e7\u00f5es da Ger\u00eancia de Doen\u00e7as Infecciosas Agudas e Imuniza\u00e7\u00e3o da DIVE, a vacina tem papel fundamental na preven\u00e7\u00e3o de casos graves, hospitaliza\u00e7\u00f5es e mortes pela doen\u00e7a. Todas as pessoas que fazem parte dos grupos priorit\u00e1rios s\u00e3o pessoas mais vulner\u00e1veis, mais suscet\u00edveis a evoluir para gravidade caso sejam infectadas pelo v\u00edrus influenza, que causa a gripe. Por isso, \u00e9 importante que a popula\u00e7\u00e3o procure uma unidade de sa\u00fade e tome a vacina.<\/span><\/p>\n<p style=\"text-align: justify; background: white; box-sizing: border-box; font-variant-ligatures: normal; font-variant-caps: normal; orphans: 2; widows: 2; -webkit-text-stroke-width: 0px; text-decoration-thickness: initial; text-decoration-style: initial; text-decoration-color: initial; word-spacing: 0px; margin: 4.4pt 0cm 4.4pt 0cm;\"><span style=\"color: #666666;\"><span style=\"box-sizing: border-box;\">A vacina contra a gripe oferecida na rede p\u00fablica de sa\u00fade \u00e9 a trivalente. Ela protege contra os principais v\u00edrus influenza em circula\u00e7\u00e3o no Brasil, que s\u00e3o o influenza A (H1N1), influenza A (H3N2) e o v\u00edrus influenza B.&nbsp; A SES ressalta que a dose n\u00e3o causa gripe e pode ser aplicada simultaneamente com outros imunizantes do Calend\u00e1rio Nacional de Vacina\u00e7\u00e3o. As crian\u00e7as que v\u00e3o receber a vacina pela primeira vez devem tomar duas doses, com um intervalo de 30 dias.<\/span><\/span><\/p>\n<p style=\"text-align: justify; background: white; margin: 4.4pt 0cm 4.4pt 0cm;\"><span style=\"color: #666666;\"><b>Mais informa\u00e7\u00f5es sobre outros grupos priorit\u00e1rios na p\u00e1gina da SES:<\/b> <a href=\"https:\/\/www.saude.sc.gov.br\/index.php\/noticias-geral\/14798-campanha-de-vacinacao-contra-a-gripe-e-antecipada-em-santa-catarina\">https:\/\/www.saude.sc.gov.br\/index.php\/noticias-geral\/14798-campanha-de-vacinacao-contra-a-gripe-e-antecipada-em-santa-catarina<\/a><\/span><\/p>\n<p style=\"text-align: justify; background: white; margin: 4.4pt 0cm 4.4pt 0cm;\"><b><i><span style=\"color: #666666;\">Cr\u00e9dito de imagem: <\/span><span style=\"font-size: 10.5pt; font-family: 'Verdana','sans-serif'; color: #666666; background: white;\">Ricardo Trida\/SECOM<\/span><\/i><\/b><\/p>\t\t\t\t\t\t\t\t<\/div>\n\t\t\t\t<\/div>\n\t\t\t\t\t<\/div>\n\t\t<\/div>\n\t\t\t\t\t<\/div>\n\t\t<\/section>\n\t\t\t\t<\/div>\n\t\t","protected":false},"excerpt":{"rendered":"<p>Profissionais das for\u00e7as de Seguran\u00e7a P\u00fablica de SC t\u00eam prioridade na vacina\u00e7\u00e3o contra a gripe Em virtude do aumento de casos de doen\u00e7as respirat\u00f3rias em todo o pa\u00eds, a campanha de vacina\u00e7\u00e3o contra a gripe em Santa Catarina foi antecipada pela Secretaria de Estado da Sa\u00fade (SES), atrav\u00e9s da Diretoria de Vigil\u00e2ncia Epidemiol\u00f3gica (DIVE). A [&hellip;]<\/p>\n","protected":false},"author":5,"featured_media":18654,"comment_status":"closed","ping_status":"open","sticky":false,"template":"","format":"standard","meta":{"_monsterinsights_skip_tracking":false,"_monsterinsights_sitenote_active":false,"_monsterinsights_sitenote_note":"","_monsterinsights_sitenote_category":0,"footnotes":""},"categories":[1],"tags":[],"class_list":["post-18653","post","type-post","status-publish","format-standard","has-post-thumbnail","hentry","category-sem-categoria"],"_links":{"self":[{"href":"https:\/\/pc.sc.gov.br\/index.php?rest_route=\/wp\/v2\/posts\/18653","targetHints":{"allow":["GET"]}}],"collection":[{"href":"https:\/\/pc.sc.gov.br\/index.php?rest_route=\/wp\/v2\/posts"}],"about":[{"href":"https:\/\/pc.sc.gov.br\/index.php?rest_route=\/wp\/v2\/types\/post"}],"author":[{"embeddable":true,"href":"https:\/\/pc.sc.gov.br\/index.php?rest_route=\/wp\/v2\/users\/5"}],"replies":[{"embeddable":true,"href":"https:\/\/pc.sc.gov.br\/index.php?rest_route=%2Fwp%2Fv2%2Fcomments&post=18653"}],"version-history":[{"count":4,"href":"https:\/\/pc.sc.gov.br\/index.php?rest_route=\/wp\/v2\/posts\/18653\/revisions"}],"predecessor-version":[{"id":18658,"href":"https:\/\/pc.sc.gov.br\/index.php?rest_route=\/wp\/v2\/posts\/18653\/revisions\/18658"}],"wp:featuredmedia":[{"embeddable":true,"href":"https:\/\/pc.sc.gov.br\/index.php?rest_route=\/wp\/v2\/media\/18654"}],"wp:attachment":[{"href":"https:\/\/pc.sc.gov.br\/index.php?rest_route=%2Fwp%2Fv2%2Fmedia&parent=18653"}],"wp:term":[{"taxonomy":"category","embeddable":true,"href":"https:\/\/pc.sc.gov.br\/index.php?rest_route=%2Fwp%2Fv2%2Fcategories&post=18653"},{"taxonomy":"post_tag","embeddable":true,"href":"https:\/\/pc.sc.gov.br\/index.php?rest_route=%2Fwp%2Fv2%2Ftags&post=18653"}],"curies":[{"name":"wp","href":"https:\/\/api.w.org\/{rel}","templated":true}]}}