{"id":18665,"date":"2024-03-26T17:12:32","date_gmt":"2024-03-26T20:12:32","guid":{"rendered":"https:\/\/pc.sc.gov.br\/?p=18665"},"modified":"2024-03-26T17:13:20","modified_gmt":"2024-03-26T20:13:20","slug":"policia-civil-deflagra-operacao-contra-exploracao-sexual-infantojuvenil-em-cruz-alta-no-rio-grande-do-sul","status":"publish","type":"post","link":"https:\/\/pc.sc.gov.br\/?p=18665","title":{"rendered":"Pol\u00edcia Civil deflagra opera\u00e7\u00e3o contra explora\u00e7\u00e3o sexual infantojuvenil em Cruz Alta no Rio Grande do Sul"},"content":{"rendered":"\t\t<div data-elementor-type=\"wp-post\" data-elementor-id=\"18665\" class=\"elementor elementor-18665\" data-elementor-post-type=\"post\">\n\t\t\t\t\t\t<section class=\"elementor-section elementor-top-section elementor-element elementor-element-0ebf14e elementor-section-boxed elementor-section-height-default elementor-section-height-default\" data-id=\"0ebf14e\" data-element_type=\"section\">\n\t\t\t\t\t\t<div class=\"elementor-container elementor-column-gap-default\">\n\t\t\t\t\t<div class=\"elementor-column elementor-col-100 elementor-top-column elementor-element elementor-element-fde0ee4\" data-id=\"fde0ee4\" data-element_type=\"column\">\n\t\t\t<div class=\"elementor-widget-wrap elementor-element-populated\">\n\t\t\t\t\t\t<div class=\"elementor-element elementor-element-10cb983 elementor-widget elementor-widget-heading\" data-id=\"10cb983\" data-element_type=\"widget\" data-widget_type=\"heading.default\">\n\t\t\t\t<div class=\"elementor-widget-container\">\n\t\t\t\t\t<h2 class=\"elementor-heading-title elementor-size-default\">Pol\u00edcia Civil deflagra opera\u00e7\u00e3o contra explora\u00e7\u00e3o sexual infantojuvenil em Cruz Alta no Rio Grande do Sul <\/h2>\t\t\t\t<\/div>\n\t\t\t\t<\/div>\n\t\t\t\t\t<\/div>\n\t\t<\/div>\n\t\t\t\t\t<\/div>\n\t\t<\/section>\n\t\t\t\t<section class=\"elementor-section elementor-top-section elementor-element elementor-element-4298b0c elementor-section-boxed elementor-section-height-default elementor-section-height-default\" data-id=\"4298b0c\" data-element_type=\"section\">\n\t\t\t\t\t\t<div class=\"elementor-container elementor-column-gap-default\">\n\t\t\t\t\t<div class=\"elementor-column elementor-col-100 elementor-top-column elementor-element elementor-element-203dc8a\" data-id=\"203dc8a\" data-element_type=\"column\">\n\t\t\t<div class=\"elementor-widget-wrap elementor-element-populated\">\n\t\t\t\t\t\t<div class=\"elementor-element elementor-element-62b2271 elementor-widget elementor-widget-image\" data-id=\"62b2271\" data-element_type=\"widget\" data-widget_type=\"image.default\">\n\t\t\t\t<div class=\"elementor-widget-container\">\n\t\t\t\t\t\t\t\t\t\t\t\t\t\t\t<img fetchpriority=\"high\" decoding=\"async\" width=\"696\" height=\"522\" src=\"https:\/\/pc.sc.gov.br\/\/wp-content\/uploads\/2024\/03\/WhatsApp-Image-2024-03-26-at-16.32.36-1024x768.jpeg\" class=\"attachment-large size-large wp-image-18667\" alt=\"\" srcset=\"https:\/\/pc.sc.gov.br\/\/wp-content\/uploads\/2024\/03\/WhatsApp-Image-2024-03-26-at-16.32.36-1024x768.jpeg 1024w, https:\/\/pc.sc.gov.br\/\/wp-content\/uploads\/2024\/03\/WhatsApp-Image-2024-03-26-at-16.32.36-300x225.jpeg 300w, https:\/\/pc.sc.gov.br\/\/wp-content\/uploads\/2024\/03\/WhatsApp-Image-2024-03-26-at-16.32.36-768x576.jpeg 768w, https:\/\/pc.sc.gov.br\/\/wp-content\/uploads\/2024\/03\/WhatsApp-Image-2024-03-26-at-16.32.36.jpeg 1280w\" sizes=\"(max-width: 696px) 100vw, 696px\" \/>\t\t\t\t\t\t\t\t\t\t\t\t\t\t\t<\/div>\n\t\t\t\t<\/div>\n\t\t\t\t\t<\/div>\n\t\t<\/div>\n\t\t\t\t\t<\/div>\n\t\t<\/section>\n\t\t\t\t<section class=\"elementor-section elementor-top-section elementor-element elementor-element-fff5872 elementor-section-boxed elementor-section-height-default elementor-section-height-default\" data-id=\"fff5872\" data-element_type=\"section\">\n\t\t\t\t\t\t<div class=\"elementor-container elementor-column-gap-default\">\n\t\t\t\t\t<div class=\"elementor-column elementor-col-100 elementor-top-column elementor-element elementor-element-448938b\" data-id=\"448938b\" data-element_type=\"column\">\n\t\t\t<div class=\"elementor-widget-wrap elementor-element-populated\">\n\t\t\t\t\t\t<div class=\"elementor-element elementor-element-f16e5a7 elementor-widget elementor-widget-text-editor\" data-id=\"f16e5a7\" data-element_type=\"widget\" data-widget_type=\"text-editor.default\">\n\t\t\t\t<div class=\"elementor-widget-container\">\n\t\t\t\t\t\t\t\t\t<p>Na ter\u00e7a-feira (26), a Pol\u00edcia Civil de Santa Catarina, por meio da Delegacia de Prote\u00e7\u00e3o dos Direitos das Mulheres, em apoio ao N\u00facleo de Intelig\u00eancia do Tribunal de Justi\u00e7a de Santa Catarina &#8211; NIS\/TJSC, com apoio da 5\u00aa DPRI da DRACO do Rio Grande do Sul, deflagrou uma opera\u00e7\u00e3o policial para cumprimento de mandado de busca e apreens\u00e3o e mandado de pris\u00e3o relacionado \u00e0 investiga\u00e7\u00e3o de extors\u00e3o, armazenamento e transmiss\u00e3o de arquivos com conte\u00fado de explora\u00e7\u00e3o sexual infantojuvenil.<\/p><p>O mandado foi cumprido na cidade de Cruz Alta\/RS e o suspeito foi conduzido \u00e0 Central de Plant\u00e3o Policial de Cruz Alta, onde permanecer\u00e1 \u00e0 disposi\u00e7\u00e3o da Justi\u00e7a. Al\u00e9m disso, foram apreendidos dispositivos inform\u00e1ticos de posse do suspeito, os quais foram encaminhados \u00e0 per\u00edcia para an\u00e1lise e confirma\u00e7\u00e3o da pr\u00e1tica dos crimes relacionados \u00e0 explora\u00e7\u00e3o sexual infantojuvenil.<\/p>\t\t\t\t\t\t\t\t<\/div>\n\t\t\t\t<\/div>\n\t\t\t\t\t<\/div>\n\t\t<\/div>\n\t\t\t\t\t<\/div>\n\t\t<\/section>\n\t\t\t\t<\/div>\n\t\t","protected":false},"excerpt":{"rendered":"<p>Pol\u00edcia Civil deflagra opera\u00e7\u00e3o contra explora\u00e7\u00e3o sexual infantojuvenil em Cruz Alta no Rio Grande do Sul Na ter\u00e7a-feira (26), a Pol\u00edcia Civil de Santa Catarina, por meio da Delegacia de Prote\u00e7\u00e3o dos Direitos das Mulheres, em apoio ao N\u00facleo de Intelig\u00eancia do Tribunal de Justi\u00e7a de Santa Catarina &#8211; NIS\/TJSC, com apoio da 5\u00aa DPRI [&hellip;]<\/p>\n","protected":false},"author":5,"featured_media":18667,"comment_status":"closed","ping_status":"open","sticky":false,"template":"","format":"standard","meta":{"_monsterinsights_skip_tracking":false,"_monsterinsights_sitenote_active":false,"_monsterinsights_sitenote_note":"","_monsterinsights_sitenote_category":0,"footnotes":""},"categories":[1],"tags":[],"class_list":["post-18665","post","type-post","status-publish","format-standard","has-post-thumbnail","hentry","category-sem-categoria"],"_links":{"self":[{"href":"https:\/\/pc.sc.gov.br\/index.php?rest_route=\/wp\/v2\/posts\/18665","targetHints":{"allow":["GET"]}}],"collection":[{"href":"https:\/\/pc.sc.gov.br\/index.php?rest_route=\/wp\/v2\/posts"}],"about":[{"href":"https:\/\/pc.sc.gov.br\/index.php?rest_route=\/wp\/v2\/types\/post"}],"author":[{"embeddable":true,"href":"https:\/\/pc.sc.gov.br\/index.php?rest_route=\/wp\/v2\/users\/5"}],"replies":[{"embeddable":true,"href":"https:\/\/pc.sc.gov.br\/index.php?rest_route=%2Fwp%2Fv2%2Fcomments&post=18665"}],"version-history":[{"count":4,"href":"https:\/\/pc.sc.gov.br\/index.php?rest_route=\/wp\/v2\/posts\/18665\/revisions"}],"predecessor-version":[{"id":18671,"href":"https:\/\/pc.sc.gov.br\/index.php?rest_route=\/wp\/v2\/posts\/18665\/revisions\/18671"}],"wp:featuredmedia":[{"embeddable":true,"href":"https:\/\/pc.sc.gov.br\/index.php?rest_route=\/wp\/v2\/media\/18667"}],"wp:attachment":[{"href":"https:\/\/pc.sc.gov.br\/index.php?rest_route=%2Fwp%2Fv2%2Fmedia&parent=18665"}],"wp:term":[{"taxonomy":"category","embeddable":true,"href":"https:\/\/pc.sc.gov.br\/index.php?rest_route=%2Fwp%2Fv2%2Fcategories&post=18665"},{"taxonomy":"post_tag","embeddable":true,"href":"https:\/\/pc.sc.gov.br\/index.php?rest_route=%2Fwp%2Fv2%2Ftags&post=18665"}],"curies":[{"name":"wp","href":"https:\/\/api.w.org\/{rel}","templated":true}]}}