{"id":18683,"date":"2024-03-26T19:00:03","date_gmt":"2024-03-26T22:00:03","guid":{"rendered":"https:\/\/pc.sc.gov.br\/?p=18683"},"modified":"2024-03-26T19:02:26","modified_gmt":"2024-03-26T22:02:26","slug":"policia-civil-realiza-cumprimento-de-busca-em-investigacao-de-homicidio-na-capital-e-um-homem-e-preso-em-flagrante-por-trafico-de-drogas","status":"publish","type":"post","link":"https:\/\/pc.sc.gov.br\/?p=18683","title":{"rendered":"Pol\u00edcia Civil realiza cumprimento de busca em investiga\u00e7\u00e3o de homic\u00eddio na Capital e um homem \u00e9 preso em flagrante por tr\u00e1fico de drogas"},"content":{"rendered":"\t\t<div data-elementor-type=\"wp-post\" data-elementor-id=\"18683\" class=\"elementor elementor-18683\" data-elementor-post-type=\"post\">\n\t\t\t\t\t\t<section class=\"elementor-section elementor-top-section elementor-element elementor-element-be6141f elementor-section-boxed elementor-section-height-default elementor-section-height-default\" data-id=\"be6141f\" data-element_type=\"section\">\n\t\t\t\t\t\t<div class=\"elementor-container elementor-column-gap-default\">\n\t\t\t\t\t<div class=\"elementor-column elementor-col-100 elementor-top-column elementor-element elementor-element-8d28028\" data-id=\"8d28028\" data-element_type=\"column\">\n\t\t\t<div class=\"elementor-widget-wrap elementor-element-populated\">\n\t\t\t\t\t\t<div class=\"elementor-element elementor-element-f7afed9 elementor-widget elementor-widget-heading\" data-id=\"f7afed9\" data-element_type=\"widget\" data-widget_type=\"heading.default\">\n\t\t\t\t<div class=\"elementor-widget-container\">\n\t\t\t\t\t<h2 class=\"elementor-heading-title elementor-size-default\">Pol\u00edcia Civil realiza cumprimento de busca em investiga\u00e7\u00e3o de homic\u00eddio na Capital e um homem \u00e9 preso em flagrante por tr\u00e1fico de drogas<\/h2>\t\t\t\t<\/div>\n\t\t\t\t<\/div>\n\t\t\t\t\t<\/div>\n\t\t<\/div>\n\t\t\t\t\t<\/div>\n\t\t<\/section>\n\t\t\t\t<section class=\"elementor-section elementor-top-section elementor-element elementor-element-ca37cad elementor-section-boxed elementor-section-height-default elementor-section-height-default\" data-id=\"ca37cad\" data-element_type=\"section\">\n\t\t\t\t\t\t<div class=\"elementor-container elementor-column-gap-default\">\n\t\t\t\t\t<div class=\"elementor-column elementor-col-100 elementor-top-column elementor-element elementor-element-71ece8a\" data-id=\"71ece8a\" data-element_type=\"column\">\n\t\t\t<div class=\"elementor-widget-wrap elementor-element-populated\">\n\t\t\t\t\t\t<div class=\"elementor-element elementor-element-2119ef3 elementor-widget elementor-widget-image\" data-id=\"2119ef3\" data-element_type=\"widget\" data-widget_type=\"image.default\">\n\t\t\t\t<div class=\"elementor-widget-container\">\n\t\t\t\t\t\t\t\t\t\t\t\t\t\t\t<img fetchpriority=\"high\" decoding=\"async\" width=\"696\" height=\"353\" src=\"https:\/\/pc.sc.gov.br\/\/wp-content\/uploads\/2023\/12\/VIATURA_HOMICIDIOS_CAPITAL.jpg\" class=\"attachment-large size-large wp-image-15721\" alt=\"\" srcset=\"https:\/\/pc.sc.gov.br\/\/wp-content\/uploads\/2023\/12\/VIATURA_HOMICIDIOS_CAPITAL.jpg 704w, https:\/\/pc.sc.gov.br\/\/wp-content\/uploads\/2023\/12\/VIATURA_HOMICIDIOS_CAPITAL-300x152.jpg 300w\" sizes=\"(max-width: 696px) 100vw, 696px\" \/>\t\t\t\t\t\t\t\t\t\t\t\t\t\t\t<\/div>\n\t\t\t\t<\/div>\n\t\t\t\t<div class=\"elementor-element elementor-element-511f295 elementor-widget elementor-widget-text-editor\" data-id=\"511f295\" data-element_type=\"widget\" data-widget_type=\"text-editor.default\">\n\t\t\t\t<div class=\"elementor-widget-container\">\n\t\t\t\t\t\t\t\t\t<p>Na tarde desta ter\u00e7a-feira (26), a Pol\u00edcia Civil de Santa Catarina, por meio da Delegacia de Homic\u00eddios da Capital, cumpriu mandado de busca e apreens\u00e3o no bairro Ingleses, dando continuidade \u00e0s investiga\u00e7\u00f5es que apuram o desaparecimento e prov\u00e1vel homic\u00eddio de um jovem, no mesmo bairro, no m\u00eas de janeiro deste ano.<\/p><p>Durante o cumprimento das buscas, um homem envolvido com o tr\u00e1fico de drogas na regi\u00e3o dos Ingleses, ao perceber a presen\u00e7a dos policiais no local, empreendeu fuga a p\u00e9, dispensando certa quantia de droga no trajeto, por\u00e9m foi alcan\u00e7ado pelos policiais da Delegacia de Homic\u00eddios, que realizaram a sua pris\u00e3o.<\/p><p>O homem preso, que j\u00e1 \u00e9 conhecido pelos policiais, possui certa lideran\u00e7a na regi\u00e3o em que exerce o tr\u00e1fico de drogas e tamb\u00e9m vem sendo investigado no homic\u00eddio que resultou na expedi\u00e7\u00e3o do mandado de busca e apreens\u00e3o cumprido nesta data.<\/p><p>Ele encontrava-se com benef\u00edcio de liberdade provis\u00f3ria, pois vem sendo processado pela pr\u00e1tica do crime de tr\u00e1fico de drogas. O preso foi encaminhado para a Central de Plant\u00e3o Policial onde foi lavrado o auto de pris\u00e3o em flagrante.<\/p><p>Prestaram apoio na a\u00e7\u00e3o agentes da DECOD e da COPC da PCSC.<\/p>\t\t\t\t\t\t\t\t<\/div>\n\t\t\t\t<\/div>\n\t\t\t\t\t<\/div>\n\t\t<\/div>\n\t\t\t\t\t<\/div>\n\t\t<\/section>\n\t\t\t\t<\/div>\n\t\t","protected":false},"excerpt":{"rendered":"<p>Pol\u00edcia Civil realiza cumprimento de busca em investiga\u00e7\u00e3o de homic\u00eddio na Capital e um homem \u00e9 preso em flagrante por tr\u00e1fico de drogas Na tarde desta ter\u00e7a-feira (26), a Pol\u00edcia Civil de Santa Catarina, por meio da Delegacia de Homic\u00eddios da Capital, cumpriu mandado de busca e apreens\u00e3o no bairro Ingleses, dando continuidade \u00e0s investiga\u00e7\u00f5es [&hellip;]<\/p>\n","protected":false},"author":5,"featured_media":15721,"comment_status":"closed","ping_status":"open","sticky":false,"template":"","format":"standard","meta":{"_monsterinsights_skip_tracking":false,"_monsterinsights_sitenote_active":false,"_monsterinsights_sitenote_note":"","_monsterinsights_sitenote_category":0,"footnotes":""},"categories":[1],"tags":[],"class_list":["post-18683","post","type-post","status-publish","format-standard","has-post-thumbnail","hentry","category-sem-categoria"],"_links":{"self":[{"href":"https:\/\/pc.sc.gov.br\/index.php?rest_route=\/wp\/v2\/posts\/18683","targetHints":{"allow":["GET"]}}],"collection":[{"href":"https:\/\/pc.sc.gov.br\/index.php?rest_route=\/wp\/v2\/posts"}],"about":[{"href":"https:\/\/pc.sc.gov.br\/index.php?rest_route=\/wp\/v2\/types\/post"}],"author":[{"embeddable":true,"href":"https:\/\/pc.sc.gov.br\/index.php?rest_route=\/wp\/v2\/users\/5"}],"replies":[{"embeddable":true,"href":"https:\/\/pc.sc.gov.br\/index.php?rest_route=%2Fwp%2Fv2%2Fcomments&post=18683"}],"version-history":[{"count":7,"href":"https:\/\/pc.sc.gov.br\/index.php?rest_route=\/wp\/v2\/posts\/18683\/revisions"}],"predecessor-version":[{"id":18691,"href":"https:\/\/pc.sc.gov.br\/index.php?rest_route=\/wp\/v2\/posts\/18683\/revisions\/18691"}],"wp:featuredmedia":[{"embeddable":true,"href":"https:\/\/pc.sc.gov.br\/index.php?rest_route=\/wp\/v2\/media\/15721"}],"wp:attachment":[{"href":"https:\/\/pc.sc.gov.br\/index.php?rest_route=%2Fwp%2Fv2%2Fmedia&parent=18683"}],"wp:term":[{"taxonomy":"category","embeddable":true,"href":"https:\/\/pc.sc.gov.br\/index.php?rest_route=%2Fwp%2Fv2%2Fcategories&post=18683"},{"taxonomy":"post_tag","embeddable":true,"href":"https:\/\/pc.sc.gov.br\/index.php?rest_route=%2Fwp%2Fv2%2Ftags&post=18683"}],"curies":[{"name":"wp","href":"https:\/\/api.w.org\/{rel}","templated":true}]}}