{"id":18692,"date":"2024-03-27T13:50:04","date_gmt":"2024-03-27T16:50:04","guid":{"rendered":"https:\/\/pc.sc.gov.br\/?p=18692"},"modified":"2024-03-27T13:51:35","modified_gmt":"2024-03-27T16:51:35","slug":"no-rio-grande-do-sul-policia-civil-prende-casal-foragido-por-maus-tratos-com-resultado-morte-de-uma-crianca-de-4-anos-em-florianopolis","status":"publish","type":"post","link":"https:\/\/pc.sc.gov.br\/?p=18692","title":{"rendered":"No Rio Grande do Sul, Pol\u00edcia Civil prende casal foragido por maus tratos com resultado morte de uma crian\u00e7a de 4 anos em Florian\u00f3polis"},"content":{"rendered":"\t\t<div data-elementor-type=\"wp-post\" data-elementor-id=\"18692\" class=\"elementor elementor-18692\" data-elementor-post-type=\"post\">\n\t\t\t\t\t\t<section class=\"elementor-section elementor-top-section elementor-element elementor-element-54fc934 elementor-section-boxed elementor-section-height-default elementor-section-height-default\" data-id=\"54fc934\" data-element_type=\"section\">\n\t\t\t\t\t\t<div class=\"elementor-container elementor-column-gap-default\">\n\t\t\t\t\t<div class=\"elementor-column elementor-col-100 elementor-top-column elementor-element elementor-element-66376b3\" data-id=\"66376b3\" data-element_type=\"column\">\n\t\t\t<div class=\"elementor-widget-wrap elementor-element-populated\">\n\t\t\t\t\t\t<div class=\"elementor-element elementor-element-be1be14 elementor-widget elementor-widget-heading\" data-id=\"be1be14\" data-element_type=\"widget\" data-widget_type=\"heading.default\">\n\t\t\t\t<div class=\"elementor-widget-container\">\n\t\t\t\t\t<h2 class=\"elementor-heading-title elementor-size-default\">No Rio Grande do Sul, Pol\u00edcia Civil prende casal foragido por maus tratos com resultado morte de uma crian\u00e7a de 4 anos em Florian\u00f3polis<\/h2>\t\t\t\t<\/div>\n\t\t\t\t<\/div>\n\t\t\t\t\t<\/div>\n\t\t<\/div>\n\t\t\t\t\t<\/div>\n\t\t<\/section>\n\t\t\t\t<section class=\"elementor-section elementor-top-section elementor-element elementor-element-af48896 elementor-section-boxed elementor-section-height-default elementor-section-height-default\" data-id=\"af48896\" data-element_type=\"section\">\n\t\t\t\t\t\t<div class=\"elementor-container elementor-column-gap-default\">\n\t\t\t\t\t<div class=\"elementor-column elementor-col-100 elementor-top-column elementor-element elementor-element-2b70424\" data-id=\"2b70424\" data-element_type=\"column\">\n\t\t\t<div class=\"elementor-widget-wrap elementor-element-populated\">\n\t\t\t\t\t\t<div class=\"elementor-element elementor-element-8533259 elementor-widget elementor-widget-image\" data-id=\"8533259\" data-element_type=\"widget\" data-widget_type=\"image.default\">\n\t\t\t\t<div class=\"elementor-widget-container\">\n\t\t\t\t\t\t\t\t\t\t\t\t\t\t\t<img fetchpriority=\"high\" decoding=\"async\" width=\"576\" height=\"1024\" src=\"https:\/\/pc.sc.gov.br\/\/wp-content\/uploads\/2024\/03\/WhatsApp-Image-2024-03-27-at-06.48.57-576x1024.jpeg\" class=\"attachment-large size-large wp-image-18693\" alt=\"\" srcset=\"https:\/\/pc.sc.gov.br\/\/wp-content\/uploads\/2024\/03\/WhatsApp-Image-2024-03-27-at-06.48.57-576x1024.jpeg 576w, https:\/\/pc.sc.gov.br\/\/wp-content\/uploads\/2024\/03\/WhatsApp-Image-2024-03-27-at-06.48.57-169x300.jpeg 169w, https:\/\/pc.sc.gov.br\/\/wp-content\/uploads\/2024\/03\/WhatsApp-Image-2024-03-27-at-06.48.57-768x1365.jpeg 768w, https:\/\/pc.sc.gov.br\/\/wp-content\/uploads\/2024\/03\/WhatsApp-Image-2024-03-27-at-06.48.57-864x1536.jpeg 864w, https:\/\/pc.sc.gov.br\/\/wp-content\/uploads\/2024\/03\/WhatsApp-Image-2024-03-27-at-06.48.57.jpeg 900w\" sizes=\"(max-width: 576px) 100vw, 576px\" \/>\t\t\t\t\t\t\t\t\t\t\t\t\t\t\t<\/div>\n\t\t\t\t<\/div>\n\t\t\t\t\t<\/div>\n\t\t<\/div>\n\t\t\t\t\t<\/div>\n\t\t<\/section>\n\t\t\t\t<section class=\"elementor-section elementor-top-section elementor-element elementor-element-133d4c4 elementor-section-boxed elementor-section-height-default elementor-section-height-default\" data-id=\"133d4c4\" data-element_type=\"section\">\n\t\t\t\t\t\t<div class=\"elementor-container elementor-column-gap-default\">\n\t\t\t\t\t<div class=\"elementor-column elementor-col-100 elementor-top-column elementor-element elementor-element-b0d34a3\" data-id=\"b0d34a3\" data-element_type=\"column\">\n\t\t\t<div class=\"elementor-widget-wrap elementor-element-populated\">\n\t\t\t\t\t\t<div class=\"elementor-element elementor-element-e8329a8 elementor-widget elementor-widget-text-editor\" data-id=\"e8329a8\" data-element_type=\"widget\" data-widget_type=\"text-editor.default\">\n\t\t\t\t<div class=\"elementor-widget-container\">\n\t\t\t\t\t\t\t\t\t<p>Nesta quarta-feira (27), a Pol\u00edcia Civil de Santa Catarina, por meio da Delegacia de Capturas da Diretoria Estadual de Investiga\u00e7\u00f5es Criminais, em conjunto com a 6\u00aa Delegacia de Pol\u00edcia de Porto Alegre, da Pol\u00edcia Civil do Rio Grande do Sul, cumpriu dois mandados de pris\u00e3o expedidos em virtude de senten\u00e7a condenat\u00f3ria expedida pelo crime de maus tratos com resultado morte contra crian\u00e7a, previsto nos artigos 136, \u00a72\u00ba&nbsp;&nbsp;e \u00a73\u00ba do C\u00f3digo Penal.<\/p>\n<p><strong>Entenda o caso<\/strong><\/p>\n<p>Os foragidos, m\u00e3e e padrasto da crian\u00e7a v\u00edtima, alegaram no registro da ocorr\u00eancia junto \u00e0 Pol\u00edcia Civil, que a crian\u00e7a teria ca\u00eddo batendo com a cabe\u00e7a enquanto estava com eles em um shopping da cidade de Florian\u00f3polis, mas que n\u00e3o aparentou estar passando mal, por isso, foi levada ao hospital apenas um dia depois do fato, quando s\u00f3 ent\u00e3o teria acordado se sentindo mal. A crian\u00e7a teria voltado para casa e sido encaminhada novamente ao hospital somente no dia seguinte, j\u00e1 inconsciente. Ela foi reanimada pela equipe m\u00e9dica, mas acabou tendo morte cerebral.<\/p>\n<p>Por\u00e9m, a per\u00edcia determinou que a causa da morte da crian\u00e7a, ocorrida no dia 21 de junho de 2015, em Florian\u00f3polis, aconteceu em raz\u00e3o de &#8220;S\u00edndrome do Beb\u00ea Sacudido&#8221; (ou Maltratado), que \u00e9 definida como uma agita\u00e7\u00e3o vigorosa do corpo da crian\u00e7a com sacudidas exageradas da cabe\u00e7a quando a crian\u00e7a teria sido contida pelas extremidades ou pelos ombros.<\/p>\n<p>Conforme apontou o laudo m\u00e9dico, tal movimenta\u00e7\u00e3o, repetida e exagerada da cabe\u00e7a da crian\u00e7a, pode causar ruptura dos vasos cerebrais e retinianos e gerar hematoma subdural agudo, com uma s\u00e9rie de hemorragias. O quadro teria evolu\u00eddo para a morte da crian\u00e7a, que tinha apenas 4 anos na \u00e9poca do fato.<\/p>\n<p>O casal foi condenado ap\u00f3s longo processo criminal por maus tratos com resultado morte contra crian\u00e7a. Durante o processo, diversos subterf\u00fagios jur\u00eddicos foram utilizados para a posterga\u00e7\u00e3o da senten\u00e7a, com a finalidade de despistar a Justi\u00e7a.<\/p>\n<p><strong>Rota de fuga<\/strong><\/p>\n<p>A m\u00e3e da v\u00edtima e o padrasto estavam com ordens de pris\u00e3o em raz\u00e3o de tr\u00e2nsito em julgado de senten\u00e7a condenat\u00f3ria, expedida pela 1\u00aa Vara Criminal de Florian\u00f3polis, ap\u00f3s retorno dos autos das inst\u00e2ncias superiores. O processo iniciou-se no ano de 2015 e ambos estavam foragidos desde junho de 2023.<\/p>\n<p>Ap\u00f3s tomar conhecimento das ordens judiciais de pris\u00e3o, a Delegacia de Capturas realizou incessantes dilig\u00eancias investigativas durante dois meses e, assim, tornou poss\u00edvel obter o paradeiro dos foragidos,&nbsp; que estavam homiziados em uma casa alugada para a temporada na cidade de Cap\u00e3o da Canoa, no Rio Grande do Sul, onde foram presos nesta madrugada pelos policiais civis.<\/p>\n<p><\/p>\n<p>Os foragidos estavam h\u00e1 quase um ano residindo em locais mediante alugu\u00e9is para temporada e em hot\u00e9is, em diversas cidades tur\u00edsticas e praias ga\u00fachas e catarinenses, vivendo uma vida confort\u00e1vel e utilizando documentos falsos.<\/p>\n<p><strong>Uso de documentos falsos <\/strong><\/p>\n<p>Durante a pris\u00e3o, o homem apresentou uma CNH falsa e foram apreendidas com os foragidos uma camiseta da Pol\u00edcia Civil de Santa Catarina e uma carteira funcional de Oficial de Justi\u00e7a.<\/p>\n<p>Os presos foram conduzidos \u00e0 6\u00aa Delegacia de Pol\u00edcia de Porto Alegre, onde, ap\u00f3s a realiza\u00e7\u00e3o dos procedimentos, foram autuados ainda pelo crime de uso de documento falso. Os dois&nbsp; permanecer\u00e3o \u00e0 disposi\u00e7\u00e3o do Poder Judici\u00e1rio do Rio Grande do Sul para a realiza\u00e7\u00e3o de audi\u00eancia de cust\u00f3dia.<\/p>\n<p>A Pol\u00edcia Civil de Santa Catarina destaca o valoroso e incans\u00e1vel trabalho da Pol\u00edcia Civil do Rio Grande do Sul, que n\u00e3o mediu esfor\u00e7os para a localiza\u00e7\u00e3o e pris\u00e3o dos autores em solo ga\u00facho.<\/p>\n<p>Den\u00fancias e informa\u00e7\u00f5es relacionadas a foragidos da Justi\u00e7a podem ser encaminhadas para o e-mail deic-capturas@pc.sc.gov.br. Al\u00e9m disso, pelo&nbsp;<a href=\"https:\/\/sistemas.pc.sc.gov.br\/foragidos\/\" target=\"_blank\"><b>Portal Foragidos da PCSC<\/b><\/a>&nbsp;\u00e9 poss\u00edvel conhecer a rela\u00e7\u00e3o de procurados pela Justi\u00e7a. A Pol\u00edcia Civil de Santa Catarina garante o anonimato de quem prestar informa\u00e7\u00f5es sobre foragidos.<\/p>\t\t\t\t\t\t\t\t<\/div>\n\t\t\t\t<\/div>\n\t\t\t\t\t<\/div>\n\t\t<\/div>\n\t\t\t\t\t<\/div>\n\t\t<\/section>\n\t\t\t\t<\/div>\n\t\t","protected":false},"excerpt":{"rendered":"<p>No Rio Grande do Sul, Pol\u00edcia Civil prende casal foragido por maus tratos com resultado morte de uma crian\u00e7a de 4 anos em Florian\u00f3polis Nesta quarta-feira (27), a Pol\u00edcia Civil de Santa Catarina, por meio da Delegacia de Capturas da Diretoria Estadual de Investiga\u00e7\u00f5es Criminais, em conjunto com a 6\u00aa Delegacia de Pol\u00edcia de Porto [&hellip;]<\/p>\n","protected":false},"author":5,"featured_media":18693,"comment_status":"closed","ping_status":"open","sticky":false,"template":"","format":"standard","meta":{"_monsterinsights_skip_tracking":false,"_monsterinsights_sitenote_active":false,"_monsterinsights_sitenote_note":"","_monsterinsights_sitenote_category":0,"footnotes":""},"categories":[1],"tags":[],"class_list":["post-18692","post","type-post","status-publish","format-standard","has-post-thumbnail","hentry","category-sem-categoria"],"_links":{"self":[{"href":"https:\/\/pc.sc.gov.br\/index.php?rest_route=\/wp\/v2\/posts\/18692","targetHints":{"allow":["GET"]}}],"collection":[{"href":"https:\/\/pc.sc.gov.br\/index.php?rest_route=\/wp\/v2\/posts"}],"about":[{"href":"https:\/\/pc.sc.gov.br\/index.php?rest_route=\/wp\/v2\/types\/post"}],"author":[{"embeddable":true,"href":"https:\/\/pc.sc.gov.br\/index.php?rest_route=\/wp\/v2\/users\/5"}],"replies":[{"embeddable":true,"href":"https:\/\/pc.sc.gov.br\/index.php?rest_route=%2Fwp%2Fv2%2Fcomments&post=18692"}],"version-history":[{"count":4,"href":"https:\/\/pc.sc.gov.br\/index.php?rest_route=\/wp\/v2\/posts\/18692\/revisions"}],"predecessor-version":[{"id":18697,"href":"https:\/\/pc.sc.gov.br\/index.php?rest_route=\/wp\/v2\/posts\/18692\/revisions\/18697"}],"wp:featuredmedia":[{"embeddable":true,"href":"https:\/\/pc.sc.gov.br\/index.php?rest_route=\/wp\/v2\/media\/18693"}],"wp:attachment":[{"href":"https:\/\/pc.sc.gov.br\/index.php?rest_route=%2Fwp%2Fv2%2Fmedia&parent=18692"}],"wp:term":[{"taxonomy":"category","embeddable":true,"href":"https:\/\/pc.sc.gov.br\/index.php?rest_route=%2Fwp%2Fv2%2Fcategories&post=18692"},{"taxonomy":"post_tag","embeddable":true,"href":"https:\/\/pc.sc.gov.br\/index.php?rest_route=%2Fwp%2Fv2%2Ftags&post=18692"}],"curies":[{"name":"wp","href":"https:\/\/api.w.org\/{rel}","templated":true}]}}