{"id":18698,"date":"2024-03-27T15:28:56","date_gmt":"2024-03-27T18:28:56","guid":{"rendered":"https:\/\/pc.sc.gov.br\/?p=18698"},"modified":"2024-03-27T15:31:02","modified_gmt":"2024-03-27T18:31:02","slug":"policia-civil-apreende-cerca-de-50kg-de-cocaina-e-crack-e-prende-dois-suspeitos-por-trafico-de-drogas","status":"publish","type":"post","link":"https:\/\/pc.sc.gov.br\/?p=18698","title":{"rendered":"Pol\u00edcia Civil apreende cerca de 50kg de coca\u00edna e crack e prende dois suspeitos por tr\u00e1fico de drogas"},"content":{"rendered":"\t\t<div data-elementor-type=\"wp-post\" data-elementor-id=\"18698\" class=\"elementor elementor-18698\" data-elementor-post-type=\"post\">\n\t\t\t\t\t\t<section class=\"elementor-section elementor-top-section elementor-element elementor-element-cc58c2f elementor-section-boxed elementor-section-height-default elementor-section-height-default\" data-id=\"cc58c2f\" data-element_type=\"section\">\n\t\t\t\t\t\t<div class=\"elementor-container elementor-column-gap-default\">\n\t\t\t\t\t<div class=\"elementor-column elementor-col-100 elementor-top-column elementor-element elementor-element-255b70e\" data-id=\"255b70e\" data-element_type=\"column\">\n\t\t\t<div class=\"elementor-widget-wrap elementor-element-populated\">\n\t\t\t\t\t\t<div class=\"elementor-element elementor-element-1d9f53d elementor-widget elementor-widget-heading\" data-id=\"1d9f53d\" data-element_type=\"widget\" data-widget_type=\"heading.default\">\n\t\t\t\t<div class=\"elementor-widget-container\">\n\t\t\t\t\t<h2 class=\"elementor-heading-title elementor-size-default\">Pol\u00edcia Civil apreende cerca de 50kg de coca\u00edna e crack e prende dois suspeitos por tr\u00e1fico de drogas<\/h2>\t\t\t\t<\/div>\n\t\t\t\t<\/div>\n\t\t\t\t\t<\/div>\n\t\t<\/div>\n\t\t\t\t\t<\/div>\n\t\t<\/section>\n\t\t\t\t<section class=\"elementor-section elementor-top-section elementor-element elementor-element-45b0088 elementor-section-boxed elementor-section-height-default elementor-section-height-default\" data-id=\"45b0088\" data-element_type=\"section\">\n\t\t\t\t\t\t<div class=\"elementor-container elementor-column-gap-default\">\n\t\t\t\t\t<div class=\"elementor-column elementor-col-100 elementor-top-column elementor-element elementor-element-88a4d7a\" data-id=\"88a4d7a\" data-element_type=\"column\">\n\t\t\t<div class=\"elementor-widget-wrap elementor-element-populated\">\n\t\t\t\t\t\t<div class=\"elementor-element elementor-element-aa67dc5 elementor-widget elementor-widget-image\" data-id=\"aa67dc5\" data-element_type=\"widget\" data-widget_type=\"image.default\">\n\t\t\t\t<div class=\"elementor-widget-container\">\n\t\t\t\t\t\t\t\t\t\t\t\t\t\t\t<img fetchpriority=\"high\" decoding=\"async\" width=\"696\" height=\"928\" src=\"https:\/\/pc.sc.gov.br\/\/wp-content\/uploads\/2024\/03\/WhatsApp-Image-2024-03-27-at-02.18.17-768x1024.jpeg\" class=\"attachment-large size-large wp-image-18699\" alt=\"\" srcset=\"https:\/\/pc.sc.gov.br\/\/wp-content\/uploads\/2024\/03\/WhatsApp-Image-2024-03-27-at-02.18.17-768x1024.jpeg 768w, https:\/\/pc.sc.gov.br\/\/wp-content\/uploads\/2024\/03\/WhatsApp-Image-2024-03-27-at-02.18.17-225x300.jpeg 225w, https:\/\/pc.sc.gov.br\/\/wp-content\/uploads\/2024\/03\/WhatsApp-Image-2024-03-27-at-02.18.17-1152x1536.jpeg 1152w, https:\/\/pc.sc.gov.br\/\/wp-content\/uploads\/2024\/03\/WhatsApp-Image-2024-03-27-at-02.18.17.jpeg 1200w\" sizes=\"(max-width: 696px) 100vw, 696px\" \/>\t\t\t\t\t\t\t\t\t\t\t\t\t\t\t<\/div>\n\t\t\t\t<\/div>\n\t\t\t\t\t<\/div>\n\t\t<\/div>\n\t\t\t\t\t<\/div>\n\t\t<\/section>\n\t\t\t\t<section class=\"elementor-section elementor-top-section elementor-element elementor-element-1ca1201 elementor-section-boxed elementor-section-height-default elementor-section-height-default\" data-id=\"1ca1201\" data-element_type=\"section\">\n\t\t\t\t\t\t<div class=\"elementor-container elementor-column-gap-default\">\n\t\t\t\t\t<div class=\"elementor-column elementor-col-100 elementor-top-column elementor-element elementor-element-88666db\" data-id=\"88666db\" data-element_type=\"column\">\n\t\t\t<div class=\"elementor-widget-wrap elementor-element-populated\">\n\t\t\t\t\t\t<div class=\"elementor-element elementor-element-8479f8c elementor-widget elementor-widget-text-editor\" data-id=\"8479f8c\" data-element_type=\"widget\" data-widget_type=\"text-editor.default\">\n\t\t\t\t<div class=\"elementor-widget-container\">\n\t\t\t\t\t\t\t\t\t<p>Nesta quarta-feira (27), a Pol\u00edcia Civil de Santa Catarina, por meio de a\u00e7\u00e3o conjunta da Divis\u00e3o de Investiga\u00e7\u00e3o Criminal da Itaja\u00ed e do Setor de Investiga\u00e7\u00e3o Criminal de Itaja\u00ed, prendeu dois homens pelo crime de tr\u00e1fico de drogas e apreendeu aproximadamente 50kg de coca\u00edna e crack.<\/p><p>A Divis\u00e3o de Investiga\u00e7\u00e3o Criminal de Itaja\u00ed vinha investigando h\u00e1 algumas semanas um grupo respons\u00e1vel por comercializar coca\u00edna em Itaja\u00ed e regi\u00e3o, tendo sido expedidos dois mandados de busca e apreens\u00e3o em im\u00f3veis vinculados aos suspeitos.<\/p><p>No dia de hoje, em a\u00e7\u00e3o conjunta com Setor de Investiga\u00e7\u00e3o Criminal de Itaja\u00ed, foi verificado que o grupo se preparava para uma grande negocia\u00e7\u00e3o de entorpecentes e foi deflagrada opera\u00e7\u00e3o para cumprimento das ordens judiciais.<\/p><p>Na primeira resid\u00eancia, na cidade de Itapema, foi encontrado na posse de um homem aproximadamente 46kg de coca\u00edna e crack. Na segunda resid\u00eancia, na cidade de Cambori\u00fa, foi encontrado na posse de outro homem um tablete de 1kg de coca\u00edna e 12 por\u00e7\u00f5es de coca\u00edna j\u00e1 devidamente embaladas para a venda. Al\u00e9m das drogas, foram apreendidos ve\u00edculos e valores em dinheiro.<\/p><p>Os suspeitos foram autuados em flagrante delito pelo crime de tr\u00e1fico de drogas. Os presos foram encaminhados ao Sistema Penitenci\u00e1rio, onde permanecem \u00e0 disposi\u00e7\u00e3o da Justi\u00e7a.<\/p>\t\t\t\t\t\t\t\t<\/div>\n\t\t\t\t<\/div>\n\t\t\t\t\t<\/div>\n\t\t<\/div>\n\t\t\t\t\t<\/div>\n\t\t<\/section>\n\t\t\t\t<\/div>\n\t\t","protected":false},"excerpt":{"rendered":"<p>Pol\u00edcia Civil apreende cerca de 50kg de coca\u00edna e crack e prende dois suspeitos por tr\u00e1fico de drogas Nesta quarta-feira (27), a Pol\u00edcia Civil de Santa Catarina, por meio de a\u00e7\u00e3o conjunta da Divis\u00e3o de Investiga\u00e7\u00e3o Criminal da Itaja\u00ed e do Setor de Investiga\u00e7\u00e3o Criminal de Itaja\u00ed, prendeu dois homens pelo crime de tr\u00e1fico de [&hellip;]<\/p>\n","protected":false},"author":5,"featured_media":18699,"comment_status":"closed","ping_status":"open","sticky":false,"template":"","format":"standard","meta":{"_monsterinsights_skip_tracking":false,"_monsterinsights_sitenote_active":false,"_monsterinsights_sitenote_note":"","_monsterinsights_sitenote_category":0,"footnotes":""},"categories":[1],"tags":[],"class_list":["post-18698","post","type-post","status-publish","format-standard","has-post-thumbnail","hentry","category-sem-categoria"],"_links":{"self":[{"href":"https:\/\/pc.sc.gov.br\/index.php?rest_route=\/wp\/v2\/posts\/18698","targetHints":{"allow":["GET"]}}],"collection":[{"href":"https:\/\/pc.sc.gov.br\/index.php?rest_route=\/wp\/v2\/posts"}],"about":[{"href":"https:\/\/pc.sc.gov.br\/index.php?rest_route=\/wp\/v2\/types\/post"}],"author":[{"embeddable":true,"href":"https:\/\/pc.sc.gov.br\/index.php?rest_route=\/wp\/v2\/users\/5"}],"replies":[{"embeddable":true,"href":"https:\/\/pc.sc.gov.br\/index.php?rest_route=%2Fwp%2Fv2%2Fcomments&post=18698"}],"version-history":[{"count":7,"href":"https:\/\/pc.sc.gov.br\/index.php?rest_route=\/wp\/v2\/posts\/18698\/revisions"}],"predecessor-version":[{"id":18706,"href":"https:\/\/pc.sc.gov.br\/index.php?rest_route=\/wp\/v2\/posts\/18698\/revisions\/18706"}],"wp:featuredmedia":[{"embeddable":true,"href":"https:\/\/pc.sc.gov.br\/index.php?rest_route=\/wp\/v2\/media\/18699"}],"wp:attachment":[{"href":"https:\/\/pc.sc.gov.br\/index.php?rest_route=%2Fwp%2Fv2%2Fmedia&parent=18698"}],"wp:term":[{"taxonomy":"category","embeddable":true,"href":"https:\/\/pc.sc.gov.br\/index.php?rest_route=%2Fwp%2Fv2%2Fcategories&post=18698"},{"taxonomy":"post_tag","embeddable":true,"href":"https:\/\/pc.sc.gov.br\/index.php?rest_route=%2Fwp%2Fv2%2Ftags&post=18698"}],"curies":[{"name":"wp","href":"https:\/\/api.w.org\/{rel}","templated":true}]}}