{"id":18722,"date":"2024-03-27T16:27:31","date_gmt":"2024-03-27T19:27:31","guid":{"rendered":"https:\/\/pc.sc.gov.br\/?p=18722"},"modified":"2024-03-27T16:28:23","modified_gmt":"2024-03-27T19:28:23","slug":"acao-conjunta-das-policias-civil-e-militar-resulta-na-prisao-de-quatro-homens-em-tubarao","status":"publish","type":"post","link":"https:\/\/pc.sc.gov.br\/?p=18722","title":{"rendered":"A\u00e7\u00e3o conjunta das Pol\u00edcias Civil e Militar resulta na pris\u00e3o de quatro homens em Tubar\u00e3o"},"content":{"rendered":"\t\t<div data-elementor-type=\"wp-post\" data-elementor-id=\"18722\" class=\"elementor elementor-18722\" data-elementor-post-type=\"post\">\n\t\t\t\t\t\t<section class=\"elementor-section elementor-top-section elementor-element elementor-element-b7d89ff elementor-section-boxed elementor-section-height-default elementor-section-height-default\" data-id=\"b7d89ff\" data-element_type=\"section\">\n\t\t\t\t\t\t<div class=\"elementor-container elementor-column-gap-default\">\n\t\t\t\t\t<div class=\"elementor-column elementor-col-100 elementor-top-column elementor-element elementor-element-86b9933\" data-id=\"86b9933\" data-element_type=\"column\">\n\t\t\t<div class=\"elementor-widget-wrap elementor-element-populated\">\n\t\t\t\t\t\t<div class=\"elementor-element elementor-element-7dea48b elementor-widget elementor-widget-heading\" data-id=\"7dea48b\" data-element_type=\"widget\" data-widget_type=\"heading.default\">\n\t\t\t\t<div class=\"elementor-widget-container\">\n\t\t\t\t\t<h2 class=\"elementor-heading-title elementor-size-default\">A\u00e7\u00e3o conjunta das Pol\u00edcias Civil e Militar resulta na pris\u00e3o de quatro homens em Tubar\u00e3o<\/h2>\t\t\t\t<\/div>\n\t\t\t\t<\/div>\n\t\t\t\t\t<\/div>\n\t\t<\/div>\n\t\t\t\t\t<\/div>\n\t\t<\/section>\n\t\t\t\t<section class=\"elementor-section elementor-top-section elementor-element elementor-element-9102382 elementor-section-boxed elementor-section-height-default elementor-section-height-default\" data-id=\"9102382\" data-element_type=\"section\">\n\t\t\t\t\t\t<div class=\"elementor-container elementor-column-gap-default\">\n\t\t\t\t\t<div class=\"elementor-column elementor-col-100 elementor-top-column elementor-element elementor-element-776c223\" data-id=\"776c223\" data-element_type=\"column\">\n\t\t\t<div class=\"elementor-widget-wrap elementor-element-populated\">\n\t\t\t\t\t\t<div class=\"elementor-element elementor-element-9b54787 elementor-widget elementor-widget-image\" data-id=\"9b54787\" data-element_type=\"widget\" data-widget_type=\"image.default\">\n\t\t\t\t<div class=\"elementor-widget-container\">\n\t\t\t\t\t\t\t\t\t\t\t\t\t\t\t<img fetchpriority=\"high\" decoding=\"async\" width=\"640\" height=\"480\" src=\"https:\/\/pc.sc.gov.br\/\/wp-content\/uploads\/2024\/03\/WhatsApp-Image-2024-03-27-at-10.45.03.jpeg\" class=\"attachment-large size-large wp-image-18723\" alt=\"\" srcset=\"https:\/\/pc.sc.gov.br\/\/wp-content\/uploads\/2024\/03\/WhatsApp-Image-2024-03-27-at-10.45.03.jpeg 640w, https:\/\/pc.sc.gov.br\/\/wp-content\/uploads\/2024\/03\/WhatsApp-Image-2024-03-27-at-10.45.03-300x225.jpeg 300w\" sizes=\"(max-width: 640px) 100vw, 640px\" \/>\t\t\t\t\t\t\t\t\t\t\t\t\t\t\t<\/div>\n\t\t\t\t<\/div>\n\t\t\t\t\t<\/div>\n\t\t<\/div>\n\t\t\t\t\t<\/div>\n\t\t<\/section>\n\t\t\t\t<section class=\"elementor-section elementor-top-section elementor-element elementor-element-ee7f7f0 elementor-section-boxed elementor-section-height-default elementor-section-height-default\" data-id=\"ee7f7f0\" data-element_type=\"section\">\n\t\t\t\t\t\t<div class=\"elementor-container elementor-column-gap-default\">\n\t\t\t\t\t<div class=\"elementor-column elementor-col-100 elementor-top-column elementor-element elementor-element-5626461\" data-id=\"5626461\" data-element_type=\"column\">\n\t\t\t<div class=\"elementor-widget-wrap elementor-element-populated\">\n\t\t\t\t\t\t<div class=\"elementor-element elementor-element-da4b67d elementor-widget elementor-widget-text-editor\" data-id=\"da4b67d\" data-element_type=\"widget\" data-widget_type=\"text-editor.default\">\n\t\t\t\t<div class=\"elementor-widget-container\">\n\t\t\t\t\t\t\t\t\t<p>Nesta quarta-feira (27), a Pol\u00edcias Civil e Militar de Santa Catarina, por meio da Divis\u00e3o de Investiga\u00e7\u00e3o Criminal e do 5\u00baBPM de Tubar\u00e3o, respectivamente, deflagraram opera\u00e7\u00e3o policial visando dar cumprimento a sete mandados de busca e apreens\u00e3o e tr\u00eas mandados de pris\u00e3o preventiva.<\/p><p>A opera\u00e7\u00e3o tinha por objetivo prender dois suspeitos de terem participado de assaltos ocorridos no m\u00eas de fevereiro deste ano, que tiveram como alvos tr\u00eas postos de combust\u00edvel e uma loja de conveni\u00eancia, al\u00e9m de dar cumprimento a um mandado de pris\u00e3o preventiva em desfavor de um suspeito de ter praticado uma tentativa de homic\u00eddio no antigo posto fera no dia 23\/02\/2024.<\/p><p>No mesmo sentido, a opera\u00e7\u00e3o teve por finalidade o cumprimento de sete mandados de buscas e apreens\u00e3o por meio dos quais foi poss\u00edvel coletar outros elementos de convic\u00e7\u00e3o em rela\u00e7\u00e3o aos fatos investigados.<\/p><p>A DIC de Tubar\u00e3o instaurou dois inqu\u00e9ritos policiais, um visando investigar os roubos, e outro, visando apurar a tentativa de homic\u00eddio. Ap\u00f3s a coleta de robusto conjunto probat\u00f3rio e com a troca de informa\u00e7\u00f5es com a Pol\u00edcia Militar, chegou-se a, ao menos, dois suspeitos dos roubos investigados e ao autor da tentativa de homic\u00eddio.<\/p><p>Com base nos elementos coletados, representou-se pela expedi\u00e7\u00e3o dos sete mandados de busca e apreens\u00e3o e pela pris\u00e3o preventiva dos tr\u00eas investigados, pleitos que restaram deferidos pelo Poder Judici\u00e1rio de Tubar\u00e3o.<\/p><p>Durante as dilig\u00eancias realizada na manh\u00e3 de hoje, um dos suspeitos dos roubos foi preso, o suspeito da tentativa de homic\u00eddio foi capturado e um terceiro se encontra foragido at\u00e9 o momento. Um quarto indiv\u00edduo foi preso em flagrante por posse irregular de muni\u00e7\u00e3o de uso permitido.<\/p><p>Os homens foram conduzidos \u00e0 sede da DIC de Tubar\u00e3o e, ap\u00f3s os procedimentos de Pol\u00edcia Judici\u00e1ria, encaminhados ao Pres\u00eddio Regional de Tubar\u00e3o, onde permanecer\u00e3o \u00e0 disposi\u00e7\u00e3o do Poder Judici\u00e1rio.<\/p>\t\t\t\t\t\t\t\t<\/div>\n\t\t\t\t<\/div>\n\t\t\t\t\t<\/div>\n\t\t<\/div>\n\t\t\t\t\t<\/div>\n\t\t<\/section>\n\t\t\t\t<\/div>\n\t\t","protected":false},"excerpt":{"rendered":"<p>A\u00e7\u00e3o conjunta das Pol\u00edcias Civil e Militar resulta na pris\u00e3o de quatro homens em Tubar\u00e3o Nesta quarta-feira (27), a Pol\u00edcias Civil e Militar de Santa Catarina, por meio da Divis\u00e3o de Investiga\u00e7\u00e3o Criminal e do 5\u00baBPM de Tubar\u00e3o, respectivamente, deflagraram opera\u00e7\u00e3o policial visando dar cumprimento a sete mandados de busca e apreens\u00e3o e tr\u00eas mandados [&hellip;]<\/p>\n","protected":false},"author":5,"featured_media":18724,"comment_status":"closed","ping_status":"open","sticky":false,"template":"","format":"standard","meta":{"_monsterinsights_skip_tracking":false,"_monsterinsights_sitenote_active":false,"_monsterinsights_sitenote_note":"","_monsterinsights_sitenote_category":0,"footnotes":""},"categories":[1],"tags":[],"class_list":["post-18722","post","type-post","status-publish","format-standard","has-post-thumbnail","hentry","category-sem-categoria"],"_links":{"self":[{"href":"https:\/\/pc.sc.gov.br\/index.php?rest_route=\/wp\/v2\/posts\/18722","targetHints":{"allow":["GET"]}}],"collection":[{"href":"https:\/\/pc.sc.gov.br\/index.php?rest_route=\/wp\/v2\/posts"}],"about":[{"href":"https:\/\/pc.sc.gov.br\/index.php?rest_route=\/wp\/v2\/types\/post"}],"author":[{"embeddable":true,"href":"https:\/\/pc.sc.gov.br\/index.php?rest_route=\/wp\/v2\/users\/5"}],"replies":[{"embeddable":true,"href":"https:\/\/pc.sc.gov.br\/index.php?rest_route=%2Fwp%2Fv2%2Fcomments&post=18722"}],"version-history":[{"count":4,"href":"https:\/\/pc.sc.gov.br\/index.php?rest_route=\/wp\/v2\/posts\/18722\/revisions"}],"predecessor-version":[{"id":18728,"href":"https:\/\/pc.sc.gov.br\/index.php?rest_route=\/wp\/v2\/posts\/18722\/revisions\/18728"}],"wp:featuredmedia":[{"embeddable":true,"href":"https:\/\/pc.sc.gov.br\/index.php?rest_route=\/wp\/v2\/media\/18724"}],"wp:attachment":[{"href":"https:\/\/pc.sc.gov.br\/index.php?rest_route=%2Fwp%2Fv2%2Fmedia&parent=18722"}],"wp:term":[{"taxonomy":"category","embeddable":true,"href":"https:\/\/pc.sc.gov.br\/index.php?rest_route=%2Fwp%2Fv2%2Fcategories&post=18722"},{"taxonomy":"post_tag","embeddable":true,"href":"https:\/\/pc.sc.gov.br\/index.php?rest_route=%2Fwp%2Fv2%2Ftags&post=18722"}],"curies":[{"name":"wp","href":"https:\/\/api.w.org\/{rel}","templated":true}]}}