{"id":18729,"date":"2024-03-27T16:44:47","date_gmt":"2024-03-27T19:44:47","guid":{"rendered":"https:\/\/pc.sc.gov.br\/?p=18729"},"modified":"2024-03-27T16:45:47","modified_gmt":"2024-03-27T19:45:47","slug":"policiais-civis-de-santa-catarina-participam-do-ii-drone-policial-em-foz-do-iguacu","status":"publish","type":"post","link":"https:\/\/pc.sc.gov.br\/?p=18729","title":{"rendered":"Policiais civis de Santa Catarina participam do II Drone Policial em Foz do Igua\u00e7u"},"content":{"rendered":"\t\t<div data-elementor-type=\"wp-post\" data-elementor-id=\"18729\" class=\"elementor elementor-18729\" data-elementor-post-type=\"post\">\n\t\t\t\t\t\t<section class=\"elementor-section elementor-top-section elementor-element elementor-element-1099b06 elementor-section-boxed elementor-section-height-default elementor-section-height-default\" data-id=\"1099b06\" data-element_type=\"section\">\n\t\t\t\t\t\t<div class=\"elementor-container elementor-column-gap-default\">\n\t\t\t\t\t<div class=\"elementor-column elementor-col-100 elementor-top-column elementor-element elementor-element-f2aabeb\" data-id=\"f2aabeb\" data-element_type=\"column\">\n\t\t\t<div class=\"elementor-widget-wrap elementor-element-populated\">\n\t\t\t\t\t\t<div class=\"elementor-element elementor-element-ee14215 elementor-widget elementor-widget-heading\" data-id=\"ee14215\" data-element_type=\"widget\" data-widget_type=\"heading.default\">\n\t\t\t\t<div class=\"elementor-widget-container\">\n\t\t\t\t\t<h2 class=\"elementor-heading-title elementor-size-default\">Policiais civis de Santa Catarina participam do II Drone Policial em Foz do Igua\u00e7u<\/h2>\t\t\t\t<\/div>\n\t\t\t\t<\/div>\n\t\t\t\t\t<\/div>\n\t\t<\/div>\n\t\t\t\t\t<\/div>\n\t\t<\/section>\n\t\t\t\t<section class=\"elementor-section elementor-top-section elementor-element elementor-element-34054d9 elementor-section-boxed elementor-section-height-default elementor-section-height-default\" data-id=\"34054d9\" data-element_type=\"section\">\n\t\t\t\t\t\t<div class=\"elementor-container elementor-column-gap-default\">\n\t\t\t\t\t<div class=\"elementor-column elementor-col-100 elementor-top-column elementor-element elementor-element-252c7a0\" data-id=\"252c7a0\" data-element_type=\"column\">\n\t\t\t<div class=\"elementor-widget-wrap elementor-element-populated\">\n\t\t\t\t\t\t<div class=\"elementor-element elementor-element-9a3e05a elementor-widget elementor-widget-image\" data-id=\"9a3e05a\" data-element_type=\"widget\" data-widget_type=\"image.default\">\n\t\t\t\t<div class=\"elementor-widget-container\">\n\t\t\t\t\t\t\t\t\t\t\t\t\t\t\t<img fetchpriority=\"high\" decoding=\"async\" width=\"696\" height=\"928\" src=\"https:\/\/pc.sc.gov.br\/\/wp-content\/uploads\/2024\/03\/WhatsApp-Image-2024-03-27-at-08.19.32-768x1024.jpeg\" class=\"attachment-large size-large wp-image-18730\" alt=\"\" srcset=\"https:\/\/pc.sc.gov.br\/\/wp-content\/uploads\/2024\/03\/WhatsApp-Image-2024-03-27-at-08.19.32-768x1024.jpeg 768w, https:\/\/pc.sc.gov.br\/\/wp-content\/uploads\/2024\/03\/WhatsApp-Image-2024-03-27-at-08.19.32-225x300.jpeg 225w, https:\/\/pc.sc.gov.br\/\/wp-content\/uploads\/2024\/03\/WhatsApp-Image-2024-03-27-at-08.19.32.jpeg 960w\" sizes=\"(max-width: 696px) 100vw, 696px\" \/>\t\t\t\t\t\t\t\t\t\t\t\t\t\t\t<\/div>\n\t\t\t\t<\/div>\n\t\t\t\t\t<\/div>\n\t\t<\/div>\n\t\t\t\t\t<\/div>\n\t\t<\/section>\n\t\t\t\t<section class=\"elementor-section elementor-top-section elementor-element elementor-element-a4cc85c elementor-section-boxed elementor-section-height-default elementor-section-height-default\" data-id=\"a4cc85c\" data-element_type=\"section\">\n\t\t\t\t\t\t<div class=\"elementor-container elementor-column-gap-default\">\n\t\t\t\t\t<div class=\"elementor-column elementor-col-100 elementor-top-column elementor-element elementor-element-32fced8\" data-id=\"32fced8\" data-element_type=\"column\">\n\t\t\t<div class=\"elementor-widget-wrap elementor-element-populated\">\n\t\t\t\t\t\t<div class=\"elementor-element elementor-element-36d10dd elementor-widget elementor-widget-text-editor\" data-id=\"36d10dd\" data-element_type=\"widget\" data-widget_type=\"text-editor.default\">\n\t\t\t\t<div class=\"elementor-widget-container\">\n\t\t\t\t\t\t\t\t\t<p>Policiais civis de Santa Catarina est\u00e3o participanto do do II Drone Policial, Semin\u00e1rio de Boas Pr\u00e1ticas com Drones na Seguran\u00e7a P\u00fablica, que acontece em Foz do Igua\u00e7u, no Paran\u00e1, entre os dias 26 a 28 de mar\u00e7o. Durante o evento ser\u00e3o realizados exerc\u00edcios simulados de opera\u00e7\u00f5es policiais com uso de drones.<\/p><p>No evento, a Pol\u00edcia Civil de Santa Catarina est\u00e1 sendo representada por policiais da Diretoria Estadual de Investiga\u00e7\u00f5es Criminais e do Servi\u00e7o Aeropolicial. A programa\u00e7\u00e3o inclui palestras, workshops e exerc\u00edcios simulados com uso de drones em diversos cen\u00e1rios, como combates, cumprimento de mandado de pris\u00e3o,\u00a0 busca de suspeitos em mata, opera\u00e7\u00f5es em \u00e1rea de risco, uso de drones em CQB e a\u00e7\u00f5es de busca e salvamento.<\/p><p>De acordo com a piloto de RPS, agente Mylena Gomes Esp\u00edndola, que atua na DEIC, o uso aeronaves remotamente pilotadas (drones) em a\u00e7\u00f5es policiais \u00e9 um caminho sem volta. Seu uso proporciona consci\u00eancia situacional imprescind\u00edvel nos processos decis\u00f3rios e estrat\u00e9gicos. Nos exerc\u00edcios simulados foram realizados voos imersivos FPV, o que na pr\u00e1tica possibilita a detec\u00e7\u00e3o de amea\u00e7as em ambientes confinados como, por exemplo, em ocorr\u00eancias de ataques a escolas\u201d<\/p><p>O piloto de RPAS, delegado Osnei Valdir de Oliveira, ressalta que \u00e9 necess\u00e1rio usar todas as tecnologias dispon\u00edveis contra o crime e nessa toada o drone \u00e9 um grande aliado da Pol\u00edcia Civil de Santa Catarina. Seu uso busca otimizar recursos e salvaguardar a vida do Policial, do cidad\u00e3o e de animais.<\/p><p>Participam do eventos agentes das Policiais Civis, Pol\u00edcias Militares, Bombeiros, Minist\u00e9rio P\u00fablico da Uni\u00e3o, ICMBio, Receita Federal, Policia Rodovi\u00e1ria Estadual e Pol\u00edcia Federal. Al\u00e9m de policiais brasileiros, participam dos exerc\u00edcios simulados agentes policiais da Col\u00f4mbia, Paraguai, Argentina, Espanha, Estados Unidos, B\u00e9lgica e Let\u00f4nia.<\/p>\t\t\t\t\t\t\t\t<\/div>\n\t\t\t\t<\/div>\n\t\t\t\t\t<\/div>\n\t\t<\/div>\n\t\t\t\t\t<\/div>\n\t\t<\/section>\n\t\t\t\t<\/div>\n\t\t","protected":false},"excerpt":{"rendered":"<p>Policiais civis de Santa Catarina participam do II Drone Policial em Foz do Igua\u00e7u Policiais civis de Santa Catarina est\u00e3o participanto do do II Drone Policial, Semin\u00e1rio de Boas Pr\u00e1ticas com Drones na Seguran\u00e7a P\u00fablica, que acontece em Foz do Igua\u00e7u, no Paran\u00e1, entre os dias 26 a 28 de mar\u00e7o. Durante o evento ser\u00e3o [&hellip;]<\/p>\n","protected":false},"author":5,"featured_media":18730,"comment_status":"closed","ping_status":"open","sticky":false,"template":"","format":"standard","meta":{"_monsterinsights_skip_tracking":false,"_monsterinsights_sitenote_active":false,"_monsterinsights_sitenote_note":"","_monsterinsights_sitenote_category":0,"footnotes":""},"categories":[1],"tags":[],"class_list":["post-18729","post","type-post","status-publish","format-standard","has-post-thumbnail","hentry","category-sem-categoria"],"_links":{"self":[{"href":"https:\/\/pc.sc.gov.br\/index.php?rest_route=\/wp\/v2\/posts\/18729","targetHints":{"allow":["GET"]}}],"collection":[{"href":"https:\/\/pc.sc.gov.br\/index.php?rest_route=\/wp\/v2\/posts"}],"about":[{"href":"https:\/\/pc.sc.gov.br\/index.php?rest_route=\/wp\/v2\/types\/post"}],"author":[{"embeddable":true,"href":"https:\/\/pc.sc.gov.br\/index.php?rest_route=\/wp\/v2\/users\/5"}],"replies":[{"embeddable":true,"href":"https:\/\/pc.sc.gov.br\/index.php?rest_route=%2Fwp%2Fv2%2Fcomments&post=18729"}],"version-history":[{"count":4,"href":"https:\/\/pc.sc.gov.br\/index.php?rest_route=\/wp\/v2\/posts\/18729\/revisions"}],"predecessor-version":[{"id":18734,"href":"https:\/\/pc.sc.gov.br\/index.php?rest_route=\/wp\/v2\/posts\/18729\/revisions\/18734"}],"wp:featuredmedia":[{"embeddable":true,"href":"https:\/\/pc.sc.gov.br\/index.php?rest_route=\/wp\/v2\/media\/18730"}],"wp:attachment":[{"href":"https:\/\/pc.sc.gov.br\/index.php?rest_route=%2Fwp%2Fv2%2Fmedia&parent=18729"}],"wp:term":[{"taxonomy":"category","embeddable":true,"href":"https:\/\/pc.sc.gov.br\/index.php?rest_route=%2Fwp%2Fv2%2Fcategories&post=18729"},{"taxonomy":"post_tag","embeddable":true,"href":"https:\/\/pc.sc.gov.br\/index.php?rest_route=%2Fwp%2Fv2%2Ftags&post=18729"}],"curies":[{"name":"wp","href":"https:\/\/api.w.org\/{rel}","templated":true}]}}