{"id":18735,"date":"2024-03-27T17:09:04","date_gmt":"2024-03-27T20:09:04","guid":{"rendered":"https:\/\/pc.sc.gov.br\/?p=18735"},"modified":"2024-03-27T17:10:43","modified_gmt":"2024-03-27T20:10:43","slug":"policia-civil-deflagra-operacao-contra-grupo-que-pretendi-vingar-morte-de-traficante-em-mafra-e-prende-quatro-pessoas","status":"publish","type":"post","link":"https:\/\/pc.sc.gov.br\/?p=18735","title":{"rendered":"Pol\u00edcia Civil deflagra opera\u00e7\u00e3o contra grupo que pretendia vingar morte de traficante em Mafra e prende quatro pessoas"},"content":{"rendered":"\t\t<div data-elementor-type=\"wp-post\" data-elementor-id=\"18735\" class=\"elementor elementor-18735\" data-elementor-post-type=\"post\">\n\t\t\t\t\t\t<section class=\"elementor-section elementor-top-section elementor-element elementor-element-6e296e4 elementor-section-boxed elementor-section-height-default elementor-section-height-default\" data-id=\"6e296e4\" data-element_type=\"section\">\n\t\t\t\t\t\t<div class=\"elementor-container elementor-column-gap-default\">\n\t\t\t\t\t<div class=\"elementor-column elementor-col-100 elementor-top-column elementor-element elementor-element-3622522\" data-id=\"3622522\" data-element_type=\"column\">\n\t\t\t<div class=\"elementor-widget-wrap elementor-element-populated\">\n\t\t\t\t\t\t<div class=\"elementor-element elementor-element-1a6d6c9 elementor-widget elementor-widget-heading\" data-id=\"1a6d6c9\" data-element_type=\"widget\" data-widget_type=\"heading.default\">\n\t\t\t\t<div class=\"elementor-widget-container\">\n\t\t\t\t\t<h2 class=\"elementor-heading-title elementor-size-default\">Pol\u00edcia Civil deflagra opera\u00e7\u00e3o contra grupo que pretendia vingar morte de traficante em Mafra e prende quatro pessoas<\/h2>\t\t\t\t<\/div>\n\t\t\t\t<\/div>\n\t\t\t\t\t<\/div>\n\t\t<\/div>\n\t\t\t\t\t<\/div>\n\t\t<\/section>\n\t\t\t\t<section class=\"elementor-section elementor-top-section elementor-element elementor-element-9a0053b elementor-section-boxed elementor-section-height-default elementor-section-height-default\" data-id=\"9a0053b\" data-element_type=\"section\">\n\t\t\t\t\t\t<div class=\"elementor-container elementor-column-gap-default\">\n\t\t\t\t\t<div class=\"elementor-column elementor-col-100 elementor-top-column elementor-element elementor-element-1df351b\" data-id=\"1df351b\" data-element_type=\"column\">\n\t\t\t<div class=\"elementor-widget-wrap elementor-element-populated\">\n\t\t\t\t\t\t<div class=\"elementor-element elementor-element-441e492 elementor-widget elementor-widget-image\" data-id=\"441e492\" data-element_type=\"widget\" data-widget_type=\"image.default\">\n\t\t\t\t<div class=\"elementor-widget-container\">\n\t\t\t\t\t\t\t\t\t\t\t\t\t\t\t<img fetchpriority=\"high\" decoding=\"async\" width=\"696\" height=\"928\" src=\"https:\/\/pc.sc.gov.br\/\/wp-content\/uploads\/2024\/03\/WhatsApp-Image-2024-03-27-at-13.21.40-768x1024.jpeg\" class=\"attachment-large size-large wp-image-18736\" alt=\"\" srcset=\"https:\/\/pc.sc.gov.br\/\/wp-content\/uploads\/2024\/03\/WhatsApp-Image-2024-03-27-at-13.21.40-768x1024.jpeg 768w, https:\/\/pc.sc.gov.br\/\/wp-content\/uploads\/2024\/03\/WhatsApp-Image-2024-03-27-at-13.21.40-225x300.jpeg 225w, https:\/\/pc.sc.gov.br\/\/wp-content\/uploads\/2024\/03\/WhatsApp-Image-2024-03-27-at-13.21.40.jpeg 960w\" sizes=\"(max-width: 696px) 100vw, 696px\" \/>\t\t\t\t\t\t\t\t\t\t\t\t\t\t\t<\/div>\n\t\t\t\t<\/div>\n\t\t\t\t\t<\/div>\n\t\t<\/div>\n\t\t\t\t\t<\/div>\n\t\t<\/section>\n\t\t\t\t<section class=\"elementor-section elementor-top-section elementor-element elementor-element-2c4de43 elementor-section-boxed elementor-section-height-default elementor-section-height-default\" data-id=\"2c4de43\" data-element_type=\"section\">\n\t\t\t\t\t\t<div class=\"elementor-container elementor-column-gap-default\">\n\t\t\t\t\t<div class=\"elementor-column elementor-col-100 elementor-top-column elementor-element elementor-element-92090d0\" data-id=\"92090d0\" data-element_type=\"column\">\n\t\t\t<div class=\"elementor-widget-wrap elementor-element-populated\">\n\t\t\t\t\t\t<div class=\"elementor-element elementor-element-dd4ca57 elementor-widget elementor-widget-text-editor\" data-id=\"dd4ca57\" data-element_type=\"widget\" data-widget_type=\"text-editor.default\">\n\t\t\t\t<div class=\"elementor-widget-container\">\n\t\t\t\t\t\t\t\t\t<p>Nesta quarta-feira (27), a Pol\u00edcia Civil de Santa Catarina, por meio da Divis\u00e3o de Investiga\u00e7\u00e3o Criminal de Mafra, com apoio da Pol\u00edcia Militar, investigou associa\u00e7\u00e3o criminosa que pretendia praticar retalia\u00e7\u00e3o pela morte de um l\u00edder do grupo.<\/p><p>Contra o homem morto havia mandado de pris\u00e3o por tr\u00e1fico de drogas e organiza\u00e7\u00e3o criminosa. Ele estava foragido. Em fevereiro deste ano, entrou em confronto armado com a Pol\u00edcia Militar de Rio Negro\/PR, sa\u00eddo sem vida do enfrentamento.<\/p><p>Segundo a investiga\u00e7\u00e3o em curso na Pol\u00edcia Civil de Rio Negro, na ocasi\u00e3o do confronto, os policiais agiram em leg\u00edtima defesa. Depois disso, o grupo criminoso passou a proferir amea\u00e7as em redes sociais de que iriam vigar a morte do l\u00edder.<\/p><p>A Pol\u00edcia Militar j\u00e1 havia realizado opera\u00e7\u00f5es ostensivas tendentes a dissuadir a inten\u00e7\u00e3o do grupo e tamb\u00e9m coletado informa\u00e7\u00f5es que foram confirmadas pela DIC durante a investiga\u00e7\u00e3o, bem como provas de que os suspeitos praticavam tr\u00e1fico de drogas, posse ilegal de armas de fogo e cogitavam vingan\u00e7a.<\/p><p>Na Opera\u00e7\u00e3o de hoje, foram cumpridos quatro mandados de pris\u00e3o e quatro de busca e apreens\u00e3o domiciliar. Na a\u00e7\u00e3o, foram apreendidos dinheiro, drogas e celulares nas casas dos suspeitos. Foram presos tr\u00eas homens e uma mulher, na Vila Grossl.<\/p><p>Um dos presos \u00e9 recruta (rec\u00e9m-ingressado) do Ex\u00e9rcito Brasileiro, o qual foi colocado sob cust\u00f3dia do 5\u00ba Regimento de Carros de Combate de Rio Negro. Os demais presos foram encaminhados ao Pres\u00eddio Regional de Mafra.<\/p>\t\t\t\t\t\t\t\t<\/div>\n\t\t\t\t<\/div>\n\t\t\t\t\t<\/div>\n\t\t<\/div>\n\t\t\t\t\t<\/div>\n\t\t<\/section>\n\t\t\t\t<\/div>\n\t\t","protected":false},"excerpt":{"rendered":"<p>Pol\u00edcia Civil deflagra opera\u00e7\u00e3o contra grupo que pretendia vingar morte de traficante em Mafra e prende quatro pessoas Nesta quarta-feira (27), a Pol\u00edcia Civil de Santa Catarina, por meio da Divis\u00e3o de Investiga\u00e7\u00e3o Criminal de Mafra, com apoio da Pol\u00edcia Militar, investigou associa\u00e7\u00e3o criminosa que pretendia praticar retalia\u00e7\u00e3o pela morte de um l\u00edder do grupo. [&hellip;]<\/p>\n","protected":false},"author":5,"featured_media":18736,"comment_status":"closed","ping_status":"open","sticky":false,"template":"","format":"standard","meta":{"_monsterinsights_skip_tracking":false,"_monsterinsights_sitenote_active":false,"_monsterinsights_sitenote_note":"","_monsterinsights_sitenote_category":0,"footnotes":""},"categories":[1],"tags":[],"class_list":["post-18735","post","type-post","status-publish","format-standard","has-post-thumbnail","hentry","category-sem-categoria"],"_links":{"self":[{"href":"https:\/\/pc.sc.gov.br\/index.php?rest_route=\/wp\/v2\/posts\/18735","targetHints":{"allow":["GET"]}}],"collection":[{"href":"https:\/\/pc.sc.gov.br\/index.php?rest_route=\/wp\/v2\/posts"}],"about":[{"href":"https:\/\/pc.sc.gov.br\/index.php?rest_route=\/wp\/v2\/types\/post"}],"author":[{"embeddable":true,"href":"https:\/\/pc.sc.gov.br\/index.php?rest_route=\/wp\/v2\/users\/5"}],"replies":[{"embeddable":true,"href":"https:\/\/pc.sc.gov.br\/index.php?rest_route=%2Fwp%2Fv2%2Fcomments&post=18735"}],"version-history":[{"count":8,"href":"https:\/\/pc.sc.gov.br\/index.php?rest_route=\/wp\/v2\/posts\/18735\/revisions"}],"predecessor-version":[{"id":18744,"href":"https:\/\/pc.sc.gov.br\/index.php?rest_route=\/wp\/v2\/posts\/18735\/revisions\/18744"}],"wp:featuredmedia":[{"embeddable":true,"href":"https:\/\/pc.sc.gov.br\/index.php?rest_route=\/wp\/v2\/media\/18736"}],"wp:attachment":[{"href":"https:\/\/pc.sc.gov.br\/index.php?rest_route=%2Fwp%2Fv2%2Fmedia&parent=18735"}],"wp:term":[{"taxonomy":"category","embeddable":true,"href":"https:\/\/pc.sc.gov.br\/index.php?rest_route=%2Fwp%2Fv2%2Fcategories&post=18735"},{"taxonomy":"post_tag","embeddable":true,"href":"https:\/\/pc.sc.gov.br\/index.php?rest_route=%2Fwp%2Fv2%2Ftags&post=18735"}],"curies":[{"name":"wp","href":"https:\/\/api.w.org\/{rel}","templated":true}]}}