{"id":18745,"date":"2024-03-27T18:02:16","date_gmt":"2024-03-27T21:02:16","guid":{"rendered":"https:\/\/pc.sc.gov.br\/?p=18745"},"modified":"2024-03-27T18:03:15","modified_gmt":"2024-03-27T21:03:15","slug":"policia-civil-identifica-e-prende-autores-de-homicidio-praticado-contra-idoso-em-criciuma","status":"publish","type":"post","link":"https:\/\/pc.sc.gov.br\/?p=18745","title":{"rendered":"Pol\u00edcia Civil identifica e prende autores de homic\u00eddio praticado contra idoso em Crici\u00fama"},"content":{"rendered":"\t\t<div data-elementor-type=\"wp-post\" data-elementor-id=\"18745\" class=\"elementor elementor-18745\" data-elementor-post-type=\"post\">\n\t\t\t\t\t\t<section class=\"elementor-section elementor-top-section elementor-element elementor-element-7ebcf04 elementor-section-boxed elementor-section-height-default elementor-section-height-default\" data-id=\"7ebcf04\" data-element_type=\"section\">\n\t\t\t\t\t\t<div class=\"elementor-container elementor-column-gap-default\">\n\t\t\t\t\t<div class=\"elementor-column elementor-col-100 elementor-top-column elementor-element elementor-element-2e35cf0\" data-id=\"2e35cf0\" data-element_type=\"column\">\n\t\t\t<div class=\"elementor-widget-wrap elementor-element-populated\">\n\t\t\t\t\t\t<div class=\"elementor-element elementor-element-380eff1 elementor-widget elementor-widget-heading\" data-id=\"380eff1\" data-element_type=\"widget\" data-widget_type=\"heading.default\">\n\t\t\t\t<div class=\"elementor-widget-container\">\n\t\t\t\t\t<h2 class=\"elementor-heading-title elementor-size-default\">Pol\u00edcia Civil identifica e prende autores de homic\u00eddio praticado contra idoso em Crici\u00fama<\/h2>\t\t\t\t<\/div>\n\t\t\t\t<\/div>\n\t\t\t\t\t<\/div>\n\t\t<\/div>\n\t\t\t\t\t<\/div>\n\t\t<\/section>\n\t\t\t\t<section class=\"elementor-section elementor-top-section elementor-element elementor-element-c4ef5d2 elementor-section-boxed elementor-section-height-default elementor-section-height-default\" data-id=\"c4ef5d2\" data-element_type=\"section\">\n\t\t\t\t\t\t<div class=\"elementor-container elementor-column-gap-default\">\n\t\t\t\t\t<div class=\"elementor-column elementor-col-100 elementor-top-column elementor-element elementor-element-71578db\" data-id=\"71578db\" data-element_type=\"column\">\n\t\t\t<div class=\"elementor-widget-wrap elementor-element-populated\">\n\t\t\t\t\t\t<div class=\"elementor-element elementor-element-d1988f9 elementor-widget elementor-widget-image\" data-id=\"d1988f9\" data-element_type=\"widget\" data-widget_type=\"image.default\">\n\t\t\t\t<div class=\"elementor-widget-container\">\n\t\t\t\t\t\t\t\t\t\t\t\t\t\t\t<img fetchpriority=\"high\" decoding=\"async\" width=\"576\" height=\"1024\" src=\"https:\/\/pc.sc.gov.br\/\/wp-content\/uploads\/2024\/03\/WhatsApp-Image-2024-03-27-at-17.39.31-576x1024.jpeg\" class=\"attachment-large size-large wp-image-18747\" alt=\"\" srcset=\"https:\/\/pc.sc.gov.br\/\/wp-content\/uploads\/2024\/03\/WhatsApp-Image-2024-03-27-at-17.39.31-576x1024.jpeg 576w, https:\/\/pc.sc.gov.br\/\/wp-content\/uploads\/2024\/03\/WhatsApp-Image-2024-03-27-at-17.39.31-169x300.jpeg 169w, https:\/\/pc.sc.gov.br\/\/wp-content\/uploads\/2024\/03\/WhatsApp-Image-2024-03-27-at-17.39.31-768x1365.jpeg 768w, https:\/\/pc.sc.gov.br\/\/wp-content\/uploads\/2024\/03\/WhatsApp-Image-2024-03-27-at-17.39.31-864x1536.jpeg 864w, https:\/\/pc.sc.gov.br\/\/wp-content\/uploads\/2024\/03\/WhatsApp-Image-2024-03-27-at-17.39.31.jpeg 900w\" sizes=\"(max-width: 576px) 100vw, 576px\" \/>\t\t\t\t\t\t\t\t\t\t\t\t\t\t\t<\/div>\n\t\t\t\t<\/div>\n\t\t\t\t\t<\/div>\n\t\t<\/div>\n\t\t\t\t\t<\/div>\n\t\t<\/section>\n\t\t\t\t<section class=\"elementor-section elementor-top-section elementor-element elementor-element-6067aed elementor-section-boxed elementor-section-height-default elementor-section-height-default\" data-id=\"6067aed\" data-element_type=\"section\">\n\t\t\t\t\t\t<div class=\"elementor-container elementor-column-gap-default\">\n\t\t\t\t\t<div class=\"elementor-column elementor-col-100 elementor-top-column elementor-element elementor-element-e5247d7\" data-id=\"e5247d7\" data-element_type=\"column\">\n\t\t\t<div class=\"elementor-widget-wrap elementor-element-populated\">\n\t\t\t\t\t\t<div class=\"elementor-element elementor-element-0bfa726 elementor-widget elementor-widget-text-editor\" data-id=\"0bfa726\" data-element_type=\"widget\" data-widget_type=\"text-editor.default\">\n\t\t\t\t<div class=\"elementor-widget-container\">\n\t\t\t\t\t\t\t\t\t<p>Nesta quarta-feira (27), a Divis\u00e3o de Investiga\u00e7\u00e3o Criminal (DIC) de Crici\u00fama realizou o cumprimento de um mandado de busca e apreens\u00e3o no Bairro Mina Uni\u00e3o, em Crici\u00fama, dando sequ\u00eancia \u00e0s investiga\u00e7\u00f5es do homic\u00eddio de um idoso ocorrido no dia 09 de mar\u00e7o deste ano, na localidade conhecida como Morro da Cruz.<\/p><p>No dia 09 de mar\u00e7o, a Pol\u00edcia Civil foi acionada ap\u00f3s um idoso ser encontrado bastante machucado e desorientado no referido local. Pouco depois, o idoso faleceu devido aos m\u00faltiplos ferimentos.<\/p><p>Inicialmente, as informa\u00e7\u00f5es indicavam que a v\u00edtima teria sido roubada e morta por criminosos. No entanto, os policiais civis da DIC de Crici\u00fama identificaram que se tratava de um crime de homic\u00eddio, n\u00e3o configurando roubo com resultado morte.<\/p><p>Durante as investiga\u00e7\u00f5es, apurou-se que os criminosos suspeitavam que a v\u00edtima poderia ter oferecido uma carona para uma adolescente, levando-os a realizar um &#8220;julgamento&#8221; interno entre membros de uma fac\u00e7\u00e3o criminosa. Decidiram ent\u00e3o executar a v\u00edtima como &#8220;disciplina&#8221; por sua suposta conduta.<\/p><p>Dois criminosos deslocaram-se com o ve\u00edculo da v\u00edtima para o local onde ocorreriam as agress\u00f5es, enquanto a v\u00edtima estava sob o poder de outros dois investigados em outro ve\u00edculo. Os detalhes do percurso e dos ve\u00edculos utilizados no crime foram apurados.<\/p><p>Na manh\u00e3 de hoje, foram cumpridos sete mandados de busca e apreens\u00e3o e tr\u00eas mandados de pris\u00e3o tempor\u00e1ria. Um suspeito permanece foragido. Al\u00e9m disso, dois dos investigados alvos dos mandados foram presos em flagrante por posse ilegal de arma de fogo e tr\u00e1fico de drogas.<\/p><p>Os investigados foram conduzidos \u00e0 sede da DIC e, posteriormente, ser\u00e3o encaminhados \u00e0 Unidade Prisional de Crici\u00fama. A opera\u00e7\u00e3o policial contou com o apoio da CORE, NOC e SAER, al\u00e9m de policiais da 6\u00aa DRP.<\/p>\t\t\t\t\t\t\t\t<\/div>\n\t\t\t\t<\/div>\n\t\t\t\t\t<\/div>\n\t\t<\/div>\n\t\t\t\t\t<\/div>\n\t\t<\/section>\n\t\t\t\t<\/div>\n\t\t","protected":false},"excerpt":{"rendered":"<p>Pol\u00edcia Civil identifica e prende autores de homic\u00eddio praticado contra idoso em Crici\u00fama Nesta quarta-feira (27), a Divis\u00e3o de Investiga\u00e7\u00e3o Criminal (DIC) de Crici\u00fama realizou o cumprimento de um mandado de busca e apreens\u00e3o no Bairro Mina Uni\u00e3o, em Crici\u00fama, dando sequ\u00eancia \u00e0s investiga\u00e7\u00f5es do homic\u00eddio de um idoso ocorrido no dia 09 de mar\u00e7o [&hellip;]<\/p>\n","protected":false},"author":5,"featured_media":18747,"comment_status":"closed","ping_status":"open","sticky":false,"template":"","format":"standard","meta":{"_monsterinsights_skip_tracking":false,"_monsterinsights_sitenote_active":false,"_monsterinsights_sitenote_note":"","_monsterinsights_sitenote_category":0,"footnotes":""},"categories":[1],"tags":[],"class_list":["post-18745","post","type-post","status-publish","format-standard","has-post-thumbnail","hentry","category-sem-categoria"],"_links":{"self":[{"href":"https:\/\/pc.sc.gov.br\/index.php?rest_route=\/wp\/v2\/posts\/18745","targetHints":{"allow":["GET"]}}],"collection":[{"href":"https:\/\/pc.sc.gov.br\/index.php?rest_route=\/wp\/v2\/posts"}],"about":[{"href":"https:\/\/pc.sc.gov.br\/index.php?rest_route=\/wp\/v2\/types\/post"}],"author":[{"embeddable":true,"href":"https:\/\/pc.sc.gov.br\/index.php?rest_route=\/wp\/v2\/users\/5"}],"replies":[{"embeddable":true,"href":"https:\/\/pc.sc.gov.br\/index.php?rest_route=%2Fwp%2Fv2%2Fcomments&post=18745"}],"version-history":[{"count":4,"href":"https:\/\/pc.sc.gov.br\/index.php?rest_route=\/wp\/v2\/posts\/18745\/revisions"}],"predecessor-version":[{"id":18751,"href":"https:\/\/pc.sc.gov.br\/index.php?rest_route=\/wp\/v2\/posts\/18745\/revisions\/18751"}],"wp:featuredmedia":[{"embeddable":true,"href":"https:\/\/pc.sc.gov.br\/index.php?rest_route=\/wp\/v2\/media\/18747"}],"wp:attachment":[{"href":"https:\/\/pc.sc.gov.br\/index.php?rest_route=%2Fwp%2Fv2%2Fmedia&parent=18745"}],"wp:term":[{"taxonomy":"category","embeddable":true,"href":"https:\/\/pc.sc.gov.br\/index.php?rest_route=%2Fwp%2Fv2%2Fcategories&post=18745"},{"taxonomy":"post_tag","embeddable":true,"href":"https:\/\/pc.sc.gov.br\/index.php?rest_route=%2Fwp%2Fv2%2Ftags&post=18745"}],"curies":[{"name":"wp","href":"https:\/\/api.w.org\/{rel}","templated":true}]}}