{"id":18766,"date":"2024-04-01T13:29:59","date_gmt":"2024-04-01T16:29:59","guid":{"rendered":"https:\/\/pc.sc.gov.br\/?p=18766"},"modified":"2024-04-01T14:07:57","modified_gmt":"2024-04-01T17:07:57","slug":"policia-civil-prende-homem-suspeito-por-importunacao-sexual-e-ato-obsceno-em-cacador","status":"publish","type":"post","link":"https:\/\/pc.sc.gov.br\/?p=18766","title":{"rendered":"Pol\u00edcia Civil prende homem suspeito por importuna\u00e7\u00e3o sexual e ato obsceno em Ca\u00e7ador"},"content":{"rendered":"\t\t<div data-elementor-type=\"wp-post\" data-elementor-id=\"18766\" class=\"elementor elementor-18766\" data-elementor-post-type=\"post\">\n\t\t\t\t\t\t<section class=\"elementor-section elementor-top-section elementor-element elementor-element-541661e elementor-section-boxed elementor-section-height-default elementor-section-height-default\" data-id=\"541661e\" data-element_type=\"section\">\n\t\t\t\t\t\t<div class=\"elementor-container elementor-column-gap-default\">\n\t\t\t\t\t<div class=\"elementor-column elementor-col-100 elementor-top-column elementor-element elementor-element-8ccba6e\" data-id=\"8ccba6e\" data-element_type=\"column\">\n\t\t\t<div class=\"elementor-widget-wrap elementor-element-populated\">\n\t\t\t\t\t\t<div class=\"elementor-element elementor-element-dfc81bf elementor-widget elementor-widget-heading\" data-id=\"dfc81bf\" data-element_type=\"widget\" data-widget_type=\"heading.default\">\n\t\t\t\t<div class=\"elementor-widget-container\">\n\t\t\t\t\t<h2 class=\"elementor-heading-title elementor-size-default\">Pol\u00edcia Civil prende homem suspeito por importuna\u00e7\u00e3o sexual e ato obsceno em Ca\u00e7ador<\/h2>\t\t\t\t<\/div>\n\t\t\t\t<\/div>\n\t\t\t\t\t<\/div>\n\t\t<\/div>\n\t\t\t\t\t<\/div>\n\t\t<\/section>\n\t\t\t\t<section class=\"elementor-section elementor-top-section elementor-element elementor-element-e2600e3 elementor-section-boxed elementor-section-height-default elementor-section-height-default\" data-id=\"e2600e3\" data-element_type=\"section\">\n\t\t\t\t\t\t<div class=\"elementor-container elementor-column-gap-default\">\n\t\t\t\t\t<div class=\"elementor-column elementor-col-100 elementor-top-column elementor-element elementor-element-b668f49\" data-id=\"b668f49\" data-element_type=\"column\">\n\t\t\t<div class=\"elementor-widget-wrap elementor-element-populated\">\n\t\t\t\t\t\t<div class=\"elementor-element elementor-element-0a1f96d elementor-widget elementor-widget-image\" data-id=\"0a1f96d\" data-element_type=\"widget\" data-widget_type=\"image.default\">\n\t\t\t\t<div class=\"elementor-widget-container\">\n\t\t\t\t\t\t\t\t\t\t\t\t\t\t\t<img fetchpriority=\"high\" decoding=\"async\" width=\"696\" height=\"926\" src=\"https:\/\/pc.sc.gov.br\/\/wp-content\/uploads\/2024\/04\/WhatsApp-Image-2024-03-27-at-18.41.49-770x1024.jpeg\" class=\"attachment-large size-large wp-image-18768\" alt=\"\" srcset=\"https:\/\/pc.sc.gov.br\/\/wp-content\/uploads\/2024\/04\/WhatsApp-Image-2024-03-27-at-18.41.49-770x1024.jpeg 770w, https:\/\/pc.sc.gov.br\/\/wp-content\/uploads\/2024\/04\/WhatsApp-Image-2024-03-27-at-18.41.49-226x300.jpeg 226w, https:\/\/pc.sc.gov.br\/\/wp-content\/uploads\/2024\/04\/WhatsApp-Image-2024-03-27-at-18.41.49-768x1021.jpeg 768w, https:\/\/pc.sc.gov.br\/\/wp-content\/uploads\/2024\/04\/WhatsApp-Image-2024-03-27-at-18.41.49.jpeg 963w\" sizes=\"(max-width: 696px) 100vw, 696px\" \/>\t\t\t\t\t\t\t\t\t\t\t\t\t\t\t<\/div>\n\t\t\t\t<\/div>\n\t\t\t\t\t<\/div>\n\t\t<\/div>\n\t\t\t\t\t<\/div>\n\t\t<\/section>\n\t\t\t\t<section class=\"elementor-section elementor-top-section elementor-element elementor-element-b6c61aa elementor-section-boxed elementor-section-height-default elementor-section-height-default\" data-id=\"b6c61aa\" data-element_type=\"section\">\n\t\t\t\t\t\t<div class=\"elementor-container elementor-column-gap-default\">\n\t\t\t\t\t<div class=\"elementor-column elementor-col-100 elementor-top-column elementor-element elementor-element-ecbb214\" data-id=\"ecbb214\" data-element_type=\"column\">\n\t\t\t<div class=\"elementor-widget-wrap elementor-element-populated\">\n\t\t\t\t\t\t<div class=\"elementor-element elementor-element-236638a elementor-widget elementor-widget-text-editor\" data-id=\"236638a\" data-element_type=\"widget\" data-widget_type=\"text-editor.default\">\n\t\t\t\t<div class=\"elementor-widget-container\">\n\t\t\t\t\t\t\t\t\t<p>Na ter\u00e7a-feira (26\/03), a Pol\u00edcia Civil de Santa Catarina, por meio da Delegacia de Prote\u00e7\u00e3o \u00e0 Crian\u00e7a, Adolescente, Mulher e ao Idoso de Ca\u00e7ador, deu cumprimento a mandado de pris\u00e3o preventiva em desfavor de um homem acusado de importuna\u00e7\u00e3o sexual e ato obsceno. A medida foi deferida ap\u00f3s investiga\u00e7\u00e3o de diversos casos registrados, reportando suposta pr\u00e1tica dos crimes de satisfa\u00e7\u00e3o de lasc\u00edvia mediante presen\u00e7a de crian\u00e7a ou adolescente, ato obsceno e importuna\u00e7\u00e3o sexual.<\/p><p>As investiga\u00e7\u00f5es iniciaram em mar\u00e7o de 2022 com base nos primeiros registros de ocorr\u00eancia narrando crimes sexuais com o mesmo \u201cmodus operandi\u201d, no qual o homem se aproximava com um ve\u00edculo, abordava mulheres na rua, masturbava-se na presen\u00e7a delas e tentava contato f\u00edsico, evadindo-se do local em seguida. Diante das informa\u00e7\u00f5es colhidas, a investiga\u00e7\u00e3o concentrou-se em identificar o suspeito, o qual, ulteriormente foi reconhecimento pelas v\u00edtimas, sendo poss\u00edvel efetuar o pedido de pris\u00e3o.<\/p><p>Ap\u00f3s deferimento do pedido de pris\u00e3o, os policiais civis diligenciaram objetivando localizar o autor, logrando \u00eaxito em sua pris\u00e3o. Realizados os procedimentos legais, o homem foi encaminhado ao Pres\u00eddio Regional de Ca\u00e7ador.<\/p><p>Por fim, salienta a Pol\u00edcia Civil que, se mais alguma mulher do munic\u00edpio sofreu abuso dessa natureza, procure a DPCAMI de Ca\u00e7ador para que possamos tomar as medidas necess\u00e1rias contra o autor.<\/p>\t\t\t\t\t\t\t\t<\/div>\n\t\t\t\t<\/div>\n\t\t\t\t\t<\/div>\n\t\t<\/div>\n\t\t\t\t\t<\/div>\n\t\t<\/section>\n\t\t\t\t<\/div>\n\t\t","protected":false},"excerpt":{"rendered":"<p>Pol\u00edcia Civil prende homem suspeito por importuna\u00e7\u00e3o sexual e ato obsceno em Ca\u00e7ador Na ter\u00e7a-feira (26\/03), a Pol\u00edcia Civil de Santa Catarina, por meio da Delegacia de Prote\u00e7\u00e3o \u00e0 Crian\u00e7a, Adolescente, Mulher e ao Idoso de Ca\u00e7ador, deu cumprimento a mandado de pris\u00e3o preventiva em desfavor de um homem acusado de importuna\u00e7\u00e3o sexual e ato [&hellip;]<\/p>\n","protected":false},"author":5,"featured_media":18768,"comment_status":"closed","ping_status":"open","sticky":false,"template":"","format":"standard","meta":{"_monsterinsights_skip_tracking":false,"_monsterinsights_sitenote_active":false,"_monsterinsights_sitenote_note":"","_monsterinsights_sitenote_category":0,"footnotes":""},"categories":[1],"tags":[],"class_list":["post-18766","post","type-post","status-publish","format-standard","has-post-thumbnail","hentry","category-sem-categoria"],"_links":{"self":[{"href":"https:\/\/pc.sc.gov.br\/index.php?rest_route=\/wp\/v2\/posts\/18766","targetHints":{"allow":["GET"]}}],"collection":[{"href":"https:\/\/pc.sc.gov.br\/index.php?rest_route=\/wp\/v2\/posts"}],"about":[{"href":"https:\/\/pc.sc.gov.br\/index.php?rest_route=\/wp\/v2\/types\/post"}],"author":[{"embeddable":true,"href":"https:\/\/pc.sc.gov.br\/index.php?rest_route=\/wp\/v2\/users\/5"}],"replies":[{"embeddable":true,"href":"https:\/\/pc.sc.gov.br\/index.php?rest_route=%2Fwp%2Fv2%2Fcomments&post=18766"}],"version-history":[{"count":4,"href":"https:\/\/pc.sc.gov.br\/index.php?rest_route=\/wp\/v2\/posts\/18766\/revisions"}],"predecessor-version":[{"id":18771,"href":"https:\/\/pc.sc.gov.br\/index.php?rest_route=\/wp\/v2\/posts\/18766\/revisions\/18771"}],"wp:featuredmedia":[{"embeddable":true,"href":"https:\/\/pc.sc.gov.br\/index.php?rest_route=\/wp\/v2\/media\/18768"}],"wp:attachment":[{"href":"https:\/\/pc.sc.gov.br\/index.php?rest_route=%2Fwp%2Fv2%2Fmedia&parent=18766"}],"wp:term":[{"taxonomy":"category","embeddable":true,"href":"https:\/\/pc.sc.gov.br\/index.php?rest_route=%2Fwp%2Fv2%2Fcategories&post=18766"},{"taxonomy":"post_tag","embeddable":true,"href":"https:\/\/pc.sc.gov.br\/index.php?rest_route=%2Fwp%2Fv2%2Ftags&post=18766"}],"curies":[{"name":"wp","href":"https:\/\/api.w.org\/{rel}","templated":true}]}}