{"id":18853,"date":"2024-04-02T12:24:46","date_gmt":"2024-04-02T15:24:46","guid":{"rendered":"https:\/\/pc.sc.gov.br\/?p=18853"},"modified":"2024-04-02T12:25:51","modified_gmt":"2024-04-02T15:25:51","slug":"policia-civil-cumpre-mandado-de-busca-e-apreensao-e-encontra-produtos-de-furtos-em-governador-celso-ramos","status":"publish","type":"post","link":"https:\/\/pc.sc.gov.br\/?p=18853","title":{"rendered":"Pol\u00edcia Civil cumpre mandado de busca e apreens\u00e3o e encontra produtos de furtos em Governador Celso Ramos"},"content":{"rendered":"\t\t<div data-elementor-type=\"wp-post\" data-elementor-id=\"18853\" class=\"elementor elementor-18853\" data-elementor-post-type=\"post\">\n\t\t\t\t\t\t<section class=\"elementor-section elementor-top-section elementor-element elementor-element-0ecab6e elementor-section-boxed elementor-section-height-default elementor-section-height-default\" data-id=\"0ecab6e\" data-element_type=\"section\">\n\t\t\t\t\t\t<div class=\"elementor-container elementor-column-gap-default\">\n\t\t\t\t\t<div class=\"elementor-column elementor-col-100 elementor-top-column elementor-element elementor-element-2e6a733\" data-id=\"2e6a733\" data-element_type=\"column\">\n\t\t\t<div class=\"elementor-widget-wrap elementor-element-populated\">\n\t\t\t\t\t\t<div class=\"elementor-element elementor-element-f268add elementor-widget elementor-widget-heading\" data-id=\"f268add\" data-element_type=\"widget\" data-widget_type=\"heading.default\">\n\t\t\t\t<div class=\"elementor-widget-container\">\n\t\t\t\t\t<h2 class=\"elementor-heading-title elementor-size-default\">Pol\u00edcia Civil cumpre mandado de busca e apreens\u00e3o e encontra produtos de furtos em Governador Celso Ramos<\/h2>\t\t\t\t<\/div>\n\t\t\t\t<\/div>\n\t\t\t\t<div class=\"elementor-element elementor-element-2cfcdef elementor-widget elementor-widget-image\" data-id=\"2cfcdef\" data-element_type=\"widget\" data-widget_type=\"image.default\">\n\t\t\t\t<div class=\"elementor-widget-container\">\n\t\t\t\t\t\t\t\t\t\t\t\t\t\t\t<img fetchpriority=\"high\" decoding=\"async\" width=\"696\" height=\"522\" src=\"https:\/\/pc.sc.gov.br\/\/wp-content\/uploads\/2024\/04\/WhatsApp-Image-2024-04-02-at-12.14.23-1024x768.jpeg\" class=\"attachment-large size-large wp-image-18854\" alt=\"\" srcset=\"https:\/\/pc.sc.gov.br\/\/wp-content\/uploads\/2024\/04\/WhatsApp-Image-2024-04-02-at-12.14.23-1024x768.jpeg 1024w, https:\/\/pc.sc.gov.br\/\/wp-content\/uploads\/2024\/04\/WhatsApp-Image-2024-04-02-at-12.14.23-300x225.jpeg 300w, https:\/\/pc.sc.gov.br\/\/wp-content\/uploads\/2024\/04\/WhatsApp-Image-2024-04-02-at-12.14.23-768x576.jpeg 768w, https:\/\/pc.sc.gov.br\/\/wp-content\/uploads\/2024\/04\/WhatsApp-Image-2024-04-02-at-12.14.23.jpeg 1280w\" sizes=\"(max-width: 696px) 100vw, 696px\" \/>\t\t\t\t\t\t\t\t\t\t\t\t\t\t\t<\/div>\n\t\t\t\t<\/div>\n\t\t\t\t\t<\/div>\n\t\t<\/div>\n\t\t\t\t\t<\/div>\n\t\t<\/section>\n\t\t\t\t<section class=\"elementor-section elementor-top-section elementor-element elementor-element-40830d7 elementor-section-boxed elementor-section-height-default elementor-section-height-default\" data-id=\"40830d7\" data-element_type=\"section\">\n\t\t\t\t\t\t<div class=\"elementor-container elementor-column-gap-default\">\n\t\t\t\t\t<div class=\"elementor-column elementor-col-100 elementor-top-column elementor-element elementor-element-a064afd\" data-id=\"a064afd\" data-element_type=\"column\">\n\t\t\t<div class=\"elementor-widget-wrap elementor-element-populated\">\n\t\t\t\t\t\t<div class=\"elementor-element elementor-element-c7d2ce9 elementor-widget elementor-widget-text-editor\" data-id=\"c7d2ce9\" data-element_type=\"widget\" data-widget_type=\"text-editor.default\">\n\t\t\t\t<div class=\"elementor-widget-container\">\n\t\t\t\t\t\t\t\t\t<p>Na ter\u00e7a-feira (2), a Pol\u00edcia Civil de Santa Catarina, por meio da Delegacia de Pol\u00edcia do Munic\u00edpio de Governador Celso Ramos, com apoio da Delegacia de Pol\u00edcia da Comarca de Bigua\u00e7u, cumpriu mandados de busca e apreens\u00e3o em desfavor de investigado pelos crimes de furto.<\/p><p>Na resid\u00eancia do investigado, foram encontrados alguns produtos de furto, inclusive um televisor da marca Panasonic e uma caixa de som. O indiv\u00edduo est\u00e1 sendo investigados por diversos crimes, inclusive por tentativa de furto de uma motocicleta nas depend\u00eancias da Delegacia Pol\u00edcia de Governador Celso Ramos.<\/p>\t\t\t\t\t\t\t\t<\/div>\n\t\t\t\t<\/div>\n\t\t\t\t\t<\/div>\n\t\t<\/div>\n\t\t\t\t\t<\/div>\n\t\t<\/section>\n\t\t\t\t<\/div>\n\t\t","protected":false},"excerpt":{"rendered":"<p>Pol\u00edcia Civil cumpre mandado de busca e apreens\u00e3o e encontra produtos de furtos em Governador Celso Ramos Na ter\u00e7a-feira (2), a Pol\u00edcia Civil de Santa Catarina, por meio da Delegacia de Pol\u00edcia do Munic\u00edpio de Governador Celso Ramos, com apoio da Delegacia de Pol\u00edcia da Comarca de Bigua\u00e7u, cumpriu mandados de busca e apreens\u00e3o em [&hellip;]<\/p>\n","protected":false},"author":5,"featured_media":18854,"comment_status":"closed","ping_status":"open","sticky":false,"template":"","format":"standard","meta":{"_monsterinsights_skip_tracking":false,"_monsterinsights_sitenote_active":false,"_monsterinsights_sitenote_note":"","_monsterinsights_sitenote_category":0,"footnotes":""},"categories":[1],"tags":[],"class_list":["post-18853","post","type-post","status-publish","format-standard","has-post-thumbnail","hentry","category-sem-categoria"],"_links":{"self":[{"href":"https:\/\/pc.sc.gov.br\/index.php?rest_route=\/wp\/v2\/posts\/18853","targetHints":{"allow":["GET"]}}],"collection":[{"href":"https:\/\/pc.sc.gov.br\/index.php?rest_route=\/wp\/v2\/posts"}],"about":[{"href":"https:\/\/pc.sc.gov.br\/index.php?rest_route=\/wp\/v2\/types\/post"}],"author":[{"embeddable":true,"href":"https:\/\/pc.sc.gov.br\/index.php?rest_route=\/wp\/v2\/users\/5"}],"replies":[{"embeddable":true,"href":"https:\/\/pc.sc.gov.br\/index.php?rest_route=%2Fwp%2Fv2%2Fcomments&post=18853"}],"version-history":[{"count":4,"href":"https:\/\/pc.sc.gov.br\/index.php?rest_route=\/wp\/v2\/posts\/18853\/revisions"}],"predecessor-version":[{"id":18858,"href":"https:\/\/pc.sc.gov.br\/index.php?rest_route=\/wp\/v2\/posts\/18853\/revisions\/18858"}],"wp:featuredmedia":[{"embeddable":true,"href":"https:\/\/pc.sc.gov.br\/index.php?rest_route=\/wp\/v2\/media\/18854"}],"wp:attachment":[{"href":"https:\/\/pc.sc.gov.br\/index.php?rest_route=%2Fwp%2Fv2%2Fmedia&parent=18853"}],"wp:term":[{"taxonomy":"category","embeddable":true,"href":"https:\/\/pc.sc.gov.br\/index.php?rest_route=%2Fwp%2Fv2%2Fcategories&post=18853"},{"taxonomy":"post_tag","embeddable":true,"href":"https:\/\/pc.sc.gov.br\/index.php?rest_route=%2Fwp%2Fv2%2Ftags&post=18853"}],"curies":[{"name":"wp","href":"https:\/\/api.w.org\/{rel}","templated":true}]}}