{"id":18868,"date":"2024-04-02T13:18:11","date_gmt":"2024-04-02T16:18:11","guid":{"rendered":"https:\/\/pc.sc.gov.br\/?p=18868"},"modified":"2024-04-02T13:20:32","modified_gmt":"2024-04-02T16:20:32","slug":"policia-civil-segue-promovendo-palestras-sobre-bullying-nas-escolas-da-capital","status":"publish","type":"post","link":"https:\/\/pc.sc.gov.br\/?p=18868","title":{"rendered":"Pol\u00edcia Civil segue promovendo palestras sobre bullying nas escolas da Capital"},"content":{"rendered":"\t\t<div data-elementor-type=\"wp-post\" data-elementor-id=\"18868\" class=\"elementor elementor-18868\" data-elementor-post-type=\"post\">\n\t\t\t\t\t\t<section class=\"elementor-section elementor-top-section elementor-element elementor-element-b86c91b elementor-section-boxed elementor-section-height-default elementor-section-height-default\" data-id=\"b86c91b\" data-element_type=\"section\">\n\t\t\t\t\t\t<div class=\"elementor-container elementor-column-gap-default\">\n\t\t\t\t\t<div class=\"elementor-column elementor-col-100 elementor-top-column elementor-element elementor-element-3e8f922\" data-id=\"3e8f922\" data-element_type=\"column\">\n\t\t\t<div class=\"elementor-widget-wrap elementor-element-populated\">\n\t\t\t\t\t\t<div class=\"elementor-element elementor-element-0a3147d elementor-widget elementor-widget-heading\" data-id=\"0a3147d\" data-element_type=\"widget\" data-widget_type=\"heading.default\">\n\t\t\t\t<div class=\"elementor-widget-container\">\n\t\t\t\t\t<h2 class=\"elementor-heading-title elementor-size-default\">Pol\u00edcia Civil segue promovendo palestras sobre bullying nas escolas da Capital\n<\/h2>\t\t\t\t<\/div>\n\t\t\t\t<\/div>\n\t\t\t\t\t<\/div>\n\t\t<\/div>\n\t\t\t\t\t<\/div>\n\t\t<\/section>\n\t\t\t\t<section class=\"elementor-section elementor-top-section elementor-element elementor-element-9a30202 elementor-section-boxed elementor-section-height-default elementor-section-height-default\" data-id=\"9a30202\" data-element_type=\"section\">\n\t\t\t\t\t\t<div class=\"elementor-container elementor-column-gap-default\">\n\t\t\t\t\t<div class=\"elementor-column elementor-col-100 elementor-top-column elementor-element elementor-element-06842e3\" data-id=\"06842e3\" data-element_type=\"column\">\n\t\t\t<div class=\"elementor-widget-wrap elementor-element-populated\">\n\t\t\t\t\t\t<div class=\"elementor-element elementor-element-ee915a3 elementor-widget elementor-widget-image\" data-id=\"ee915a3\" data-element_type=\"widget\" data-widget_type=\"image.default\">\n\t\t\t\t<div class=\"elementor-widget-container\">\n\t\t\t\t\t\t\t\t\t\t\t\t\t\t\t<img fetchpriority=\"high\" decoding=\"async\" width=\"696\" height=\"392\" src=\"https:\/\/pc.sc.gov.br\/\/wp-content\/uploads\/2024\/04\/WhatsApp-Image-2024-04-02-at-11.56.10-1024x577.jpeg\" class=\"attachment-large size-large wp-image-18869\" alt=\"\" srcset=\"https:\/\/pc.sc.gov.br\/\/wp-content\/uploads\/2024\/04\/WhatsApp-Image-2024-04-02-at-11.56.10-1024x577.jpeg 1024w, https:\/\/pc.sc.gov.br\/\/wp-content\/uploads\/2024\/04\/WhatsApp-Image-2024-04-02-at-11.56.10-300x169.jpeg 300w, https:\/\/pc.sc.gov.br\/\/wp-content\/uploads\/2024\/04\/WhatsApp-Image-2024-04-02-at-11.56.10-768x432.jpeg 768w, https:\/\/pc.sc.gov.br\/\/wp-content\/uploads\/2024\/04\/WhatsApp-Image-2024-04-02-at-11.56.10-1536x865.jpeg 1536w, https:\/\/pc.sc.gov.br\/\/wp-content\/uploads\/2024\/04\/WhatsApp-Image-2024-04-02-at-11.56.10.jpeg 1600w\" sizes=\"(max-width: 696px) 100vw, 696px\" \/>\t\t\t\t\t\t\t\t\t\t\t\t\t\t\t<\/div>\n\t\t\t\t<\/div>\n\t\t\t\t\t<\/div>\n\t\t<\/div>\n\t\t\t\t\t<\/div>\n\t\t<\/section>\n\t\t\t\t<section class=\"elementor-section elementor-top-section elementor-element elementor-element-49edcca elementor-section-boxed elementor-section-height-default elementor-section-height-default\" data-id=\"49edcca\" data-element_type=\"section\">\n\t\t\t\t\t\t<div class=\"elementor-container elementor-column-gap-default\">\n\t\t\t\t\t<div class=\"elementor-column elementor-col-100 elementor-top-column elementor-element elementor-element-41b3d6a\" data-id=\"41b3d6a\" data-element_type=\"column\">\n\t\t\t<div class=\"elementor-widget-wrap elementor-element-populated\">\n\t\t\t\t\t\t<div class=\"elementor-element elementor-element-d988bfe elementor-widget elementor-widget-text-editor\" data-id=\"d988bfe\" data-element_type=\"widget\" data-widget_type=\"text-editor.default\">\n\t\t\t\t<div class=\"elementor-widget-container\">\n\t\t\t\t\t\t\t\t\t<p>A Pol\u00edcia Civil de Santa Catarina, por meio da Diretoria de Pol\u00edcia da Grande Florian\u00f3polis, segue promovendo palestras nas escolas da Capital abordando a tem\u00e1tica Bullying. A palestra chamada \u201cPol\u00edcia Civil pela Paz\u201d, traz o tema \u201cBulliyng n\u00e3o \u00e9 brincadeira\u201d e \u00e9 ministrada pela agente de Pol\u00edcia Fabr\u00edcia Cruz.<\/p>\n<p>Nos encontros, s\u00e3o abordados temas relacionados ao Bullying, como o que significa, quais s\u00e3o os crimes mais comuns que podem ser praticados, a diferen\u00e7a dos atos praticados por crian\u00e7as daqueles atos infracionais praticados por adolescentes e, por fim, comentado sobre o que o ofendido pode fazer para procurar ajuda.<\/p>\n<p>Nesta ter\u00e7a-feira (2\/4), a palestra aconteceu na Escola dos Sonhos, no bairro Ingleses, em Florian\u00f3polis, e foi ministrada para crian\u00e7as de 10 a 14 anos de idade. A pr\u00f3xima palestra j\u00e1 est\u00e1 agendada para a sexta-feira (4), \u00e0s 14h00, no mesmo local, s\u00f3 que dessa vez para crian\u00e7as de 8 a 10 anos de idade.<br><span style=\"font-family: var( --e-global-typography-text-font-family ), Sans-serif; font-size: var( --e-global-typography-text-font-size );\"><br>Os interessados em levar a palestra para os alunos das institui\u00e7\u00f5es de ensino que lecionam ou administram podem entrar em contato com a Pol\u00edcia Civil pelo e-mail cppcapital@pc.sc.gov.br ou pelo telefone (48) 3666-5745.<\/span><\/p>\t\t\t\t\t\t\t\t<\/div>\n\t\t\t\t<\/div>\n\t\t\t\t\t<\/div>\n\t\t<\/div>\n\t\t\t\t\t<\/div>\n\t\t<\/section>\n\t\t\t\t<\/div>\n\t\t","protected":false},"excerpt":{"rendered":"<p>Pol\u00edcia Civil segue promovendo palestras sobre bullying nas escolas da Capital A Pol\u00edcia Civil de Santa Catarina, por meio da Diretoria de Pol\u00edcia da Grande Florian\u00f3polis, segue promovendo palestras nas escolas da Capital abordando a tem\u00e1tica Bullying. A palestra chamada \u201cPol\u00edcia Civil pela Paz\u201d, traz o tema \u201cBulliyng n\u00e3o \u00e9 brincadeira\u201d e \u00e9 ministrada pela [&hellip;]<\/p>\n","protected":false},"author":5,"featured_media":18869,"comment_status":"closed","ping_status":"open","sticky":false,"template":"","format":"standard","meta":{"_monsterinsights_skip_tracking":false,"_monsterinsights_sitenote_active":false,"_monsterinsights_sitenote_note":"","_monsterinsights_sitenote_category":0,"footnotes":""},"categories":[1],"tags":[],"class_list":["post-18868","post","type-post","status-publish","format-standard","has-post-thumbnail","hentry","category-sem-categoria"],"_links":{"self":[{"href":"https:\/\/pc.sc.gov.br\/index.php?rest_route=\/wp\/v2\/posts\/18868","targetHints":{"allow":["GET"]}}],"collection":[{"href":"https:\/\/pc.sc.gov.br\/index.php?rest_route=\/wp\/v2\/posts"}],"about":[{"href":"https:\/\/pc.sc.gov.br\/index.php?rest_route=\/wp\/v2\/types\/post"}],"author":[{"embeddable":true,"href":"https:\/\/pc.sc.gov.br\/index.php?rest_route=\/wp\/v2\/users\/5"}],"replies":[{"embeddable":true,"href":"https:\/\/pc.sc.gov.br\/index.php?rest_route=%2Fwp%2Fv2%2Fcomments&post=18868"}],"version-history":[{"count":4,"href":"https:\/\/pc.sc.gov.br\/index.php?rest_route=\/wp\/v2\/posts\/18868\/revisions"}],"predecessor-version":[{"id":18873,"href":"https:\/\/pc.sc.gov.br\/index.php?rest_route=\/wp\/v2\/posts\/18868\/revisions\/18873"}],"wp:featuredmedia":[{"embeddable":true,"href":"https:\/\/pc.sc.gov.br\/index.php?rest_route=\/wp\/v2\/media\/18869"}],"wp:attachment":[{"href":"https:\/\/pc.sc.gov.br\/index.php?rest_route=%2Fwp%2Fv2%2Fmedia&parent=18868"}],"wp:term":[{"taxonomy":"category","embeddable":true,"href":"https:\/\/pc.sc.gov.br\/index.php?rest_route=%2Fwp%2Fv2%2Fcategories&post=18868"},{"taxonomy":"post_tag","embeddable":true,"href":"https:\/\/pc.sc.gov.br\/index.php?rest_route=%2Fwp%2Fv2%2Ftags&post=18868"}],"curies":[{"name":"wp","href":"https:\/\/api.w.org\/{rel}","templated":true}]}}