{"id":18880,"date":"2024-04-03T13:48:26","date_gmt":"2024-04-03T16:48:26","guid":{"rendered":"https:\/\/pc.sc.gov.br\/?p=18880"},"modified":"2024-04-03T13:49:14","modified_gmt":"2024-04-03T16:49:14","slug":"policia-civil-prende-suspeito-por-homicidio-ocorrido-em-dezembro-do-ano-passado-em-itajai","status":"publish","type":"post","link":"https:\/\/pc.sc.gov.br\/?p=18880","title":{"rendered":"Pol\u00edcia Civil prende suspeito por homic\u00eddio ocorrido em dezembro do ano passado em Itaja\u00ed"},"content":{"rendered":"\t\t<div data-elementor-type=\"wp-post\" data-elementor-id=\"18880\" class=\"elementor elementor-18880\" data-elementor-post-type=\"post\">\n\t\t\t\t\t\t<section class=\"elementor-section elementor-top-section elementor-element elementor-element-ca3299d elementor-section-boxed elementor-section-height-default elementor-section-height-default\" data-id=\"ca3299d\" data-element_type=\"section\">\n\t\t\t\t\t\t<div class=\"elementor-container elementor-column-gap-default\">\n\t\t\t\t\t<div class=\"elementor-column elementor-col-100 elementor-top-column elementor-element elementor-element-0259bbf\" data-id=\"0259bbf\" data-element_type=\"column\">\n\t\t\t<div class=\"elementor-widget-wrap elementor-element-populated\">\n\t\t\t\t\t\t<div class=\"elementor-element elementor-element-348a630 elementor-widget elementor-widget-heading\" data-id=\"348a630\" data-element_type=\"widget\" data-widget_type=\"heading.default\">\n\t\t\t\t<div class=\"elementor-widget-container\">\n\t\t\t\t\t<h2 class=\"elementor-heading-title elementor-size-default\">Pol\u00edcia Civil prende suspeito por homic\u00eddio ocorrido em dezembro do ano passado em Itaja\u00ed <\/h2>\t\t\t\t<\/div>\n\t\t\t\t<\/div>\n\t\t\t\t\t<\/div>\n\t\t<\/div>\n\t\t\t\t\t<\/div>\n\t\t<\/section>\n\t\t\t\t<section class=\"elementor-section elementor-top-section elementor-element elementor-element-d412dba elementor-section-boxed elementor-section-height-default elementor-section-height-default\" data-id=\"d412dba\" data-element_type=\"section\">\n\t\t\t\t\t\t<div class=\"elementor-container elementor-column-gap-default\">\n\t\t\t\t\t<div class=\"elementor-column elementor-col-100 elementor-top-column elementor-element elementor-element-6c15dd1\" data-id=\"6c15dd1\" data-element_type=\"column\">\n\t\t\t<div class=\"elementor-widget-wrap elementor-element-populated\">\n\t\t\t\t\t\t<div class=\"elementor-element elementor-element-31ddeec elementor-widget elementor-widget-image\" data-id=\"31ddeec\" data-element_type=\"widget\" data-widget_type=\"image.default\">\n\t\t\t\t<div class=\"elementor-widget-container\">\n\t\t\t\t\t\t\t\t\t\t\t\t\t\t\t<img fetchpriority=\"high\" decoding=\"async\" width=\"510\" height=\"680\" src=\"https:\/\/pc.sc.gov.br\/\/wp-content\/uploads\/2022\/12\/DIC_COLETE.jpg\" class=\"attachment-large size-large wp-image-2546\" alt=\"\" srcset=\"https:\/\/pc.sc.gov.br\/\/wp-content\/uploads\/2022\/12\/DIC_COLETE.jpg 510w, https:\/\/pc.sc.gov.br\/\/wp-content\/uploads\/2022\/12\/DIC_COLETE-225x300.jpg 225w\" sizes=\"(max-width: 510px) 100vw, 510px\" \/>\t\t\t\t\t\t\t\t\t\t\t\t\t\t\t<\/div>\n\t\t\t\t<\/div>\n\t\t\t\t\t<\/div>\n\t\t<\/div>\n\t\t\t\t\t<\/div>\n\t\t<\/section>\n\t\t\t\t<section class=\"elementor-section elementor-top-section elementor-element elementor-element-6c1b244 elementor-section-boxed elementor-section-height-default elementor-section-height-default\" data-id=\"6c1b244\" data-element_type=\"section\">\n\t\t\t\t\t\t<div class=\"elementor-container elementor-column-gap-default\">\n\t\t\t\t\t<div class=\"elementor-column elementor-col-100 elementor-top-column elementor-element elementor-element-baf2758\" data-id=\"baf2758\" data-element_type=\"column\">\n\t\t\t<div class=\"elementor-widget-wrap elementor-element-populated\">\n\t\t\t\t\t\t<div class=\"elementor-element elementor-element-9544aa7 elementor-widget elementor-widget-text-editor\" data-id=\"9544aa7\" data-element_type=\"widget\" data-widget_type=\"text-editor.default\">\n\t\t\t\t<div class=\"elementor-widget-container\">\n\t\t\t\t\t\t\t\t\t<p>Na ter\u00e7a-feira (2), a Pol\u00edcia Civil de Santa Catarina, por meio da Divis\u00e3o de Investiga\u00e7\u00e3o Criminal de Itaja\u00ed (DIC), deflagrou opera\u00e7\u00e3o para cumprimento de um mandado de busca e apreens\u00e3o e um mandado de pris\u00e3o tempor\u00e1ria pelo crime de homic\u00eddio qualificado.<\/p><p>Trata-se de investiga\u00e7\u00e3o sobre morte ocorrida no dia 30\/12\/2024, quando a v\u00edtima, um homem de 43 anos, foi alvejado por quatro disparos de arma de fogo em im\u00f3vel onde funciona um ponto de vendas de entorpecentes, na localidade do Bambuzal.<\/p><p>O suspeito foi capturado em sua resid\u00eancia no bairro S\u00e3o Vicente, Itaja\u00ed\/SC. O crime foi motivado por conflitos entre traficantes de drogas locais. Durante as buscas foram apreendidos um celular e algumas pedras de crack j\u00e1 devidamente embaladas para venda, tendo sido o suspeito tamb\u00e9m autuado em flagrante pelo crime de tr\u00e1fico de drogas.<\/p><p>O preso foi encaminhado ao Sistema Penitenci\u00e1rio e permanece \u00e0 disposi\u00e7\u00e3o da Justi\u00e7a. As dilig\u00eancias contaram com apoio do N\u00facleo de Opera\u00e7\u00f5es com C\u00e3es de Itaja\u00ed.<\/p>\t\t\t\t\t\t\t\t<\/div>\n\t\t\t\t<\/div>\n\t\t\t\t\t<\/div>\n\t\t<\/div>\n\t\t\t\t\t<\/div>\n\t\t<\/section>\n\t\t\t\t<\/div>\n\t\t","protected":false},"excerpt":{"rendered":"<p>Pol\u00edcia Civil prende suspeito por homic\u00eddio ocorrido em dezembro do ano passado em Itaja\u00ed Na ter\u00e7a-feira (2), a Pol\u00edcia Civil de Santa Catarina, por meio da Divis\u00e3o de Investiga\u00e7\u00e3o Criminal de Itaja\u00ed (DIC), deflagrou opera\u00e7\u00e3o para cumprimento de um mandado de busca e apreens\u00e3o e um mandado de pris\u00e3o tempor\u00e1ria pelo crime de homic\u00eddio qualificado. [&hellip;]<\/p>\n","protected":false},"author":5,"featured_media":2546,"comment_status":"closed","ping_status":"open","sticky":false,"template":"","format":"standard","meta":{"_monsterinsights_skip_tracking":false,"_monsterinsights_sitenote_active":false,"_monsterinsights_sitenote_note":"","_monsterinsights_sitenote_category":0,"footnotes":""},"categories":[1],"tags":[],"class_list":["post-18880","post","type-post","status-publish","format-standard","has-post-thumbnail","hentry","category-sem-categoria"],"_links":{"self":[{"href":"https:\/\/pc.sc.gov.br\/index.php?rest_route=\/wp\/v2\/posts\/18880","targetHints":{"allow":["GET"]}}],"collection":[{"href":"https:\/\/pc.sc.gov.br\/index.php?rest_route=\/wp\/v2\/posts"}],"about":[{"href":"https:\/\/pc.sc.gov.br\/index.php?rest_route=\/wp\/v2\/types\/post"}],"author":[{"embeddable":true,"href":"https:\/\/pc.sc.gov.br\/index.php?rest_route=\/wp\/v2\/users\/5"}],"replies":[{"embeddable":true,"href":"https:\/\/pc.sc.gov.br\/index.php?rest_route=%2Fwp%2Fv2%2Fcomments&post=18880"}],"version-history":[{"count":4,"href":"https:\/\/pc.sc.gov.br\/index.php?rest_route=\/wp\/v2\/posts\/18880\/revisions"}],"predecessor-version":[{"id":18884,"href":"https:\/\/pc.sc.gov.br\/index.php?rest_route=\/wp\/v2\/posts\/18880\/revisions\/18884"}],"wp:featuredmedia":[{"embeddable":true,"href":"https:\/\/pc.sc.gov.br\/index.php?rest_route=\/wp\/v2\/media\/2546"}],"wp:attachment":[{"href":"https:\/\/pc.sc.gov.br\/index.php?rest_route=%2Fwp%2Fv2%2Fmedia&parent=18880"}],"wp:term":[{"taxonomy":"category","embeddable":true,"href":"https:\/\/pc.sc.gov.br\/index.php?rest_route=%2Fwp%2Fv2%2Fcategories&post=18880"},{"taxonomy":"post_tag","embeddable":true,"href":"https:\/\/pc.sc.gov.br\/index.php?rest_route=%2Fwp%2Fv2%2Ftags&post=18880"}],"curies":[{"name":"wp","href":"https:\/\/api.w.org\/{rel}","templated":true}]}}