{"id":18885,"date":"2024-04-03T14:02:22","date_gmt":"2024-04-03T17:02:22","guid":{"rendered":"https:\/\/pc.sc.gov.br\/?p=18885"},"modified":"2024-04-03T14:20:31","modified_gmt":"2024-04-03T17:20:31","slug":"em-menos-de-12-horas-apos-encontro-de-cadaver-policia-civil-prende-suspeito-de-latrocinio-em-pinhalzinho","status":"publish","type":"post","link":"https:\/\/pc.sc.gov.br\/?p=18885","title":{"rendered":"Em menos de 12 horas ap\u00f3s encontro de cad\u00e1ver, Pol\u00edcia Civil prende suspeito de latroc\u00ednio em Pinhalzinho"},"content":{"rendered":"\t\t<div data-elementor-type=\"wp-post\" data-elementor-id=\"18885\" class=\"elementor elementor-18885\" data-elementor-post-type=\"post\">\n\t\t\t\t\t\t<section class=\"elementor-section elementor-top-section elementor-element elementor-element-19c69e7 elementor-section-boxed elementor-section-height-default elementor-section-height-default\" data-id=\"19c69e7\" data-element_type=\"section\">\n\t\t\t\t\t\t<div class=\"elementor-container elementor-column-gap-default\">\n\t\t\t\t\t<div class=\"elementor-column elementor-col-100 elementor-top-column elementor-element elementor-element-6ee098d\" data-id=\"6ee098d\" data-element_type=\"column\">\n\t\t\t<div class=\"elementor-widget-wrap elementor-element-populated\">\n\t\t\t\t\t\t<div class=\"elementor-element elementor-element-8441379 elementor-widget elementor-widget-heading\" data-id=\"8441379\" data-element_type=\"widget\" data-widget_type=\"heading.default\">\n\t\t\t\t<div class=\"elementor-widget-container\">\n\t\t\t\t\t<h2 class=\"elementor-heading-title elementor-size-default\">Em menos de 12 horas ap\u00f3s encontro de cad\u00e1ver, Pol\u00edcia Civil prende suspeito de latroc\u00ednio em Pinhalzinho<\/h2>\t\t\t\t<\/div>\n\t\t\t\t<\/div>\n\t\t\t\t\t<\/div>\n\t\t<\/div>\n\t\t\t\t\t<\/div>\n\t\t<\/section>\n\t\t\t\t<section class=\"elementor-section elementor-top-section elementor-element elementor-element-2b889ce elementor-section-boxed elementor-section-height-default elementor-section-height-default\" data-id=\"2b889ce\" data-element_type=\"section\">\n\t\t\t\t\t\t<div class=\"elementor-container elementor-column-gap-default\">\n\t\t\t\t\t<div class=\"elementor-column elementor-col-100 elementor-top-column elementor-element elementor-element-3c1e7b9\" data-id=\"3c1e7b9\" data-element_type=\"column\">\n\t\t\t<div class=\"elementor-widget-wrap elementor-element-populated\">\n\t\t\t\t\t\t<div class=\"elementor-element elementor-element-7c1e578 elementor-widget elementor-widget-image\" data-id=\"7c1e578\" data-element_type=\"widget\" data-widget_type=\"image.default\">\n\t\t\t\t<div class=\"elementor-widget-container\">\n\t\t\t\t\t\t\t\t\t\t\t\t\t\t\t<img fetchpriority=\"high\" decoding=\"async\" width=\"696\" height=\"522\" src=\"https:\/\/pc.sc.gov.br\/\/wp-content\/uploads\/2024\/01\/CARRO-VIATUIRA-SIRENE-NOITE-POLICIA-CIVIL-PCSC-1024x768.jpg\" class=\"attachment-large size-large wp-image-16597\" alt=\"\" srcset=\"https:\/\/pc.sc.gov.br\/\/wp-content\/uploads\/2024\/01\/CARRO-VIATUIRA-SIRENE-NOITE-POLICIA-CIVIL-PCSC-1024x768.jpg 1024w, https:\/\/pc.sc.gov.br\/\/wp-content\/uploads\/2024\/01\/CARRO-VIATUIRA-SIRENE-NOITE-POLICIA-CIVIL-PCSC-300x225.jpg 300w, https:\/\/pc.sc.gov.br\/\/wp-content\/uploads\/2024\/01\/CARRO-VIATUIRA-SIRENE-NOITE-POLICIA-CIVIL-PCSC-768x576.jpg 768w, https:\/\/pc.sc.gov.br\/\/wp-content\/uploads\/2024\/01\/CARRO-VIATUIRA-SIRENE-NOITE-POLICIA-CIVIL-PCSC.jpg 1280w\" sizes=\"(max-width: 696px) 100vw, 696px\" \/>\t\t\t\t\t\t\t\t\t\t\t\t\t\t\t<\/div>\n\t\t\t\t<\/div>\n\t\t\t\t\t<\/div>\n\t\t<\/div>\n\t\t\t\t\t<\/div>\n\t\t<\/section>\n\t\t\t\t<section class=\"elementor-section elementor-top-section elementor-element elementor-element-9eb36c9 elementor-section-boxed elementor-section-height-default elementor-section-height-default\" data-id=\"9eb36c9\" data-element_type=\"section\">\n\t\t\t\t\t\t<div class=\"elementor-container elementor-column-gap-default\">\n\t\t\t\t\t<div class=\"elementor-column elementor-col-100 elementor-top-column elementor-element elementor-element-066a1d6\" data-id=\"066a1d6\" data-element_type=\"column\">\n\t\t\t<div class=\"elementor-widget-wrap elementor-element-populated\">\n\t\t\t\t\t\t<div class=\"elementor-element elementor-element-ab9b5e4 elementor-widget elementor-widget-text-editor\" data-id=\"ab9b5e4\" data-element_type=\"widget\" data-widget_type=\"text-editor.default\">\n\t\t\t\t<div class=\"elementor-widget-container\">\n\t\t\t\t\t\t\t\t\t<p>A Pol\u00edcia Civil de Santa Catarina, por meio da Divis\u00e3o de Investiga\u00e7\u00e3o Criminal de Maravilha e do Setor de Investiga\u00e7\u00e3o e Capturas da Delegacia de Pol\u00edcia de Pinhalzinho, menos de 12 horas, identificou e capturou o autor do latroc\u00ednio praticado na manh\u00e3 de ontem (02\/04).<\/p><p>Por volta das 8:40 horas, uma idosa foi encontrada morta no banheiro de seu com\u00e9rcio, situado nas proximidades do Centro da cidade de Pinhalzinho. A v\u00edtima apresentava sangramento massivo em sua face, indicando que teria sofrido um golpe contundente em seu rosto.<\/p><p>Assim que acionado, o plant\u00e3o da Pol\u00edcia Civil compareceu ao local e o isolou at\u00e9 a chegada da Pol\u00edcia Cient\u00edfica. Em seguida, os investigadores passaram a realizar diversas dilig\u00eancias em busca de elementos que levassem \u00e0 descoberta da autoria do crime e sua motiva\u00e7\u00e3o.<\/p><p>Ap\u00f3s trabalho \u00e1rduo e ininterrupto, na cidade de Pinhalzinho e regi\u00e3o, os policiais civis lograram \u00eaxito em identificar o suspeito e localizar o seu paradeiro, realizando a sua captura por volta das 19:30 horas, no bairro S\u00e3o Pedro, em Pinhalzinho.<\/p><p>No momento da captura, o suspeito assumiu a autoria do delito e informou que a sua motiva\u00e7\u00e3o teria sido unicamente financeira. No local da captura, foram localizadas e identificadas as vestes utilizadas pelo investigado durante o crime, assim como o canivete utilizado.<\/p><p>Conduzido o suspeito \u00e0 Delegacia de Pol\u00edcia, foi lavrado em seu desfavor auto de pris\u00e3o em flagrante pela pr\u00e1tica de latroc\u00ednio. Ato cont\u00ednuo, ele foi entregue aos cuidados da Pol\u00edcia Penal, onde permanecer\u00e1 \u00e0 disposi\u00e7\u00e3o da Justi\u00e7a.<\/p>\t\t\t\t\t\t\t\t<\/div>\n\t\t\t\t<\/div>\n\t\t\t\t\t<\/div>\n\t\t<\/div>\n\t\t\t\t\t<\/div>\n\t\t<\/section>\n\t\t\t\t<section class=\"elementor-section elementor-top-section elementor-element elementor-element-fa8617e elementor-section-boxed elementor-section-height-default elementor-section-height-default\" data-id=\"fa8617e\" data-element_type=\"section\">\n\t\t\t\t\t\t<div class=\"elementor-container elementor-column-gap-default\">\n\t\t\t\t\t<div class=\"elementor-column elementor-col-100 elementor-top-column elementor-element elementor-element-92a2485\" data-id=\"92a2485\" data-element_type=\"column\">\n\t\t\t<div class=\"elementor-widget-wrap elementor-element-populated\">\n\t\t\t\t\t\t<div class=\"elementor-element elementor-element-f768057 elementor-widget elementor-widget-video\" data-id=\"f768057\" data-element_type=\"widget\" data-settings=\"{&quot;video_type&quot;:&quot;hosted&quot;,&quot;controls&quot;:&quot;yes&quot;}\" data-widget_type=\"video.default\">\n\t\t\t\t<div class=\"elementor-widget-container\">\n\t\t\t\t\t\t\t<div class=\"e-hosted-video elementor-wrapper elementor-open-inline\">\n\t\t\t\t\t<video class=\"elementor-video\" src=\"https:\/\/pc.sc.gov.br\/wp-content\/uploads\/2024\/04\/WhatsApp-Video-2024-04-03-at-2.12.04-PM.mp4\" controls=\"\" preload=\"metadata\"><\/video>\n\t\t\t\t<\/div>\n\t\t\t\t\t\t<\/div>\n\t\t\t\t<\/div>\n\t\t\t\t\t<\/div>\n\t\t<\/div>\n\t\t\t\t\t<\/div>\n\t\t<\/section>\n\t\t\t\t<\/div>\n\t\t","protected":false},"excerpt":{"rendered":"<p>Em menos de 12 horas ap\u00f3s encontro de cad\u00e1ver, Pol\u00edcia Civil prende suspeito de latroc\u00ednio em Pinhalzinho A Pol\u00edcia Civil de Santa Catarina, por meio da Divis\u00e3o de Investiga\u00e7\u00e3o Criminal de Maravilha e do Setor de Investiga\u00e7\u00e3o e Capturas da Delegacia de Pol\u00edcia de Pinhalzinho, menos de 12 horas, identificou e capturou o autor do [&hellip;]<\/p>\n","protected":false},"author":5,"featured_media":16597,"comment_status":"closed","ping_status":"open","sticky":false,"template":"","format":"standard","meta":{"_monsterinsights_skip_tracking":false,"_monsterinsights_sitenote_active":false,"_monsterinsights_sitenote_note":"","_monsterinsights_sitenote_category":0,"footnotes":""},"categories":[1],"tags":[],"class_list":["post-18885","post","type-post","status-publish","format-standard","has-post-thumbnail","hentry","category-sem-categoria"],"_links":{"self":[{"href":"https:\/\/pc.sc.gov.br\/index.php?rest_route=\/wp\/v2\/posts\/18885","targetHints":{"allow":["GET"]}}],"collection":[{"href":"https:\/\/pc.sc.gov.br\/index.php?rest_route=\/wp\/v2\/posts"}],"about":[{"href":"https:\/\/pc.sc.gov.br\/index.php?rest_route=\/wp\/v2\/types\/post"}],"author":[{"embeddable":true,"href":"https:\/\/pc.sc.gov.br\/index.php?rest_route=\/wp\/v2\/users\/5"}],"replies":[{"embeddable":true,"href":"https:\/\/pc.sc.gov.br\/index.php?rest_route=%2Fwp%2Fv2%2Fcomments&post=18885"}],"version-history":[{"count":7,"href":"https:\/\/pc.sc.gov.br\/index.php?rest_route=\/wp\/v2\/posts\/18885\/revisions"}],"predecessor-version":[{"id":18898,"href":"https:\/\/pc.sc.gov.br\/index.php?rest_route=\/wp\/v2\/posts\/18885\/revisions\/18898"}],"wp:featuredmedia":[{"embeddable":true,"href":"https:\/\/pc.sc.gov.br\/index.php?rest_route=\/wp\/v2\/media\/16597"}],"wp:attachment":[{"href":"https:\/\/pc.sc.gov.br\/index.php?rest_route=%2Fwp%2Fv2%2Fmedia&parent=18885"}],"wp:term":[{"taxonomy":"category","embeddable":true,"href":"https:\/\/pc.sc.gov.br\/index.php?rest_route=%2Fwp%2Fv2%2Fcategories&post=18885"},{"taxonomy":"post_tag","embeddable":true,"href":"https:\/\/pc.sc.gov.br\/index.php?rest_route=%2Fwp%2Fv2%2Ftags&post=18885"}],"curies":[{"name":"wp","href":"https:\/\/api.w.org\/{rel}","templated":true}]}}