{"id":18900,"date":"2024-04-03T14:47:27","date_gmt":"2024-04-03T17:47:27","guid":{"rendered":"https:\/\/pc.sc.gov.br\/?p=18900"},"modified":"2024-04-03T14:48:18","modified_gmt":"2024-04-03T17:48:18","slug":"policia-civil-prende-investigado-por-furtos-em-laguna","status":"publish","type":"post","link":"https:\/\/pc.sc.gov.br\/?p=18900","title":{"rendered":"Pol\u00edcia Civil prende investigado por furtos em Laguna"},"content":{"rendered":"\t\t<div data-elementor-type=\"wp-post\" data-elementor-id=\"18900\" class=\"elementor elementor-18900\" data-elementor-post-type=\"post\">\n\t\t\t\t\t\t<section class=\"elementor-section elementor-top-section elementor-element elementor-element-38b5728 elementor-section-boxed elementor-section-height-default elementor-section-height-default\" data-id=\"38b5728\" data-element_type=\"section\">\n\t\t\t\t\t\t<div class=\"elementor-container elementor-column-gap-default\">\n\t\t\t\t\t<div class=\"elementor-column elementor-col-100 elementor-top-column elementor-element elementor-element-530da73\" data-id=\"530da73\" data-element_type=\"column\">\n\t\t\t<div class=\"elementor-widget-wrap elementor-element-populated\">\n\t\t\t\t\t\t<div class=\"elementor-element elementor-element-21526bc elementor-widget elementor-widget-heading\" data-id=\"21526bc\" data-element_type=\"widget\" data-widget_type=\"heading.default\">\n\t\t\t\t<div class=\"elementor-widget-container\">\n\t\t\t\t\t<h2 class=\"elementor-heading-title elementor-size-default\">Pol\u00edcia Civil prende investigado por furtos em Laguna<\/h2>\t\t\t\t<\/div>\n\t\t\t\t<\/div>\n\t\t\t\t\t<\/div>\n\t\t<\/div>\n\t\t\t\t\t<\/div>\n\t\t<\/section>\n\t\t\t\t<section class=\"elementor-section elementor-top-section elementor-element elementor-element-61e0232 elementor-section-boxed elementor-section-height-default elementor-section-height-default\" data-id=\"61e0232\" data-element_type=\"section\">\n\t\t\t\t\t\t<div class=\"elementor-container elementor-column-gap-default\">\n\t\t\t\t\t<div class=\"elementor-column elementor-col-100 elementor-top-column elementor-element elementor-element-11f6d94\" data-id=\"11f6d94\" data-element_type=\"column\">\n\t\t\t<div class=\"elementor-widget-wrap elementor-element-populated\">\n\t\t\t\t\t\t<div class=\"elementor-element elementor-element-fa9ffb1 elementor-widget elementor-widget-image\" data-id=\"fa9ffb1\" data-element_type=\"widget\" data-widget_type=\"image.default\">\n\t\t\t\t<div class=\"elementor-widget-container\">\n\t\t\t\t\t\t\t\t\t\t\t\t\t\t\t<img fetchpriority=\"high\" decoding=\"async\" width=\"696\" height=\"479\" src=\"https:\/\/pc.sc.gov.br\/\/wp-content\/uploads\/2023\/09\/dic-joinville-1.jpg\" class=\"attachment-large size-large wp-image-13840\" alt=\"\" srcset=\"https:\/\/pc.sc.gov.br\/\/wp-content\/uploads\/2023\/09\/dic-joinville-1.jpg 768w, https:\/\/pc.sc.gov.br\/\/wp-content\/uploads\/2023\/09\/dic-joinville-1-300x207.jpg 300w\" sizes=\"(max-width: 696px) 100vw, 696px\" \/>\t\t\t\t\t\t\t\t\t\t\t\t\t\t\t<\/div>\n\t\t\t\t<\/div>\n\t\t\t\t\t<\/div>\n\t\t<\/div>\n\t\t\t\t\t<\/div>\n\t\t<\/section>\n\t\t\t\t<section class=\"elementor-section elementor-top-section elementor-element elementor-element-dad7f2b elementor-section-boxed elementor-section-height-default elementor-section-height-default\" data-id=\"dad7f2b\" data-element_type=\"section\">\n\t\t\t\t\t\t<div class=\"elementor-container elementor-column-gap-default\">\n\t\t\t\t\t<div class=\"elementor-column elementor-col-100 elementor-top-column elementor-element elementor-element-eab19f0\" data-id=\"eab19f0\" data-element_type=\"column\">\n\t\t\t<div class=\"elementor-widget-wrap elementor-element-populated\">\n\t\t\t\t\t\t<div class=\"elementor-element elementor-element-6f38d2d elementor-widget elementor-widget-text-editor\" data-id=\"6f38d2d\" data-element_type=\"widget\" data-widget_type=\"text-editor.default\">\n\t\t\t\t<div class=\"elementor-widget-container\">\n\t\t\t\t\t\t\t\t\t<p>Nesta quarta-feira (03\/04), a Pol\u00edcia Civil de Santa Catarina, por meio da Divis\u00e3o de Investiga\u00e7\u00e3o Criminal de Itaja\u00ed e da Delegacia de Pol\u00edcia da Comarca de Laguna, deflagrou opera\u00e7\u00e3o conjunta que resultou na pris\u00e3o de um indiciado por furto qualificado ocorrido na cidade de Laguna, no dia 1\u00b0 de fevereiro deste ano.<\/p><p>O homem foi identificado como parte de um grupo de pelo menos tr\u00eas pessoas, que vinham realizando furtos na regi\u00e3o. Aproveitando-se da aus\u00eancia dos moradores, o grupo invadia resid\u00eancias e levava diversos objetos.<\/p><p>As investiga\u00e7\u00f5es, que contaram com o aux\u00edlio de c\u00e2meras de seguran\u00e7a e outros meios de investiga\u00e7\u00e3o, permitiram a identifica\u00e7\u00e3o de um dos suspeitos. Com base nas informa\u00e7\u00f5es obtidas, foi representado, ao final do inqu\u00e9rito policial, pela expedi\u00e7\u00e3o de mandado de busca e apreens\u00e3o no endere\u00e7o do suspeito e mandado de pris\u00e3o preventiva para o mesmo.<\/p><p>Nesta manh\u00e3, a DIC de Itaja\u00ed, em opera\u00e7\u00e3o integrada, deu cumprimento aos mandados de busca e apreens\u00e3o e pris\u00e3o do investigado. O indiv\u00edduo, que j\u00e1 possui hist\u00f3rico de crimes patrimoniais, foi imediatamente detido e encaminhado ao Pres\u00eddio local.<\/p>\t\t\t\t\t\t\t\t<\/div>\n\t\t\t\t<\/div>\n\t\t\t\t\t<\/div>\n\t\t<\/div>\n\t\t\t\t\t<\/div>\n\t\t<\/section>\n\t\t\t\t<\/div>\n\t\t","protected":false},"excerpt":{"rendered":"<p>Pol\u00edcia Civil prende investigado por furtos em Laguna Nesta quarta-feira (03\/04), a Pol\u00edcia Civil de Santa Catarina, por meio da Divis\u00e3o de Investiga\u00e7\u00e3o Criminal de Itaja\u00ed e da Delegacia de Pol\u00edcia da Comarca de Laguna, deflagrou opera\u00e7\u00e3o conjunta que resultou na pris\u00e3o de um indiciado por furto qualificado ocorrido na cidade de Laguna, no dia [&hellip;]<\/p>\n","protected":false},"author":5,"featured_media":11198,"comment_status":"closed","ping_status":"open","sticky":false,"template":"","format":"standard","meta":{"_monsterinsights_skip_tracking":false,"_monsterinsights_sitenote_active":false,"_monsterinsights_sitenote_note":"","_monsterinsights_sitenote_category":0,"footnotes":""},"categories":[1],"tags":[],"class_list":["post-18900","post","type-post","status-publish","format-standard","has-post-thumbnail","hentry","category-sem-categoria"],"_links":{"self":[{"href":"https:\/\/pc.sc.gov.br\/index.php?rest_route=\/wp\/v2\/posts\/18900","targetHints":{"allow":["GET"]}}],"collection":[{"href":"https:\/\/pc.sc.gov.br\/index.php?rest_route=\/wp\/v2\/posts"}],"about":[{"href":"https:\/\/pc.sc.gov.br\/index.php?rest_route=\/wp\/v2\/types\/post"}],"author":[{"embeddable":true,"href":"https:\/\/pc.sc.gov.br\/index.php?rest_route=\/wp\/v2\/users\/5"}],"replies":[{"embeddable":true,"href":"https:\/\/pc.sc.gov.br\/index.php?rest_route=%2Fwp%2Fv2%2Fcomments&post=18900"}],"version-history":[{"count":4,"href":"https:\/\/pc.sc.gov.br\/index.php?rest_route=\/wp\/v2\/posts\/18900\/revisions"}],"predecessor-version":[{"id":18904,"href":"https:\/\/pc.sc.gov.br\/index.php?rest_route=\/wp\/v2\/posts\/18900\/revisions\/18904"}],"wp:featuredmedia":[{"embeddable":true,"href":"https:\/\/pc.sc.gov.br\/index.php?rest_route=\/wp\/v2\/media\/11198"}],"wp:attachment":[{"href":"https:\/\/pc.sc.gov.br\/index.php?rest_route=%2Fwp%2Fv2%2Fmedia&parent=18900"}],"wp:term":[{"taxonomy":"category","embeddable":true,"href":"https:\/\/pc.sc.gov.br\/index.php?rest_route=%2Fwp%2Fv2%2Fcategories&post=18900"},{"taxonomy":"post_tag","embeddable":true,"href":"https:\/\/pc.sc.gov.br\/index.php?rest_route=%2Fwp%2Fv2%2Ftags&post=18900"}],"curies":[{"name":"wp","href":"https:\/\/api.w.org\/{rel}","templated":true}]}}