{"id":18910,"date":"2024-04-03T15:44:44","date_gmt":"2024-04-03T18:44:44","guid":{"rendered":"https:\/\/pc.sc.gov.br\/?p=18910"},"modified":"2024-04-03T15:45:33","modified_gmt":"2024-04-03T18:45:33","slug":"policia-civil-cumpre-mandado-de-busca-e-apreensao-contra-adolescente-por-incitar-atos-extremistas-em-escolas","status":"publish","type":"post","link":"https:\/\/pc.sc.gov.br\/?p=18910","title":{"rendered":"Pol\u00edcia Civil cumpre mandado de busca e apreens\u00e3o contra adolescente por incitar atos extremistas em escolas"},"content":{"rendered":"\t\t<div data-elementor-type=\"wp-post\" data-elementor-id=\"18910\" class=\"elementor elementor-18910\" data-elementor-post-type=\"post\">\n\t\t\t\t\t\t<section class=\"elementor-section elementor-top-section elementor-element elementor-element-e93f79e elementor-section-boxed elementor-section-height-default elementor-section-height-default\" data-id=\"e93f79e\" data-element_type=\"section\">\n\t\t\t\t\t\t<div class=\"elementor-container elementor-column-gap-default\">\n\t\t\t\t\t<div class=\"elementor-column elementor-col-100 elementor-top-column elementor-element elementor-element-8e5aa9b\" data-id=\"8e5aa9b\" data-element_type=\"column\">\n\t\t\t<div class=\"elementor-widget-wrap elementor-element-populated\">\n\t\t\t\t\t\t<div class=\"elementor-element elementor-element-b6f3bf1 elementor-widget elementor-widget-heading\" data-id=\"b6f3bf1\" data-element_type=\"widget\" data-widget_type=\"heading.default\">\n\t\t\t\t<div class=\"elementor-widget-container\">\n\t\t\t\t\t<h2 class=\"elementor-heading-title elementor-size-default\">Pol\u00edcia Civil cumpre mandado de busca e apreens\u00e3o contra adolescente por incitar atos extremistas em escolas<\/h2>\t\t\t\t<\/div>\n\t\t\t\t<\/div>\n\t\t\t\t\t<\/div>\n\t\t<\/div>\n\t\t\t\t\t<\/div>\n\t\t<\/section>\n\t\t\t\t<section class=\"elementor-section elementor-top-section elementor-element elementor-element-b572cd2 elementor-section-boxed elementor-section-height-default elementor-section-height-default\" data-id=\"b572cd2\" data-element_type=\"section\">\n\t\t\t\t\t\t<div class=\"elementor-container elementor-column-gap-default\">\n\t\t\t\t\t<div class=\"elementor-column elementor-col-100 elementor-top-column elementor-element elementor-element-15d76a6\" data-id=\"15d76a6\" data-element_type=\"column\">\n\t\t\t<div class=\"elementor-widget-wrap elementor-element-populated\">\n\t\t\t\t\t\t<div class=\"elementor-element elementor-element-18d707c elementor-widget elementor-widget-image\" data-id=\"18d707c\" data-element_type=\"widget\" data-widget_type=\"image.default\">\n\t\t\t\t<div class=\"elementor-widget-container\">\n\t\t\t\t\t\t\t\t\t\t\t\t\t\t\t<img fetchpriority=\"high\" decoding=\"async\" width=\"576\" height=\"1024\" src=\"https:\/\/pc.sc.gov.br\/\/wp-content\/uploads\/2024\/04\/WhatsApp-Image-2024-04-03-at-14.55.35-576x1024.jpeg\" class=\"attachment-large size-large wp-image-18911\" alt=\"\" srcset=\"https:\/\/pc.sc.gov.br\/\/wp-content\/uploads\/2024\/04\/WhatsApp-Image-2024-04-03-at-14.55.35-576x1024.jpeg 576w, https:\/\/pc.sc.gov.br\/\/wp-content\/uploads\/2024\/04\/WhatsApp-Image-2024-04-03-at-14.55.35-169x300.jpeg 169w, https:\/\/pc.sc.gov.br\/\/wp-content\/uploads\/2024\/04\/WhatsApp-Image-2024-04-03-at-14.55.35.jpeg 720w\" sizes=\"(max-width: 576px) 100vw, 576px\" \/>\t\t\t\t\t\t\t\t\t\t\t\t\t\t\t<\/div>\n\t\t\t\t<\/div>\n\t\t\t\t\t<\/div>\n\t\t<\/div>\n\t\t\t\t\t<\/div>\n\t\t<\/section>\n\t\t\t\t<section class=\"elementor-section elementor-top-section elementor-element elementor-element-f0b6472 elementor-section-boxed elementor-section-height-default elementor-section-height-default\" data-id=\"f0b6472\" data-element_type=\"section\">\n\t\t\t\t\t\t<div class=\"elementor-container elementor-column-gap-default\">\n\t\t\t\t\t<div class=\"elementor-column elementor-col-100 elementor-top-column elementor-element elementor-element-3c5412b\" data-id=\"3c5412b\" data-element_type=\"column\">\n\t\t\t<div class=\"elementor-widget-wrap elementor-element-populated\">\n\t\t\t\t\t\t<div class=\"elementor-element elementor-element-c7dbee2 elementor-widget elementor-widget-text-editor\" data-id=\"c7dbee2\" data-element_type=\"widget\" data-widget_type=\"text-editor.default\">\n\t\t\t\t<div class=\"elementor-widget-container\">\n\t\t\t\t\t\t\t\t\t<p>Nesta quarta-feira (3), a Pol\u00edcia Civil de Santa Catarina, por meio da Delegacia de Repress\u00e3o ao Racismo e a Delitos de Intoler\u00e2ncia da Diretoria Estadual de Investiga\u00e7\u00f5es Criminais, em conjunto com a Delegacia de Pol\u00edcia do Munic\u00edpio de Saudades, deu cumprimento a mandado de busca e apreens\u00e3o, na regi\u00e3o metropolitana de Curitiba, no munic\u00edpio Fazenda Rio Grande, no Paran\u00e1.<\/p><p>A investiga\u00e7\u00e3o apura a radicaliza\u00e7\u00e3o e o recrutamento de jovens para o cometimento de atos extremistas e decorre de opera\u00e7\u00e3o realizada em 20\/07\/2023 no munic\u00edpio de Saudades, que apurou caso de apologia ao nazismo em escola municipal. Na a\u00e7\u00e3o de hoje, foram angariados elementos que revelaram a dissemina\u00e7\u00e3o do conte\u00fado pelo aplicativo Discord, sendo que os vest\u00edgios digitais ser\u00e3o analisados pela Pol\u00edcia Civil.<\/p>\t\t\t\t\t\t\t\t<\/div>\n\t\t\t\t<\/div>\n\t\t\t\t\t<\/div>\n\t\t<\/div>\n\t\t\t\t\t<\/div>\n\t\t<\/section>\n\t\t\t\t<\/div>\n\t\t","protected":false},"excerpt":{"rendered":"<p>Pol\u00edcia Civil cumpre mandado de busca e apreens\u00e3o contra adolescente por incitar atos extremistas em escolas Nesta quarta-feira (3), a Pol\u00edcia Civil de Santa Catarina, por meio da Delegacia de Repress\u00e3o ao Racismo e a Delitos de Intoler\u00e2ncia da Diretoria Estadual de Investiga\u00e7\u00f5es Criminais, em conjunto com a Delegacia de Pol\u00edcia do Munic\u00edpio de Saudades, [&hellip;]<\/p>\n","protected":false},"author":5,"featured_media":18911,"comment_status":"closed","ping_status":"open","sticky":false,"template":"","format":"standard","meta":{"_monsterinsights_skip_tracking":false,"_monsterinsights_sitenote_active":false,"_monsterinsights_sitenote_note":"","_monsterinsights_sitenote_category":0,"footnotes":""},"categories":[1],"tags":[],"class_list":["post-18910","post","type-post","status-publish","format-standard","has-post-thumbnail","hentry","category-sem-categoria"],"_links":{"self":[{"href":"https:\/\/pc.sc.gov.br\/index.php?rest_route=\/wp\/v2\/posts\/18910","targetHints":{"allow":["GET"]}}],"collection":[{"href":"https:\/\/pc.sc.gov.br\/index.php?rest_route=\/wp\/v2\/posts"}],"about":[{"href":"https:\/\/pc.sc.gov.br\/index.php?rest_route=\/wp\/v2\/types\/post"}],"author":[{"embeddable":true,"href":"https:\/\/pc.sc.gov.br\/index.php?rest_route=\/wp\/v2\/users\/5"}],"replies":[{"embeddable":true,"href":"https:\/\/pc.sc.gov.br\/index.php?rest_route=%2Fwp%2Fv2%2Fcomments&post=18910"}],"version-history":[{"count":4,"href":"https:\/\/pc.sc.gov.br\/index.php?rest_route=\/wp\/v2\/posts\/18910\/revisions"}],"predecessor-version":[{"id":18915,"href":"https:\/\/pc.sc.gov.br\/index.php?rest_route=\/wp\/v2\/posts\/18910\/revisions\/18915"}],"wp:featuredmedia":[{"embeddable":true,"href":"https:\/\/pc.sc.gov.br\/index.php?rest_route=\/wp\/v2\/media\/18911"}],"wp:attachment":[{"href":"https:\/\/pc.sc.gov.br\/index.php?rest_route=%2Fwp%2Fv2%2Fmedia&parent=18910"}],"wp:term":[{"taxonomy":"category","embeddable":true,"href":"https:\/\/pc.sc.gov.br\/index.php?rest_route=%2Fwp%2Fv2%2Fcategories&post=18910"},{"taxonomy":"post_tag","embeddable":true,"href":"https:\/\/pc.sc.gov.br\/index.php?rest_route=%2Fwp%2Fv2%2Ftags&post=18910"}],"curies":[{"name":"wp","href":"https:\/\/api.w.org\/{rel}","templated":true}]}}