{"id":18934,"date":"2024-04-04T18:31:33","date_gmt":"2024-04-04T21:31:33","guid":{"rendered":"https:\/\/pc.sc.gov.br\/?p=18934"},"modified":"2024-04-04T18:33:02","modified_gmt":"2024-04-04T21:33:02","slug":"policia-civil-prende-homem-suspeito-por-feminicidio-ocorrido-em-sombrio","status":"publish","type":"post","link":"https:\/\/pc.sc.gov.br\/?p=18934","title":{"rendered":"Pol\u00edcia Civil prende homem suspeito por feminic\u00eddio ocorrido em Sombrio"},"content":{"rendered":"\t\t<div data-elementor-type=\"wp-post\" data-elementor-id=\"18934\" class=\"elementor elementor-18934\" data-elementor-post-type=\"post\">\n\t\t\t\t\t\t<section class=\"elementor-section elementor-top-section elementor-element elementor-element-8fa99ed elementor-section-boxed elementor-section-height-default elementor-section-height-default\" data-id=\"8fa99ed\" data-element_type=\"section\">\n\t\t\t\t\t\t<div class=\"elementor-container elementor-column-gap-default\">\n\t\t\t\t\t<div class=\"elementor-column elementor-col-100 elementor-top-column elementor-element elementor-element-7681a5c\" data-id=\"7681a5c\" data-element_type=\"column\">\n\t\t\t<div class=\"elementor-widget-wrap elementor-element-populated\">\n\t\t\t\t\t\t<div class=\"elementor-element elementor-element-c74094f elementor-widget elementor-widget-heading\" data-id=\"c74094f\" data-element_type=\"widget\" data-widget_type=\"heading.default\">\n\t\t\t\t<div class=\"elementor-widget-container\">\n\t\t\t\t\t<h2 class=\"elementor-heading-title elementor-size-default\">Pol\u00edcia Civil prende homem suspeito por feminic\u00eddio ocorrido em Sombrio<\/h2>\t\t\t\t<\/div>\n\t\t\t\t<\/div>\n\t\t\t\t\t<\/div>\n\t\t<\/div>\n\t\t\t\t\t<\/div>\n\t\t<\/section>\n\t\t\t\t<section class=\"elementor-section elementor-top-section elementor-element elementor-element-b7e1d71 elementor-section-boxed elementor-section-height-default elementor-section-height-default\" data-id=\"b7e1d71\" data-element_type=\"section\">\n\t\t\t\t\t\t<div class=\"elementor-container elementor-column-gap-default\">\n\t\t\t\t\t<div class=\"elementor-column elementor-col-100 elementor-top-column elementor-element elementor-element-0309889\" data-id=\"0309889\" data-element_type=\"column\">\n\t\t\t<div class=\"elementor-widget-wrap elementor-element-populated\">\n\t\t\t\t\t\t<div class=\"elementor-element elementor-element-0c1a94a elementor-widget elementor-widget-text-editor\" data-id=\"0c1a94a\" data-element_type=\"widget\" data-widget_type=\"text-editor.default\">\n\t\t\t\t<div class=\"elementor-widget-container\">\n\t\t\t\t\t\t\t\t\t<p>Nesta quinta-feira (4), a Pol\u00edcia Civil de Santa Catarina, por meio da Delegacia de Pol\u00edcia da Comarca de Sombrio, deu cumprimento a mandado de pris\u00e3o preventiva contra suspeito pelo crime de feminic\u00eddio. O homem teria enforcado e enterrado o corpo da companheira em um lix\u00e3o da cidade.<\/p>\n<p>Ap\u00f3s o desaparecimento de uma mulher, de 32 anos, na cidade de Sombrio, no in\u00edcio de outubro do ano passado, a Pol\u00edcia Civil passou a monitorar a situa\u00e7\u00e3o. A proatividade da equipe de investiga\u00e7\u00e3o resultou no encontro de ind\u00edcios que indicaram o local do corpo da v\u00edtima.<\/p>\n<p>No in\u00edcio deste m\u00eas de abril, com o aux\u00edlio de funcion\u00e1rios de Prefeitura e do Corpo de Bombeiros (que contou tamb\u00e9m com c\u00e3es farejadores), o corpo foi localizado, desenterrado e os restos mortais encaminhados \u00e0 per\u00edcia.<\/p>\n<p>Dessa forma, a Autoridade Policial representou pela pris\u00e3o preventiva do suspeito (companheiro da v\u00edtima), e, ap\u00f3s c\u00e9lere manifesta\u00e7\u00e3o positiva do membro do Minist\u00e9rio P\u00fablico e decis\u00e3o judicial favor\u00e1vel, foi expedido o mandado de pris\u00e3o preventiva do mesmo.<\/p>\n<p>O suspeito responder\u00e1 por crime de feminic\u00eddio e oculta\u00e7\u00e3o de cad\u00e1ver. Al\u00e9m disso, a m\u00e3e do suspeito tamb\u00e9m est\u00e1 sendo investigada por ser coautora do crime de oculta\u00e7\u00e3o de cad\u00e1ver.<\/p>\n<p><b>O delegado Gabriel Luiz Marcondes fala sobre o caso:<\/b><\/p>\t\t\t\t\t\t\t\t<\/div>\n\t\t\t\t<\/div>\n\t\t\t\t\t<\/div>\n\t\t<\/div>\n\t\t\t\t\t<\/div>\n\t\t<\/section>\n\t\t\t\t<section class=\"elementor-section elementor-top-section elementor-element elementor-element-645ec32 elementor-section-boxed elementor-section-height-default elementor-section-height-default\" data-id=\"645ec32\" data-element_type=\"section\">\n\t\t\t\t\t\t<div class=\"elementor-container elementor-column-gap-default\">\n\t\t\t\t\t<div class=\"elementor-column elementor-col-100 elementor-top-column elementor-element elementor-element-adf4aa6\" data-id=\"adf4aa6\" data-element_type=\"column\">\n\t\t\t<div class=\"elementor-widget-wrap elementor-element-populated\">\n\t\t\t\t\t\t<div class=\"elementor-element elementor-element-8f6a428 elementor-widget elementor-widget-video\" data-id=\"8f6a428\" data-element_type=\"widget\" data-settings=\"{&quot;video_type&quot;:&quot;hosted&quot;,&quot;controls&quot;:&quot;yes&quot;}\" data-widget_type=\"video.default\">\n\t\t\t\t<div class=\"elementor-widget-container\">\n\t\t\t\t\t\t\t<div class=\"e-hosted-video elementor-wrapper elementor-open-inline\">\n\t\t\t\t\t<video class=\"elementor-video\" src=\"https:\/\/pc.sc.gov.br\/wp-content\/uploads\/2024\/04\/WhatsApp-Video-2024-04-04-at-5.36.00-PM.mp4\" controls=\"\" preload=\"metadata\"><\/video>\n\t\t\t\t<\/div>\n\t\t\t\t\t\t<\/div>\n\t\t\t\t<\/div>\n\t\t\t\t\t<\/div>\n\t\t<\/div>\n\t\t\t\t\t<\/div>\n\t\t<\/section>\n\t\t\t\t<\/div>\n\t\t","protected":false},"excerpt":{"rendered":"<p>Pol\u00edcia Civil prende homem suspeito por feminic\u00eddio ocorrido em Sombrio Nesta quinta-feira (4), a Pol\u00edcia Civil de Santa Catarina, por meio da Delegacia de Pol\u00edcia da Comarca de Sombrio, deu cumprimento a mandado de pris\u00e3o preventiva contra suspeito pelo crime de feminic\u00eddio. O homem teria enforcado e enterrado o corpo da companheira em um lix\u00e3o [&hellip;]<\/p>\n","protected":false},"author":5,"featured_media":11128,"comment_status":"closed","ping_status":"open","sticky":false,"template":"","format":"standard","meta":{"_monsterinsights_skip_tracking":false,"_monsterinsights_sitenote_active":false,"_monsterinsights_sitenote_note":"","_monsterinsights_sitenote_category":0,"footnotes":""},"categories":[1],"tags":[],"class_list":["post-18934","post","type-post","status-publish","format-standard","has-post-thumbnail","hentry","category-sem-categoria"],"_links":{"self":[{"href":"https:\/\/pc.sc.gov.br\/index.php?rest_route=\/wp\/v2\/posts\/18934","targetHints":{"allow":["GET"]}}],"collection":[{"href":"https:\/\/pc.sc.gov.br\/index.php?rest_route=\/wp\/v2\/posts"}],"about":[{"href":"https:\/\/pc.sc.gov.br\/index.php?rest_route=\/wp\/v2\/types\/post"}],"author":[{"embeddable":true,"href":"https:\/\/pc.sc.gov.br\/index.php?rest_route=\/wp\/v2\/users\/5"}],"replies":[{"embeddable":true,"href":"https:\/\/pc.sc.gov.br\/index.php?rest_route=%2Fwp%2Fv2%2Fcomments&post=18934"}],"version-history":[{"count":4,"href":"https:\/\/pc.sc.gov.br\/index.php?rest_route=\/wp\/v2\/posts\/18934\/revisions"}],"predecessor-version":[{"id":18939,"href":"https:\/\/pc.sc.gov.br\/index.php?rest_route=\/wp\/v2\/posts\/18934\/revisions\/18939"}],"wp:featuredmedia":[{"embeddable":true,"href":"https:\/\/pc.sc.gov.br\/index.php?rest_route=\/wp\/v2\/media\/11128"}],"wp:attachment":[{"href":"https:\/\/pc.sc.gov.br\/index.php?rest_route=%2Fwp%2Fv2%2Fmedia&parent=18934"}],"wp:term":[{"taxonomy":"category","embeddable":true,"href":"https:\/\/pc.sc.gov.br\/index.php?rest_route=%2Fwp%2Fv2%2Fcategories&post=18934"},{"taxonomy":"post_tag","embeddable":true,"href":"https:\/\/pc.sc.gov.br\/index.php?rest_route=%2Fwp%2Fv2%2Ftags&post=18934"}],"curies":[{"name":"wp","href":"https:\/\/api.w.org\/{rel}","templated":true}]}}