{"id":18940,"date":"2024-04-04T18:56:04","date_gmt":"2024-04-04T21:56:04","guid":{"rendered":"https:\/\/pc.sc.gov.br\/?p=18940"},"modified":"2024-04-04T18:57:09","modified_gmt":"2024-04-04T21:57:09","slug":"delegacia-de-capturas-da-deic-prende-em-flagrante-homem-por-receptacao-de-celulares-e-extorsao","status":"publish","type":"post","link":"https:\/\/pc.sc.gov.br\/?p=18940","title":{"rendered":"Delegacia de Capturas da DEIC prende em flagrante homem por recepta\u00e7\u00e3o de celulares e extors\u00e3o"},"content":{"rendered":"\t\t<div data-elementor-type=\"wp-post\" data-elementor-id=\"18940\" class=\"elementor elementor-18940\" data-elementor-post-type=\"post\">\n\t\t\t\t\t\t<section class=\"elementor-section elementor-top-section elementor-element elementor-element-eb6c31d elementor-section-boxed elementor-section-height-default elementor-section-height-default\" data-id=\"eb6c31d\" data-element_type=\"section\">\n\t\t\t\t\t\t<div class=\"elementor-container elementor-column-gap-default\">\n\t\t\t\t\t<div class=\"elementor-column elementor-col-100 elementor-top-column elementor-element elementor-element-057d118\" data-id=\"057d118\" data-element_type=\"column\">\n\t\t\t<div class=\"elementor-widget-wrap elementor-element-populated\">\n\t\t\t\t\t\t<div class=\"elementor-element elementor-element-d9aeef2 elementor-widget elementor-widget-heading\" data-id=\"d9aeef2\" data-element_type=\"widget\" data-widget_type=\"heading.default\">\n\t\t\t\t<div class=\"elementor-widget-container\">\n\t\t\t\t\t<h2 class=\"elementor-heading-title elementor-size-default\">Delegacia de Capturas da DEIC prende em flagrante homem por recepta\u00e7\u00e3o de celulares e extors\u00e3o<\/h2>\t\t\t\t<\/div>\n\t\t\t\t<\/div>\n\t\t\t\t\t<\/div>\n\t\t<\/div>\n\t\t\t\t\t<\/div>\n\t\t<\/section>\n\t\t\t\t<section class=\"elementor-section elementor-top-section elementor-element elementor-element-415bfb9 elementor-section-boxed elementor-section-height-default elementor-section-height-default\" data-id=\"415bfb9\" data-element_type=\"section\">\n\t\t\t\t\t\t<div class=\"elementor-container elementor-column-gap-default\">\n\t\t\t\t\t<div class=\"elementor-column elementor-col-100 elementor-top-column elementor-element elementor-element-48cbbeb\" data-id=\"48cbbeb\" data-element_type=\"column\">\n\t\t\t<div class=\"elementor-widget-wrap elementor-element-populated\">\n\t\t\t\t\t\t<div class=\"elementor-element elementor-element-525be9d elementor-widget elementor-widget-image\" data-id=\"525be9d\" data-element_type=\"widget\" data-widget_type=\"image.default\">\n\t\t\t\t<div class=\"elementor-widget-container\">\n\t\t\t\t\t\t\t\t\t\t\t\t\t\t\t<img fetchpriority=\"high\" decoding=\"async\" width=\"696\" height=\"522\" src=\"https:\/\/pc.sc.gov.br\/\/wp-content\/uploads\/2024\/04\/WhatsApp-Image-2024-04-04-at-6.24.02-PM-1024x768.jpeg\" class=\"attachment-large size-large wp-image-18941\" alt=\"\" srcset=\"https:\/\/pc.sc.gov.br\/\/wp-content\/uploads\/2024\/04\/WhatsApp-Image-2024-04-04-at-6.24.02-PM-1024x768.jpeg 1024w, https:\/\/pc.sc.gov.br\/\/wp-content\/uploads\/2024\/04\/WhatsApp-Image-2024-04-04-at-6.24.02-PM-300x225.jpeg 300w, https:\/\/pc.sc.gov.br\/\/wp-content\/uploads\/2024\/04\/WhatsApp-Image-2024-04-04-at-6.24.02-PM-768x576.jpeg 768w, https:\/\/pc.sc.gov.br\/\/wp-content\/uploads\/2024\/04\/WhatsApp-Image-2024-04-04-at-6.24.02-PM-1536x1152.jpeg 1536w, https:\/\/pc.sc.gov.br\/\/wp-content\/uploads\/2024\/04\/WhatsApp-Image-2024-04-04-at-6.24.02-PM.jpeg 1600w\" sizes=\"(max-width: 696px) 100vw, 696px\" \/>\t\t\t\t\t\t\t\t\t\t\t\t\t\t\t<\/div>\n\t\t\t\t<\/div>\n\t\t\t\t\t<\/div>\n\t\t<\/div>\n\t\t\t\t\t<\/div>\n\t\t<\/section>\n\t\t\t\t<section class=\"elementor-section elementor-top-section elementor-element elementor-element-9e9b1e6 elementor-section-boxed elementor-section-height-default elementor-section-height-default\" data-id=\"9e9b1e6\" data-element_type=\"section\">\n\t\t\t\t\t\t<div class=\"elementor-container elementor-column-gap-default\">\n\t\t\t\t\t<div class=\"elementor-column elementor-col-100 elementor-top-column elementor-element elementor-element-b65d889\" data-id=\"b65d889\" data-element_type=\"column\">\n\t\t\t<div class=\"elementor-widget-wrap elementor-element-populated\">\n\t\t\t\t\t\t<div class=\"elementor-element elementor-element-762afc9 elementor-widget elementor-widget-text-editor\" data-id=\"762afc9\" data-element_type=\"widget\" data-widget_type=\"text-editor.default\">\n\t\t\t\t<div class=\"elementor-widget-container\">\n\t\t\t\t\t\t\t\t\t<p>Nesta quinta-feira (4), a Pol\u00edcia Civil de Santa Catarina, por meio da Delegacia de Capturas da Diretoria Estadual de Investiga\u00e7\u00f5es Criminais, prendeu em flagrante um homem pelos crimes de recepta\u00e7\u00e3o e extors\u00e3o, previstos, respectivamente, nos artigos 180 e 158 do C\u00f3digo Penal. A pris\u00e3o ocorreu por meio de solicita\u00e7\u00e3o de apoio operacional realizada pela Divis\u00e3o de Investiga\u00e7\u00e3o Criminal de S\u00e3o Louren\u00e7o do Oeste.<\/p>\n<p>O homem foi preso no interior de um shopping, na cidade de S\u00e3o Jos\u00e9, ap\u00f3s entrar em contato com a v\u00edtima pedindo resgate para efetuar a devolu\u00e7\u00e3o do aparelho celular, produto de furto. Com o homem preso, foram encontrados mais nove aparelhos celulares da marca IPhone, os quais t\u00eam origem desconhecida. Contudo, a equipe de investiga\u00e7\u00e3o constatou terem sido objeto de furto, inclusive em casas noturnas.<\/p>\n<p>O homem e os aparelhos foram conduzidos para Central de Plant\u00e3o Policial de S\u00e3o Jos\u00e9 para a lavratura do procedimento. Den\u00fancias e informa\u00e7\u00f5es relacionadas a foragidos da Justi\u00e7a podem ser encaminhadas para o e-mail deic-capturas@pc.sc.gov.br. Al\u00e9m disso, pelo&nbsp;<a href=\"https:\/\/sistemas.pc.sc.gov.br\/foragidos\/\" target=\"_blank\"><b>Portal Foragidos<\/b><\/a>&nbsp;da PCSC \u00e9 poss\u00edvel conhecer a rela\u00e7\u00e3o de procurados pela Justi\u00e7a. A Pol\u00edcia Civil de Santa Catarina garante o anonimato de quem prestar informa\u00e7\u00f5es sobre foragidos.<\/p>\t\t\t\t\t\t\t\t<\/div>\n\t\t\t\t<\/div>\n\t\t\t\t\t<\/div>\n\t\t<\/div>\n\t\t\t\t\t<\/div>\n\t\t<\/section>\n\t\t\t\t<\/div>\n\t\t","protected":false},"excerpt":{"rendered":"<p>Delegacia de Capturas da DEIC prende em flagrante homem por recepta\u00e7\u00e3o de celulares e extors\u00e3o Nesta quinta-feira (4), a Pol\u00edcia Civil de Santa Catarina, por meio da Delegacia de Capturas da Diretoria Estadual de Investiga\u00e7\u00f5es Criminais, prendeu em flagrante um homem pelos crimes de recepta\u00e7\u00e3o e extors\u00e3o, previstos, respectivamente, nos artigos 180 e 158 do [&hellip;]<\/p>\n","protected":false},"author":5,"featured_media":18941,"comment_status":"closed","ping_status":"open","sticky":false,"template":"","format":"standard","meta":{"_monsterinsights_skip_tracking":false,"_monsterinsights_sitenote_active":false,"_monsterinsights_sitenote_note":"","_monsterinsights_sitenote_category":0,"footnotes":""},"categories":[1],"tags":[],"class_list":["post-18940","post","type-post","status-publish","format-standard","has-post-thumbnail","hentry","category-sem-categoria"],"_links":{"self":[{"href":"https:\/\/pc.sc.gov.br\/index.php?rest_route=\/wp\/v2\/posts\/18940","targetHints":{"allow":["GET"]}}],"collection":[{"href":"https:\/\/pc.sc.gov.br\/index.php?rest_route=\/wp\/v2\/posts"}],"about":[{"href":"https:\/\/pc.sc.gov.br\/index.php?rest_route=\/wp\/v2\/types\/post"}],"author":[{"embeddable":true,"href":"https:\/\/pc.sc.gov.br\/index.php?rest_route=\/wp\/v2\/users\/5"}],"replies":[{"embeddable":true,"href":"https:\/\/pc.sc.gov.br\/index.php?rest_route=%2Fwp%2Fv2%2Fcomments&post=18940"}],"version-history":[{"count":4,"href":"https:\/\/pc.sc.gov.br\/index.php?rest_route=\/wp\/v2\/posts\/18940\/revisions"}],"predecessor-version":[{"id":18945,"href":"https:\/\/pc.sc.gov.br\/index.php?rest_route=\/wp\/v2\/posts\/18940\/revisions\/18945"}],"wp:featuredmedia":[{"embeddable":true,"href":"https:\/\/pc.sc.gov.br\/index.php?rest_route=\/wp\/v2\/media\/18941"}],"wp:attachment":[{"href":"https:\/\/pc.sc.gov.br\/index.php?rest_route=%2Fwp%2Fv2%2Fmedia&parent=18940"}],"wp:term":[{"taxonomy":"category","embeddable":true,"href":"https:\/\/pc.sc.gov.br\/index.php?rest_route=%2Fwp%2Fv2%2Fcategories&post=18940"},{"taxonomy":"post_tag","embeddable":true,"href":"https:\/\/pc.sc.gov.br\/index.php?rest_route=%2Fwp%2Fv2%2Ftags&post=18940"}],"curies":[{"name":"wp","href":"https:\/\/api.w.org\/{rel}","templated":true}]}}