{"id":18946,"date":"2024-04-04T19:15:29","date_gmt":"2024-04-04T22:15:29","guid":{"rendered":"https:\/\/pc.sc.gov.br\/?p=18946"},"modified":"2024-04-04T19:16:16","modified_gmt":"2024-04-04T22:16:16","slug":"policia-civil-identifica-envolvidos-em-roubos-ocorridos-em-criciuma-e-prende-um-dos-suspeitos","status":"publish","type":"post","link":"https:\/\/pc.sc.gov.br\/?p=18946","title":{"rendered":"Pol\u00edcia Civil identifica envolvidos em roubos ocorridos em Crici\u00fama e prende um dos suspeitos"},"content":{"rendered":"\t\t<div data-elementor-type=\"wp-post\" data-elementor-id=\"18946\" class=\"elementor elementor-18946\" data-elementor-post-type=\"post\">\n\t\t\t\t\t\t<section class=\"elementor-section elementor-top-section elementor-element elementor-element-115b77f elementor-section-boxed elementor-section-height-default elementor-section-height-default\" data-id=\"115b77f\" data-element_type=\"section\">\n\t\t\t\t\t\t<div class=\"elementor-container elementor-column-gap-default\">\n\t\t\t\t\t<div class=\"elementor-column elementor-col-100 elementor-top-column elementor-element elementor-element-44f231f\" data-id=\"44f231f\" data-element_type=\"column\">\n\t\t\t<div class=\"elementor-widget-wrap elementor-element-populated\">\n\t\t\t\t\t\t<div class=\"elementor-element elementor-element-1bc4424 elementor-widget elementor-widget-heading\" data-id=\"1bc4424\" data-element_type=\"widget\" data-widget_type=\"heading.default\">\n\t\t\t\t<div class=\"elementor-widget-container\">\n\t\t\t\t\t<h2 class=\"elementor-heading-title elementor-size-default\">Pol\u00edcia Civil identifica envolvidos em roubos ocorridos em Crici\u00fama e prende um dos suspeitos<\/h2>\t\t\t\t<\/div>\n\t\t\t\t<\/div>\n\t\t\t\t\t<\/div>\n\t\t<\/div>\n\t\t\t\t\t<\/div>\n\t\t<\/section>\n\t\t\t\t<section class=\"elementor-section elementor-top-section elementor-element elementor-element-858a9ae elementor-section-boxed elementor-section-height-default elementor-section-height-default\" data-id=\"858a9ae\" data-element_type=\"section\">\n\t\t\t\t\t\t<div class=\"elementor-container elementor-column-gap-default\">\n\t\t\t\t\t<div class=\"elementor-column elementor-col-100 elementor-top-column elementor-element elementor-element-406e0e5\" data-id=\"406e0e5\" data-element_type=\"column\">\n\t\t\t<div class=\"elementor-widget-wrap elementor-element-populated\">\n\t\t\t\t\t\t<div class=\"elementor-element elementor-element-b7f6879 elementor-widget elementor-widget-image\" data-id=\"b7f6879\" data-element_type=\"widget\" data-widget_type=\"image.default\">\n\t\t\t\t<div class=\"elementor-widget-container\">\n\t\t\t\t\t\t\t\t\t\t\t\t\t\t\t<img fetchpriority=\"high\" decoding=\"async\" width=\"696\" height=\"474\" src=\"https:\/\/pc.sc.gov.br\/\/wp-content\/uploads\/2023\/05\/VIATURA_000000000022-1536x1058-2-e1762278897351-1024x697.jpg\" class=\"attachment-large size-large wp-image-9267\" alt=\"\" srcset=\"https:\/\/pc.sc.gov.br\/\/wp-content\/uploads\/2023\/05\/VIATURA_000000000022-1536x1058-2-e1762278897351-1024x697.jpg 1024w, https:\/\/pc.sc.gov.br\/\/wp-content\/uploads\/2023\/05\/VIATURA_000000000022-1536x1058-2-e1762278897351-300x204.jpg 300w, https:\/\/pc.sc.gov.br\/\/wp-content\/uploads\/2023\/05\/VIATURA_000000000022-1536x1058-2-e1762278897351-768x522.jpg 768w, https:\/\/pc.sc.gov.br\/\/wp-content\/uploads\/2023\/05\/VIATURA_000000000022-1536x1058-2-e1762278897351.jpg 1270w\" sizes=\"(max-width: 696px) 100vw, 696px\" \/>\t\t\t\t\t\t\t\t\t\t\t\t\t\t\t<\/div>\n\t\t\t\t<\/div>\n\t\t\t\t\t<\/div>\n\t\t<\/div>\n\t\t\t\t\t<\/div>\n\t\t<\/section>\n\t\t\t\t<section class=\"elementor-section elementor-top-section elementor-element elementor-element-3a8b5f2 elementor-section-boxed elementor-section-height-default elementor-section-height-default\" data-id=\"3a8b5f2\" data-element_type=\"section\">\n\t\t\t\t\t\t<div class=\"elementor-container elementor-column-gap-default\">\n\t\t\t\t\t<div class=\"elementor-column elementor-col-100 elementor-top-column elementor-element elementor-element-5af6123\" data-id=\"5af6123\" data-element_type=\"column\">\n\t\t\t<div class=\"elementor-widget-wrap elementor-element-populated\">\n\t\t\t\t\t\t<div class=\"elementor-element elementor-element-65c76c4 elementor-widget elementor-widget-text-editor\" data-id=\"65c76c4\" data-element_type=\"widget\" data-widget_type=\"text-editor.default\">\n\t\t\t\t<div class=\"elementor-widget-container\">\n\t\t\t\t\t\t\t\t\t<p>A Pol\u00edcia Civil de Santa Cataria, por meio da Divis\u00e3o de Repress\u00e3o a Roubos de Crici\u00fama, finalizou investiga\u00e7\u00f5es de tr\u00eas roubos na cidade de Crici\u00fama. Tr\u00eas pessoas foram identificadas por estarem envolvidas nos roubos e em recepta\u00e7\u00e3o de produto. Os crimes ocorreram nos bairros Maria C\u00e9u e M\u00e3e Luzia, em Crici\u00fama. Dois autom\u00f3veis, uma resid\u00eancia e um com\u00e9rcio foram alvos dos criminosos.<\/p><p>Ap\u00f3s requerimento da Pol\u00edcia Civil, dois homens tiveram suas pris\u00f5es decretadas. Um deles foi preso e outro segue foragido. A terceira pessoa envolvida \u00e9 uma mulher, encontrada com objeto de um dos roubos, que foram restitu\u00eddo \u00e0 v\u00edtima.<\/p><p>Destaca-se que Crici\u00fama registra queda de 55% nos casos de roubos na cidade, em comparativo com o mesmo per\u00edodo do ano anterior (01\/jan-04\/abr).<\/p>\t\t\t\t\t\t\t\t<\/div>\n\t\t\t\t<\/div>\n\t\t\t\t\t<\/div>\n\t\t<\/div>\n\t\t\t\t\t<\/div>\n\t\t<\/section>\n\t\t\t\t<\/div>\n\t\t","protected":false},"excerpt":{"rendered":"<p>Pol\u00edcia Civil identifica envolvidos em roubos ocorridos em Crici\u00fama e prende um dos suspeitos A Pol\u00edcia Civil de Santa Cataria, por meio da Divis\u00e3o de Repress\u00e3o a Roubos de Crici\u00fama, finalizou investiga\u00e7\u00f5es de tr\u00eas roubos na cidade de Crici\u00fama. Tr\u00eas pessoas foram identificadas por estarem envolvidas nos roubos e em recepta\u00e7\u00e3o de produto. Os crimes [&hellip;]<\/p>\n","protected":false},"author":5,"featured_media":9267,"comment_status":"closed","ping_status":"open","sticky":false,"template":"","format":"standard","meta":{"_monsterinsights_skip_tracking":false,"_monsterinsights_sitenote_active":false,"_monsterinsights_sitenote_note":"","_monsterinsights_sitenote_category":0,"footnotes":""},"categories":[1],"tags":[],"class_list":["post-18946","post","type-post","status-publish","format-standard","has-post-thumbnail","hentry","category-sem-categoria"],"_links":{"self":[{"href":"https:\/\/pc.sc.gov.br\/index.php?rest_route=\/wp\/v2\/posts\/18946","targetHints":{"allow":["GET"]}}],"collection":[{"href":"https:\/\/pc.sc.gov.br\/index.php?rest_route=\/wp\/v2\/posts"}],"about":[{"href":"https:\/\/pc.sc.gov.br\/index.php?rest_route=\/wp\/v2\/types\/post"}],"author":[{"embeddable":true,"href":"https:\/\/pc.sc.gov.br\/index.php?rest_route=\/wp\/v2\/users\/5"}],"replies":[{"embeddable":true,"href":"https:\/\/pc.sc.gov.br\/index.php?rest_route=%2Fwp%2Fv2%2Fcomments&post=18946"}],"version-history":[{"count":4,"href":"https:\/\/pc.sc.gov.br\/index.php?rest_route=\/wp\/v2\/posts\/18946\/revisions"}],"predecessor-version":[{"id":18950,"href":"https:\/\/pc.sc.gov.br\/index.php?rest_route=\/wp\/v2\/posts\/18946\/revisions\/18950"}],"wp:featuredmedia":[{"embeddable":true,"href":"https:\/\/pc.sc.gov.br\/index.php?rest_route=\/wp\/v2\/media\/9267"}],"wp:attachment":[{"href":"https:\/\/pc.sc.gov.br\/index.php?rest_route=%2Fwp%2Fv2%2Fmedia&parent=18946"}],"wp:term":[{"taxonomy":"category","embeddable":true,"href":"https:\/\/pc.sc.gov.br\/index.php?rest_route=%2Fwp%2Fv2%2Fcategories&post=18946"},{"taxonomy":"post_tag","embeddable":true,"href":"https:\/\/pc.sc.gov.br\/index.php?rest_route=%2Fwp%2Fv2%2Ftags&post=18946"}],"curies":[{"name":"wp","href":"https:\/\/api.w.org\/{rel}","templated":true}]}}