{"id":18957,"date":"2024-04-04T19:41:27","date_gmt":"2024-04-04T22:41:27","guid":{"rendered":"https:\/\/pc.sc.gov.br\/?p=18957"},"modified":"2024-04-04T19:42:21","modified_gmt":"2024-04-04T22:42:21","slug":"policia-civil-deflagra-3a-fase-da-operacao-campo-santo-e-cumpre-mandados-de-busca-e-apreensao-e-prisao-preventiva-de-investigados-por-crime-de-homicidio-quintuplamente-qualificado","status":"publish","type":"post","link":"https:\/\/pc.sc.gov.br\/?p=18957","title":{"rendered":"Pol\u00edcia Civil deflagra 3\u00aa fase da opera\u00e7\u00e3o \u201cCampo Santo\u201d e cumpre mandados de busca e apreens\u00e3o e pris\u00e3o preventiva de investigados por crime de homic\u00eddio quintuplamente qualificado"},"content":{"rendered":"\t\t<div data-elementor-type=\"wp-post\" data-elementor-id=\"18957\" class=\"elementor elementor-18957\" data-elementor-post-type=\"post\">\n\t\t\t\t\t\t<section class=\"elementor-section elementor-top-section elementor-element elementor-element-8e71786 elementor-section-boxed elementor-section-height-default elementor-section-height-default\" data-id=\"8e71786\" data-element_type=\"section\">\n\t\t\t\t\t\t<div class=\"elementor-container elementor-column-gap-default\">\n\t\t\t\t\t<div class=\"elementor-column elementor-col-100 elementor-top-column elementor-element elementor-element-526c926\" data-id=\"526c926\" data-element_type=\"column\">\n\t\t\t<div class=\"elementor-widget-wrap elementor-element-populated\">\n\t\t\t\t\t\t<div class=\"elementor-element elementor-element-5f20e38 elementor-widget elementor-widget-heading\" data-id=\"5f20e38\" data-element_type=\"widget\" data-widget_type=\"heading.default\">\n\t\t\t\t<div class=\"elementor-widget-container\">\n\t\t\t\t\t<h2 class=\"elementor-heading-title elementor-size-default\">Pol\u00edcia Civil deflagra 3\u00aa fase da opera\u00e7\u00e3o \u201cCampo Santo\u201d e cumpre mandados de busca e apreens\u00e3o e pris\u00e3o preventiva de investigados por crime de homic\u00eddio quintuplamente qualificado<\/h2>\t\t\t\t<\/div>\n\t\t\t\t<\/div>\n\t\t\t\t\t<\/div>\n\t\t<\/div>\n\t\t\t\t\t<\/div>\n\t\t<\/section>\n\t\t\t\t<section class=\"elementor-section elementor-top-section elementor-element elementor-element-fa4e3b6 elementor-section-boxed elementor-section-height-default elementor-section-height-default\" data-id=\"fa4e3b6\" data-element_type=\"section\">\n\t\t\t\t\t\t<div class=\"elementor-container elementor-column-gap-default\">\n\t\t\t\t\t<div class=\"elementor-column elementor-col-100 elementor-top-column elementor-element elementor-element-4880054\" data-id=\"4880054\" data-element_type=\"column\">\n\t\t\t<div class=\"elementor-widget-wrap elementor-element-populated\">\n\t\t\t\t\t\t<div class=\"elementor-element elementor-element-3ba070a elementor-widget elementor-widget-image\" data-id=\"3ba070a\" data-element_type=\"widget\" data-widget_type=\"image.default\">\n\t\t\t\t<div class=\"elementor-widget-container\">\n\t\t\t\t\t\t\t\t\t\t\t\t\t\t\t<img fetchpriority=\"high\" decoding=\"async\" width=\"696\" height=\"928\" src=\"https:\/\/pc.sc.gov.br\/\/wp-content\/uploads\/2024\/04\/WhatsApp-Image-2024-04-04-at-7.08.16-PM-1-768x1024.jpeg\" class=\"attachment-large size-large wp-image-18959\" alt=\"\" srcset=\"https:\/\/pc.sc.gov.br\/\/wp-content\/uploads\/2024\/04\/WhatsApp-Image-2024-04-04-at-7.08.16-PM-1-768x1024.jpeg 768w, https:\/\/pc.sc.gov.br\/\/wp-content\/uploads\/2024\/04\/WhatsApp-Image-2024-04-04-at-7.08.16-PM-1-225x300.jpeg 225w, https:\/\/pc.sc.gov.br\/\/wp-content\/uploads\/2024\/04\/WhatsApp-Image-2024-04-04-at-7.08.16-PM-1.jpeg 960w\" sizes=\"(max-width: 696px) 100vw, 696px\" \/>\t\t\t\t\t\t\t\t\t\t\t\t\t\t\t<\/div>\n\t\t\t\t<\/div>\n\t\t\t\t\t<\/div>\n\t\t<\/div>\n\t\t\t\t\t<\/div>\n\t\t<\/section>\n\t\t\t\t<section class=\"elementor-section elementor-top-section elementor-element elementor-element-05f000c elementor-section-boxed elementor-section-height-default elementor-section-height-default\" data-id=\"05f000c\" data-element_type=\"section\">\n\t\t\t\t\t\t<div class=\"elementor-container elementor-column-gap-default\">\n\t\t\t\t\t<div class=\"elementor-column elementor-col-100 elementor-top-column elementor-element elementor-element-5d87abf\" data-id=\"5d87abf\" data-element_type=\"column\">\n\t\t\t<div class=\"elementor-widget-wrap elementor-element-populated\">\n\t\t\t\t\t\t<div class=\"elementor-element elementor-element-7460e06 elementor-widget elementor-widget-text-editor\" data-id=\"7460e06\" data-element_type=\"widget\" data-widget_type=\"text-editor.default\">\n\t\t\t\t<div class=\"elementor-widget-container\">\n\t\t\t\t\t\t\t\t\t<p>Nesta quinta-feira (4), a Pol\u00edcia Civil de Santa Catarina, por meio da Divis\u00e3o de Investiga\u00e7\u00e3o Criminal (DIC) de S\u00e3o Joaquim, dando continuidade a Opera\u00e7\u00e3o \u201cCampo Santo\u201d, que investiga crime de homic\u00eddio quintuplamente qualificado ocorrido no in\u00edcio do ano em S\u00e3o Joaquim, deu cumprimento a quatro mandados de busca e apreens\u00e3o e seis mandados de pris\u00e3o preventiva, em desfavor dos acusados, sendo que quatro destes indiv\u00edduos j\u00e1 se encontravam presos temporariamente. A a\u00e7\u00e3o contou com o apoio das Delegacias da Regional de S\u00e3o Joaquim e da Divis\u00e3o de Investiga\u00e7\u00e3o Criminal de Lages.<\/p><p>Por ocasi\u00e3o do cumprimento das medidas cautelares (buscas e pris\u00f5es) de hoje, foi encontrada e aprendida uma quantidade consider\u00e1vel de drogas (coca\u00edna e crack) na posse de um dos conduzidos, o qual foi autuado em flagrante delito pelo crime de tr\u00e1fico de drogas.<\/p><p>Ao todo foram tr\u00eas meses de investiga\u00e7\u00e3o, visando apurar toda din\u00e2mica e a completa elucida\u00e7\u00e3o dos fatos, que resultaram, al\u00e9m da pris\u00e3o de todos os envolvidos, no cumprimento de 16 mandados de buscas e apreens\u00f5es e dois flagrantes pelos crimes de tr\u00e1fico de drogas.<\/p><p>Com as duas pris\u00f5es de hoje, ao todo, foram presos seis indiv\u00edduos que participaram do crime. Cumpre salientar que foram identificados, indiciados e presos os mandantes, executores e os que entregaram as armas para que o crime fosse realizado.<\/p><p>Al\u00e9m do crime de homic\u00eddio qualificado, os investigados responder\u00e3o tamb\u00e9m pelo crime de integrar organiza\u00e7\u00e3o criminosa.<\/p>\t\t\t\t\t\t\t\t<\/div>\n\t\t\t\t<\/div>\n\t\t\t\t\t<\/div>\n\t\t<\/div>\n\t\t\t\t\t<\/div>\n\t\t<\/section>\n\t\t\t\t<\/div>\n\t\t","protected":false},"excerpt":{"rendered":"<p>Pol\u00edcia Civil deflagra 3\u00aa fase da opera\u00e7\u00e3o \u201cCampo Santo\u201d e cumpre mandados de busca e apreens\u00e3o e pris\u00e3o preventiva de investigados por crime de homic\u00eddio quintuplamente qualificado Nesta quinta-feira (4), a Pol\u00edcia Civil de Santa Catarina, por meio da Divis\u00e3o de Investiga\u00e7\u00e3o Criminal (DIC) de S\u00e3o Joaquim, dando continuidade a Opera\u00e7\u00e3o \u201cCampo Santo\u201d, que investiga [&hellip;]<\/p>\n","protected":false},"author":5,"featured_media":18958,"comment_status":"closed","ping_status":"open","sticky":false,"template":"","format":"standard","meta":{"_monsterinsights_skip_tracking":false,"_monsterinsights_sitenote_active":false,"_monsterinsights_sitenote_note":"","_monsterinsights_sitenote_category":0,"footnotes":""},"categories":[1],"tags":[],"class_list":["post-18957","post","type-post","status-publish","format-standard","has-post-thumbnail","hentry","category-sem-categoria"],"_links":{"self":[{"href":"https:\/\/pc.sc.gov.br\/index.php?rest_route=\/wp\/v2\/posts\/18957","targetHints":{"allow":["GET"]}}],"collection":[{"href":"https:\/\/pc.sc.gov.br\/index.php?rest_route=\/wp\/v2\/posts"}],"about":[{"href":"https:\/\/pc.sc.gov.br\/index.php?rest_route=\/wp\/v2\/types\/post"}],"author":[{"embeddable":true,"href":"https:\/\/pc.sc.gov.br\/index.php?rest_route=\/wp\/v2\/users\/5"}],"replies":[{"embeddable":true,"href":"https:\/\/pc.sc.gov.br\/index.php?rest_route=%2Fwp%2Fv2%2Fcomments&post=18957"}],"version-history":[{"count":4,"href":"https:\/\/pc.sc.gov.br\/index.php?rest_route=\/wp\/v2\/posts\/18957\/revisions"}],"predecessor-version":[{"id":18963,"href":"https:\/\/pc.sc.gov.br\/index.php?rest_route=\/wp\/v2\/posts\/18957\/revisions\/18963"}],"wp:featuredmedia":[{"embeddable":true,"href":"https:\/\/pc.sc.gov.br\/index.php?rest_route=\/wp\/v2\/media\/18958"}],"wp:attachment":[{"href":"https:\/\/pc.sc.gov.br\/index.php?rest_route=%2Fwp%2Fv2%2Fmedia&parent=18957"}],"wp:term":[{"taxonomy":"category","embeddable":true,"href":"https:\/\/pc.sc.gov.br\/index.php?rest_route=%2Fwp%2Fv2%2Fcategories&post=18957"},{"taxonomy":"post_tag","embeddable":true,"href":"https:\/\/pc.sc.gov.br\/index.php?rest_route=%2Fwp%2Fv2%2Ftags&post=18957"}],"curies":[{"name":"wp","href":"https:\/\/api.w.org\/{rel}","templated":true}]}}