{"id":18964,"date":"2024-04-04T19:58:10","date_gmt":"2024-04-04T22:58:10","guid":{"rendered":"https:\/\/pc.sc.gov.br\/?p=18964"},"modified":"2024-04-04T19:59:24","modified_gmt":"2024-04-04T22:59:24","slug":"policia-civil-prende-em-flagrante-homem-por-maus-tratos-qualificado-contra-cadelas-da-raca-pitbull-em-palhoca","status":"publish","type":"post","link":"https:\/\/pc.sc.gov.br\/?p=18964","title":{"rendered":"Pol\u00edcia Civil prende em flagrante homem por maus-tratos qualificado contra cadelas da ra\u00e7a pitbull em Palho\u00e7a"},"content":{"rendered":"\t\t<div data-elementor-type=\"wp-post\" data-elementor-id=\"18964\" class=\"elementor elementor-18964\" data-elementor-post-type=\"post\">\n\t\t\t\t\t\t<section class=\"elementor-section elementor-top-section elementor-element elementor-element-b25400b elementor-section-boxed elementor-section-height-default elementor-section-height-default\" data-id=\"b25400b\" data-element_type=\"section\">\n\t\t\t\t\t\t<div class=\"elementor-container elementor-column-gap-default\">\n\t\t\t\t\t<div class=\"elementor-column elementor-col-100 elementor-top-column elementor-element elementor-element-10fba2c\" data-id=\"10fba2c\" data-element_type=\"column\">\n\t\t\t<div class=\"elementor-widget-wrap elementor-element-populated\">\n\t\t\t\t\t\t<div class=\"elementor-element elementor-element-3011205 elementor-widget elementor-widget-heading\" data-id=\"3011205\" data-element_type=\"widget\" data-widget_type=\"heading.default\">\n\t\t\t\t<div class=\"elementor-widget-container\">\n\t\t\t\t\t<h2 class=\"elementor-heading-title elementor-size-default\">Pol\u00edcia Civil prende em flagrante homem por maus-tratos qualificado contra cadelas da ra\u00e7a pitbull em Palho\u00e7a<\/h2>\t\t\t\t<\/div>\n\t\t\t\t<\/div>\n\t\t\t\t\t<\/div>\n\t\t<\/div>\n\t\t\t\t\t<\/div>\n\t\t<\/section>\n\t\t\t\t<section class=\"elementor-section elementor-top-section elementor-element elementor-element-0992f0c elementor-section-boxed elementor-section-height-default elementor-section-height-default\" data-id=\"0992f0c\" data-element_type=\"section\">\n\t\t\t\t\t\t<div class=\"elementor-container elementor-column-gap-default\">\n\t\t\t\t\t<div class=\"elementor-column elementor-col-100 elementor-top-column elementor-element elementor-element-437c422\" data-id=\"437c422\" data-element_type=\"column\">\n\t\t\t<div class=\"elementor-widget-wrap elementor-element-populated\">\n\t\t\t\t\t\t<div class=\"elementor-element elementor-element-7a453dd elementor-widget elementor-widget-image\" data-id=\"7a453dd\" data-element_type=\"widget\" data-widget_type=\"image.default\">\n\t\t\t\t<div class=\"elementor-widget-container\">\n\t\t\t\t\t\t\t\t\t\t\t\t\t\t\t<img fetchpriority=\"high\" decoding=\"async\" width=\"696\" height=\"561\" src=\"https:\/\/pc.sc.gov.br\/\/wp-content\/uploads\/2024\/04\/WhatsApp-Image-2024-04-04-at-7.57.01-PM-1024x825.jpeg\" class=\"attachment-large size-large wp-image-18967\" alt=\"\" srcset=\"https:\/\/pc.sc.gov.br\/\/wp-content\/uploads\/2024\/04\/WhatsApp-Image-2024-04-04-at-7.57.01-PM-1024x825.jpeg 1024w, https:\/\/pc.sc.gov.br\/\/wp-content\/uploads\/2024\/04\/WhatsApp-Image-2024-04-04-at-7.57.01-PM-300x242.jpeg 300w, https:\/\/pc.sc.gov.br\/\/wp-content\/uploads\/2024\/04\/WhatsApp-Image-2024-04-04-at-7.57.01-PM-768x619.jpeg 768w, https:\/\/pc.sc.gov.br\/\/wp-content\/uploads\/2024\/04\/WhatsApp-Image-2024-04-04-at-7.57.01-PM.jpeg 1242w\" sizes=\"(max-width: 696px) 100vw, 696px\" \/>\t\t\t\t\t\t\t\t\t\t\t\t\t\t\t<\/div>\n\t\t\t\t<\/div>\n\t\t\t\t\t<\/div>\n\t\t<\/div>\n\t\t\t\t\t<\/div>\n\t\t<\/section>\n\t\t\t\t<section class=\"elementor-section elementor-top-section elementor-element elementor-element-fd87dbe elementor-section-boxed elementor-section-height-default elementor-section-height-default\" data-id=\"fd87dbe\" data-element_type=\"section\">\n\t\t\t\t\t\t<div class=\"elementor-container elementor-column-gap-default\">\n\t\t\t\t\t<div class=\"elementor-column elementor-col-100 elementor-top-column elementor-element elementor-element-b041a2c\" data-id=\"b041a2c\" data-element_type=\"column\">\n\t\t\t<div class=\"elementor-widget-wrap elementor-element-populated\">\n\t\t\t\t\t\t<div class=\"elementor-element elementor-element-79348b2 elementor-widget elementor-widget-text-editor\" data-id=\"79348b2\" data-element_type=\"widget\" data-widget_type=\"text-editor.default\">\n\t\t\t\t<div class=\"elementor-widget-container\">\n\t\t\t\t\t\t\t\t\t<p>A Pol\u00edcia Civil do Estado de Santa Catarina, por meio da Delegacia de Prote\u00e7\u00e3o a Animais Dom\u00e9sticos do Departamento de Investiga\u00e7\u00e3o Criminal da Capital (DPA\/DIC), em opera\u00e7\u00e3o conjunta com a Diretoria de Bem-Estar Animal de Palho\u00e7a, prendeu em flagrante um homem pelo crime de maus-tratos qualificado contra cadelas da ra\u00e7a pitbull, em Palho\u00e7a.<\/p><p>As den\u00fancias mencionavam que duas cachorras da ra\u00e7a pitbull eram mantidas em p\u00e9ssimas condi\u00e7\u00f5es de sa\u00fade e de salubridade, sem \u00e1gua e alimenta\u00e7\u00e3o adequada, bem como sem castra\u00e7\u00e3o, conforme determina a Lei Estadual n\u00ba 14.204\/2007.<\/p><p>Ap\u00f3s algumas dilig\u00eancias de fiscaliza\u00e7\u00e3o, o tutor apresentou resist\u00eancia \u00e0s determina\u00e7\u00f5es do \u00f3rg\u00e3o municipal, em especial quanto \u00e0 obrigatoriedade de castra\u00e7\u00e3o dos animais. Nesta data, as equipes retornaram ao local, constatando que a situa\u00e7\u00e3o havia piorado, pois, al\u00e9m de o ambiente estar inadequado, uma das f\u00eameas apresentava baixo escore corporal e les\u00f5es compat\u00edveis com tumores, sem tratamento. O homem foi preso em flagrante pelo crime de maus-tratos qualificado a animais.<\/p><p>As cadelas encontram-se com fiel deposit\u00e1rio at\u00e9 o encaminhamento para ado\u00e7\u00e3o respons\u00e1vel. Formalizado o procedimento criminal na Central de Plant\u00e3o Policial de Palho\u00e7a, o preso permaneceu \u00e0 disposi\u00e7\u00e3o do Poder Judici\u00e1rio.<\/p>\t\t\t\t\t\t\t\t<\/div>\n\t\t\t\t<\/div>\n\t\t\t\t\t<\/div>\n\t\t<\/div>\n\t\t\t\t\t<\/div>\n\t\t<\/section>\n\t\t\t\t<section class=\"elementor-section elementor-top-section elementor-element elementor-element-f80e4d2 elementor-section-boxed elementor-section-height-default elementor-section-height-default\" data-id=\"f80e4d2\" data-element_type=\"section\">\n\t\t\t\t\t\t<div class=\"elementor-container elementor-column-gap-default\">\n\t\t\t\t\t<div class=\"elementor-column elementor-col-100 elementor-top-column elementor-element elementor-element-b294128\" data-id=\"b294128\" data-element_type=\"column\">\n\t\t\t<div class=\"elementor-widget-wrap elementor-element-populated\">\n\t\t\t\t\t\t<div class=\"elementor-element elementor-element-e25e80a elementor-widget elementor-widget-image\" data-id=\"e25e80a\" data-element_type=\"widget\" data-widget_type=\"image.default\">\n\t\t\t\t<div class=\"elementor-widget-container\">\n\t\t\t\t\t\t\t\t\t\t\t\t\t\t\t<img decoding=\"async\" width=\"696\" height=\"432\" src=\"https:\/\/pc.sc.gov.br\/\/wp-content\/uploads\/2024\/04\/WhatsApp-Image-2024-04-04-at-7.57.00-PM-1024x636.jpeg\" class=\"attachment-large size-large wp-image-18965\" alt=\"\" srcset=\"https:\/\/pc.sc.gov.br\/\/wp-content\/uploads\/2024\/04\/WhatsApp-Image-2024-04-04-at-7.57.00-PM-1024x636.jpeg 1024w, https:\/\/pc.sc.gov.br\/\/wp-content\/uploads\/2024\/04\/WhatsApp-Image-2024-04-04-at-7.57.00-PM-300x186.jpeg 300w, https:\/\/pc.sc.gov.br\/\/wp-content\/uploads\/2024\/04\/WhatsApp-Image-2024-04-04-at-7.57.00-PM-768x477.jpeg 768w, https:\/\/pc.sc.gov.br\/\/wp-content\/uploads\/2024\/04\/WhatsApp-Image-2024-04-04-at-7.57.00-PM.jpeg 1242w\" sizes=\"(max-width: 696px) 100vw, 696px\" \/>\t\t\t\t\t\t\t\t\t\t\t\t\t\t\t<\/div>\n\t\t\t\t<\/div>\n\t\t\t\t\t<\/div>\n\t\t<\/div>\n\t\t\t\t\t<\/div>\n\t\t<\/section>\n\t\t\t\t<\/div>\n\t\t","protected":false},"excerpt":{"rendered":"<p>Pol\u00edcia Civil prende em flagrante homem por maus-tratos qualificado contra cadelas da ra\u00e7a pitbull em Palho\u00e7a A Pol\u00edcia Civil do Estado de Santa Catarina, por meio da Delegacia de Prote\u00e7\u00e3o a Animais Dom\u00e9sticos do Departamento de Investiga\u00e7\u00e3o Criminal da Capital (DPA\/DIC), em opera\u00e7\u00e3o conjunta com a Diretoria de Bem-Estar Animal de Palho\u00e7a, prendeu em flagrante [&hellip;]<\/p>\n","protected":false},"author":5,"featured_media":18965,"comment_status":"closed","ping_status":"open","sticky":false,"template":"","format":"standard","meta":{"_monsterinsights_skip_tracking":false,"_monsterinsights_sitenote_active":false,"_monsterinsights_sitenote_note":"","_monsterinsights_sitenote_category":0,"footnotes":""},"categories":[1],"tags":[],"class_list":["post-18964","post","type-post","status-publish","format-standard","has-post-thumbnail","hentry","category-sem-categoria"],"_links":{"self":[{"href":"https:\/\/pc.sc.gov.br\/index.php?rest_route=\/wp\/v2\/posts\/18964","targetHints":{"allow":["GET"]}}],"collection":[{"href":"https:\/\/pc.sc.gov.br\/index.php?rest_route=\/wp\/v2\/posts"}],"about":[{"href":"https:\/\/pc.sc.gov.br\/index.php?rest_route=\/wp\/v2\/types\/post"}],"author":[{"embeddable":true,"href":"https:\/\/pc.sc.gov.br\/index.php?rest_route=\/wp\/v2\/users\/5"}],"replies":[{"embeddable":true,"href":"https:\/\/pc.sc.gov.br\/index.php?rest_route=%2Fwp%2Fv2%2Fcomments&post=18964"}],"version-history":[{"count":7,"href":"https:\/\/pc.sc.gov.br\/index.php?rest_route=\/wp\/v2\/posts\/18964\/revisions"}],"predecessor-version":[{"id":18973,"href":"https:\/\/pc.sc.gov.br\/index.php?rest_route=\/wp\/v2\/posts\/18964\/revisions\/18973"}],"wp:featuredmedia":[{"embeddable":true,"href":"https:\/\/pc.sc.gov.br\/index.php?rest_route=\/wp\/v2\/media\/18965"}],"wp:attachment":[{"href":"https:\/\/pc.sc.gov.br\/index.php?rest_route=%2Fwp%2Fv2%2Fmedia&parent=18964"}],"wp:term":[{"taxonomy":"category","embeddable":true,"href":"https:\/\/pc.sc.gov.br\/index.php?rest_route=%2Fwp%2Fv2%2Fcategories&post=18964"},{"taxonomy":"post_tag","embeddable":true,"href":"https:\/\/pc.sc.gov.br\/index.php?rest_route=%2Fwp%2Fv2%2Ftags&post=18964"}],"curies":[{"name":"wp","href":"https:\/\/api.w.org\/{rel}","templated":true}]}}