{"id":18980,"date":"2024-04-08T13:45:44","date_gmt":"2024-04-08T16:45:44","guid":{"rendered":"https:\/\/pc.sc.gov.br\/?p=18980"},"modified":"2024-04-08T13:46:46","modified_gmt":"2024-04-08T16:46:46","slug":"policia-civil-deflagra-operacao-tio-patinhas-apreende-droga-e-veiculos-de-luxo-e-prende-duas-pessoas-em-flagrante","status":"publish","type":"post","link":"https:\/\/pc.sc.gov.br\/?p=18980","title":{"rendered":"Pol\u00edcia Civil deflagra opera\u00e7\u00e3o \u201cTio Patinhas\u201d, apreende droga e ve\u00edculos de luxo e prende duas pessoas em flagrante"},"content":{"rendered":"\t\t<div data-elementor-type=\"wp-post\" data-elementor-id=\"18980\" class=\"elementor elementor-18980\" data-elementor-post-type=\"post\">\n\t\t\t\t\t\t<section class=\"elementor-section elementor-top-section elementor-element elementor-element-b484507 elementor-section-boxed elementor-section-height-default elementor-section-height-default\" data-id=\"b484507\" data-element_type=\"section\">\n\t\t\t\t\t\t<div class=\"elementor-container elementor-column-gap-default\">\n\t\t\t\t\t<div class=\"elementor-column elementor-col-100 elementor-top-column elementor-element elementor-element-c937877\" data-id=\"c937877\" data-element_type=\"column\">\n\t\t\t<div class=\"elementor-widget-wrap elementor-element-populated\">\n\t\t\t\t\t\t<div class=\"elementor-element elementor-element-3302cff elementor-widget elementor-widget-heading\" data-id=\"3302cff\" data-element_type=\"widget\" data-widget_type=\"heading.default\">\n\t\t\t\t<div class=\"elementor-widget-container\">\n\t\t\t\t\t<h2 class=\"elementor-heading-title elementor-size-default\">Pol\u00edcia Civil deflagra opera\u00e7\u00e3o \u201cTio Patinhas\u201d, apreende droga e ve\u00edculos de luxo e prende duas pessoas em flagrante <\/h2>\t\t\t\t<\/div>\n\t\t\t\t<\/div>\n\t\t\t\t\t<\/div>\n\t\t<\/div>\n\t\t\t\t\t<\/div>\n\t\t<\/section>\n\t\t\t\t<section class=\"elementor-section elementor-top-section elementor-element elementor-element-24771f4 elementor-section-boxed elementor-section-height-default elementor-section-height-default\" data-id=\"24771f4\" data-element_type=\"section\">\n\t\t\t\t\t\t<div class=\"elementor-container elementor-column-gap-default\">\n\t\t\t\t\t<div class=\"elementor-column elementor-col-100 elementor-top-column elementor-element elementor-element-e05a5ee\" data-id=\"e05a5ee\" data-element_type=\"column\">\n\t\t\t<div class=\"elementor-widget-wrap elementor-element-populated\">\n\t\t\t\t\t\t<div class=\"elementor-element elementor-element-3c778ae elementor-widget elementor-widget-image\" data-id=\"3c778ae\" data-element_type=\"widget\" data-widget_type=\"image.default\">\n\t\t\t\t<div class=\"elementor-widget-container\">\n\t\t\t\t\t\t\t\t\t\t\t\t\t\t\t<img fetchpriority=\"high\" decoding=\"async\" width=\"696\" height=\"306\" src=\"https:\/\/pc.sc.gov.br\/\/wp-content\/uploads\/2024\/04\/WhatsApp-Image-2024-04-07-at-15.08.05-1024x450.jpeg\" class=\"attachment-large size-large wp-image-18983\" alt=\"\" srcset=\"https:\/\/pc.sc.gov.br\/\/wp-content\/uploads\/2024\/04\/WhatsApp-Image-2024-04-07-at-15.08.05-1024x450.jpeg 1024w, https:\/\/pc.sc.gov.br\/\/wp-content\/uploads\/2024\/04\/WhatsApp-Image-2024-04-07-at-15.08.05-300x132.jpeg 300w, https:\/\/pc.sc.gov.br\/\/wp-content\/uploads\/2024\/04\/WhatsApp-Image-2024-04-07-at-15.08.05-768x338.jpeg 768w, https:\/\/pc.sc.gov.br\/\/wp-content\/uploads\/2024\/04\/WhatsApp-Image-2024-04-07-at-15.08.05.jpeg 1183w\" sizes=\"(max-width: 696px) 100vw, 696px\" \/>\t\t\t\t\t\t\t\t\t\t\t\t\t\t\t<\/div>\n\t\t\t\t<\/div>\n\t\t\t\t\t<\/div>\n\t\t<\/div>\n\t\t\t\t\t<\/div>\n\t\t<\/section>\n\t\t\t\t<section class=\"elementor-section elementor-top-section elementor-element elementor-element-bfda54b elementor-section-boxed elementor-section-height-default elementor-section-height-default\" data-id=\"bfda54b\" data-element_type=\"section\">\n\t\t\t\t\t\t<div class=\"elementor-container elementor-column-gap-default\">\n\t\t\t\t\t<div class=\"elementor-column elementor-col-100 elementor-top-column elementor-element elementor-element-b679797\" data-id=\"b679797\" data-element_type=\"column\">\n\t\t\t<div class=\"elementor-widget-wrap elementor-element-populated\">\n\t\t\t\t\t\t<div class=\"elementor-element elementor-element-f11d1a1 elementor-widget elementor-widget-text-editor\" data-id=\"f11d1a1\" data-element_type=\"widget\" data-widget_type=\"text-editor.default\">\n\t\t\t\t<div class=\"elementor-widget-container\">\n\t\t\t\t\t\t\t\t\t<p>A Policia Civil de Santa Catarina, por meio da Delegacia de Repress\u00e3o ao Crime Organizado da Diretoria Estadual de Investiga\u00e7\u00f5es Criminais (Draco\/Deic), com o apoio N\u00facleo de Opera\u00e7\u00f5es com C\u00e3es, deflagrou opera\u00e7\u00e3o policial \u201cTio Patinhas\u201d para o cumprimento de nove mandados de busca e apreens\u00e3o nos munic\u00edpios de Palho\u00e7a e S\u00e3o Jos\u00e9.<\/p><p>Ap\u00f3s quinze dias de investiga\u00e7\u00e3o, equipes da Draco\/Deic passaram a monitorar duas resid\u00eancias na cidade de Palho\u00e7a utilizadas como ponto de negocia\u00e7\u00e3o de drogas. Diante das informa\u00e7\u00f5es coletadas, representou-se pela expedi\u00e7\u00e3o dos mandados de busca e apreens\u00e3o que foram deferidos pela Ju\u00edza do Plant\u00e3o Judici\u00e1rio Regional de S\u00e3o Jos\u00e9, ap\u00f3s parecer favor\u00e1vel do Minist\u00e9rio P\u00fablico.<\/p><p>No s\u00e1bado (6), ap\u00f3s monitoramento dos alvos, foi dado in\u00edcio \u00e0 opera\u00e7\u00e3o sendo cumprido parte dos mandados de busca e apreens\u00e3o e, em uma das resid\u00eancias, foram apreendidos 40 kg de maconha.<\/p><p>J\u00e1 em outro im\u00f3vel, onde ocorria uma negocia\u00e7\u00e3o de drogas, foram presos em flagrante dois homens com drogas, sendo apreendidos tr\u00eas ve\u00edculos, que juntos est\u00e3o avaliados em cerca de R$ 1.500.000,00, sendo um Jaguar, uma Porsche Cayenne e um HB20.<\/p><p>Um dos homens presos \u00e9 o principal alvo da investiga\u00e7\u00e3o, o qual ostenta uma vida de luxo, residindo em um im\u00f3vel de cerca de R$ 3.000.000,00, al\u00e9m de fazer uso de v\u00e1rios ve\u00edculos importados. Somado a isso, em sua resid\u00eancia foram observadas v\u00e1rias imagens do personagem Tio Patinhas, fazendo alus\u00e3o \u00e0 riqueza ostentada.<\/p><p>Na manh\u00e3 desse domingo (7), foram cumpridas as demais ordens judiciais nos endere\u00e7os restantes, ocasi\u00e3o em que foram apreendidos telefones e objetos relacionados \u00e0 investiga\u00e7\u00e3o, que, agora, prossegue com o intuito de identificar todos os envolvidos nesse esquema criminoso de abastecimento de drogas na regi\u00e3o de Palho\u00e7a.<\/p>\t\t\t\t\t\t\t\t<\/div>\n\t\t\t\t<\/div>\n\t\t\t\t\t<\/div>\n\t\t<\/div>\n\t\t\t\t\t<\/div>\n\t\t<\/section>\n\t\t\t\t<section class=\"elementor-section elementor-top-section elementor-element elementor-element-c06bf35 elementor-section-boxed elementor-section-height-default elementor-section-height-default\" data-id=\"c06bf35\" data-element_type=\"section\">\n\t\t\t\t\t\t<div class=\"elementor-container elementor-column-gap-default\">\n\t\t\t\t\t<div class=\"elementor-column elementor-col-100 elementor-top-column elementor-element elementor-element-19c1448\" data-id=\"19c1448\" data-element_type=\"column\">\n\t\t\t<div class=\"elementor-widget-wrap elementor-element-populated\">\n\t\t\t\t\t\t<div class=\"elementor-element elementor-element-66943e4 elementor-widget elementor-widget-image\" data-id=\"66943e4\" data-element_type=\"widget\" data-widget_type=\"image.default\">\n\t\t\t\t<div class=\"elementor-widget-container\">\n\t\t\t\t\t\t\t\t\t\t\t\t\t\t\t<img decoding=\"async\" width=\"696\" height=\"522\" src=\"https:\/\/pc.sc.gov.br\/\/wp-content\/uploads\/2024\/04\/WhatsApp-Image-2024-04-07-at-14.59.58-1-1024x768.jpeg\" class=\"attachment-large size-large wp-image-18981\" alt=\"\" srcset=\"https:\/\/pc.sc.gov.br\/\/wp-content\/uploads\/2024\/04\/WhatsApp-Image-2024-04-07-at-14.59.58-1-1024x768.jpeg 1024w, https:\/\/pc.sc.gov.br\/\/wp-content\/uploads\/2024\/04\/WhatsApp-Image-2024-04-07-at-14.59.58-1-300x225.jpeg 300w, https:\/\/pc.sc.gov.br\/\/wp-content\/uploads\/2024\/04\/WhatsApp-Image-2024-04-07-at-14.59.58-1-768x576.jpeg 768w, https:\/\/pc.sc.gov.br\/\/wp-content\/uploads\/2024\/04\/WhatsApp-Image-2024-04-07-at-14.59.58-1-1536x1152.jpeg 1536w, https:\/\/pc.sc.gov.br\/\/wp-content\/uploads\/2024\/04\/WhatsApp-Image-2024-04-07-at-14.59.58-1.jpeg 1600w\" sizes=\"(max-width: 696px) 100vw, 696px\" \/>\t\t\t\t\t\t\t\t\t\t\t\t\t\t\t<\/div>\n\t\t\t\t<\/div>\n\t\t\t\t\t<\/div>\n\t\t<\/div>\n\t\t\t\t\t<\/div>\n\t\t<\/section>\n\t\t\t\t<section class=\"elementor-section elementor-top-section elementor-element elementor-element-b6ffd2c elementor-section-boxed elementor-section-height-default elementor-section-height-default\" data-id=\"b6ffd2c\" data-element_type=\"section\">\n\t\t\t\t\t\t<div class=\"elementor-container elementor-column-gap-default\">\n\t\t\t\t\t<div class=\"elementor-column elementor-col-100 elementor-top-column elementor-element elementor-element-38ba094\" data-id=\"38ba094\" data-element_type=\"column\">\n\t\t\t<div class=\"elementor-widget-wrap elementor-element-populated\">\n\t\t\t\t\t\t<div class=\"elementor-element elementor-element-bacffb0 elementor-widget elementor-widget-image\" data-id=\"bacffb0\" data-element_type=\"widget\" data-widget_type=\"image.default\">\n\t\t\t\t<div class=\"elementor-widget-container\">\n\t\t\t\t\t\t\t\t\t\t\t\t\t\t\t<img decoding=\"async\" width=\"580\" height=\"783\" src=\"https:\/\/pc.sc.gov.br\/\/wp-content\/uploads\/2024\/04\/WhatsApp-Image-2024-04-07-at-14.59.58.jpeg\" class=\"attachment-large size-large wp-image-18982\" alt=\"\" srcset=\"https:\/\/pc.sc.gov.br\/\/wp-content\/uploads\/2024\/04\/WhatsApp-Image-2024-04-07-at-14.59.58.jpeg 580w, https:\/\/pc.sc.gov.br\/\/wp-content\/uploads\/2024\/04\/WhatsApp-Image-2024-04-07-at-14.59.58-222x300.jpeg 222w\" sizes=\"(max-width: 580px) 100vw, 580px\" \/>\t\t\t\t\t\t\t\t\t\t\t\t\t\t\t<\/div>\n\t\t\t\t<\/div>\n\t\t\t\t\t<\/div>\n\t\t<\/div>\n\t\t\t\t\t<\/div>\n\t\t<\/section>\n\t\t\t\t<\/div>\n\t\t","protected":false},"excerpt":{"rendered":"<p>Pol\u00edcia Civil deflagra opera\u00e7\u00e3o \u201cTio Patinhas\u201d, apreende droga e ve\u00edculos de luxo e prende duas pessoas em flagrante A Policia Civil de Santa Catarina, por meio da Delegacia de Repress\u00e3o ao Crime Organizado da Diretoria Estadual de Investiga\u00e7\u00f5es Criminais (Draco\/Deic), com o apoio N\u00facleo de Opera\u00e7\u00f5es com C\u00e3es, deflagrou opera\u00e7\u00e3o policial \u201cTio Patinhas\u201d para o [&hellip;]<\/p>\n","protected":false},"author":5,"featured_media":18983,"comment_status":"closed","ping_status":"open","sticky":false,"template":"","format":"standard","meta":{"_monsterinsights_skip_tracking":false,"_monsterinsights_sitenote_active":false,"_monsterinsights_sitenote_note":"","_monsterinsights_sitenote_category":0,"footnotes":""},"categories":[1],"tags":[],"class_list":["post-18980","post","type-post","status-publish","format-standard","has-post-thumbnail","hentry","category-sem-categoria"],"_links":{"self":[{"href":"https:\/\/pc.sc.gov.br\/index.php?rest_route=\/wp\/v2\/posts\/18980","targetHints":{"allow":["GET"]}}],"collection":[{"href":"https:\/\/pc.sc.gov.br\/index.php?rest_route=\/wp\/v2\/posts"}],"about":[{"href":"https:\/\/pc.sc.gov.br\/index.php?rest_route=\/wp\/v2\/types\/post"}],"author":[{"embeddable":true,"href":"https:\/\/pc.sc.gov.br\/index.php?rest_route=\/wp\/v2\/users\/5"}],"replies":[{"embeddable":true,"href":"https:\/\/pc.sc.gov.br\/index.php?rest_route=%2Fwp%2Fv2%2Fcomments&post=18980"}],"version-history":[{"count":4,"href":"https:\/\/pc.sc.gov.br\/index.php?rest_route=\/wp\/v2\/posts\/18980\/revisions"}],"predecessor-version":[{"id":18987,"href":"https:\/\/pc.sc.gov.br\/index.php?rest_route=\/wp\/v2\/posts\/18980\/revisions\/18987"}],"wp:featuredmedia":[{"embeddable":true,"href":"https:\/\/pc.sc.gov.br\/index.php?rest_route=\/wp\/v2\/media\/18983"}],"wp:attachment":[{"href":"https:\/\/pc.sc.gov.br\/index.php?rest_route=%2Fwp%2Fv2%2Fmedia&parent=18980"}],"wp:term":[{"taxonomy":"category","embeddable":true,"href":"https:\/\/pc.sc.gov.br\/index.php?rest_route=%2Fwp%2Fv2%2Fcategories&post=18980"},{"taxonomy":"post_tag","embeddable":true,"href":"https:\/\/pc.sc.gov.br\/index.php?rest_route=%2Fwp%2Fv2%2Ftags&post=18980"}],"curies":[{"name":"wp","href":"https:\/\/api.w.org\/{rel}","templated":true}]}}