{"id":18988,"date":"2024-04-08T17:45:17","date_gmt":"2024-04-08T20:45:17","guid":{"rendered":"https:\/\/pc.sc.gov.br\/?p=18988"},"modified":"2024-04-08T17:51:37","modified_gmt":"2024-04-08T20:51:37","slug":"policia-civil-prende-suspeito-de-ter-abusado-de-cinco-meninas-incluindo-a-propria-filha","status":"publish","type":"post","link":"https:\/\/pc.sc.gov.br\/?p=18988","title":{"rendered":"Pol\u00edcia Civil prende suspeito de ter abusado de cinco meninas, incluindo a pr\u00f3pria filha"},"content":{"rendered":"\t\t<div data-elementor-type=\"wp-post\" data-elementor-id=\"18988\" class=\"elementor elementor-18988\" data-elementor-post-type=\"post\">\n\t\t\t\t\t\t<section class=\"elementor-section elementor-top-section elementor-element elementor-element-56f0e05 elementor-section-boxed elementor-section-height-default elementor-section-height-default\" data-id=\"56f0e05\" data-element_type=\"section\">\n\t\t\t\t\t\t<div class=\"elementor-container elementor-column-gap-default\">\n\t\t\t\t\t<div class=\"elementor-column elementor-col-100 elementor-top-column elementor-element elementor-element-eff2fa4\" data-id=\"eff2fa4\" data-element_type=\"column\">\n\t\t\t<div class=\"elementor-widget-wrap elementor-element-populated\">\n\t\t\t\t\t\t<div class=\"elementor-element elementor-element-76041ff elementor-widget elementor-widget-heading\" data-id=\"76041ff\" data-element_type=\"widget\" data-widget_type=\"heading.default\">\n\t\t\t\t<div class=\"elementor-widget-container\">\n\t\t\t\t\t<h2 class=\"elementor-heading-title elementor-size-default\">Pol\u00edcia Civil prende suspeito de ter abusado de cinco meninas, incluindo a pr\u00f3pria filha<\/h2>\t\t\t\t<\/div>\n\t\t\t\t<\/div>\n\t\t\t\t\t<\/div>\n\t\t<\/div>\n\t\t\t\t\t<\/div>\n\t\t<\/section>\n\t\t\t\t<section class=\"elementor-section elementor-top-section elementor-element elementor-element-1a66cf4 elementor-section-boxed elementor-section-height-default elementor-section-height-default\" data-id=\"1a66cf4\" data-element_type=\"section\">\n\t\t\t\t\t\t<div class=\"elementor-container elementor-column-gap-default\">\n\t\t\t\t\t<div class=\"elementor-column elementor-col-100 elementor-top-column elementor-element elementor-element-4f88d93\" data-id=\"4f88d93\" data-element_type=\"column\">\n\t\t\t<div class=\"elementor-widget-wrap elementor-element-populated\">\n\t\t\t\t\t\t<div class=\"elementor-element elementor-element-197f988 elementor-widget elementor-widget-image\" data-id=\"197f988\" data-element_type=\"widget\" data-widget_type=\"image.default\">\n\t\t\t\t<div class=\"elementor-widget-container\">\n\t\t\t\t\t\t\t\t\t\t\t\t\t\t\t<img fetchpriority=\"high\" decoding=\"async\" width=\"576\" height=\"1024\" src=\"https:\/\/pc.sc.gov.br\/\/wp-content\/uploads\/2023\/06\/VIATURA_000000000028-576x1024.jpg\" class=\"attachment-large size-large wp-image-10112\" alt=\"\" srcset=\"https:\/\/pc.sc.gov.br\/\/wp-content\/uploads\/2023\/06\/VIATURA_000000000028-576x1024.jpg 576w, https:\/\/pc.sc.gov.br\/\/wp-content\/uploads\/2023\/06\/VIATURA_000000000028-169x300.jpg 169w, https:\/\/pc.sc.gov.br\/\/wp-content\/uploads\/2023\/06\/VIATURA_000000000028.jpg 720w\" sizes=\"(max-width: 576px) 100vw, 576px\" \/>\t\t\t\t\t\t\t\t\t\t\t\t\t\t\t<\/div>\n\t\t\t\t<\/div>\n\t\t\t\t\t<\/div>\n\t\t<\/div>\n\t\t\t\t\t<\/div>\n\t\t<\/section>\n\t\t\t\t<section class=\"elementor-section elementor-top-section elementor-element elementor-element-e637d2e elementor-section-boxed elementor-section-height-default elementor-section-height-default\" data-id=\"e637d2e\" data-element_type=\"section\">\n\t\t\t\t\t\t<div class=\"elementor-container elementor-column-gap-default\">\n\t\t\t\t\t<div class=\"elementor-column elementor-col-100 elementor-top-column elementor-element elementor-element-e745b47\" data-id=\"e745b47\" data-element_type=\"column\">\n\t\t\t<div class=\"elementor-widget-wrap elementor-element-populated\">\n\t\t\t\t\t\t<div class=\"elementor-element elementor-element-d1e125a elementor-widget elementor-widget-text-editor\" data-id=\"d1e125a\" data-element_type=\"widget\" data-widget_type=\"text-editor.default\">\n\t\t\t\t<div class=\"elementor-widget-container\">\n\t\t\t\t\t\t\t\t\t<p>Na sexta-feira (5), na cidade de Vidal Ramos, a Pol\u00edcia Civil de Santa Catarina, por meio da Delegacia de Pol\u00edcia de Itapema, cumpriu mandado de pris\u00e3o preventiva contra um homem suspeito de ter abusado sexualmente de cinco meninas, sendo uma delas sua pr\u00f3pria filha. O homem foi encaminhado ao Pres\u00eddio Regional de Rio do Sul.<\/p>\n<p>J\u00e1 tramitava na Delegacia de Pol\u00edcia de Itapema um inqu\u00e9rito policial em que o suspeito era investigado por ter abusado de uma crian\u00e7a de apenas sete anos de idade em dezembro de 2022. Em rela\u00e7\u00e3o a esse fato criminoso, faltam a realiza\u00e7\u00e3o do depoimento especial da crian\u00e7a e a confec\u00e7\u00e3o de alguns laudos periciais referentes a provas biol\u00f3gicas.<\/p>\n<p>Em novembro de 2023, outro fato criminoso cometido pelo suspeito veio \u00e0 tona, relacionado \u00e0 pr\u00f3pria filha, a qual relatou \u00e0 m\u00e3e que em 2019, em Itapema, quando tinha apenas 11 anos de idade, teria sido abusada sexualmente pelo pai. Segundo a v\u00edtima, ela demorou a noticiar o fato em raz\u00e3o de ter sido amea\u00e7ada pelo pai.<\/p>\n<p>Ap\u00f3s o abuso sexual ter sido divulgado na fam\u00edlia, surgiram outras v\u00edtimas da pr\u00f3pria fam\u00edlia. A primeira v\u00edtima a ser ouvida relatou que na d\u00e9cada de 2000, nas cidades de Bombinhas e de Itapema, entre os 07 e 11 anos de idade, foi abusada diversas vezes pelo suspeito, o qual teria proferido amea\u00e7as contra a v\u00edtima para que esta n\u00e3o contasse o fato a ningu\u00e9m.<\/p>\n<p>A segunda v\u00edtima informou que h\u00e1 30 anos, quando tinha 12 anos de idade, na cidade de Balne\u00e1rio Cambori\u00fa, teve seus seios acariciados pelo suspeito. A terceira v\u00edtima aduziu que em 1998, quando tinha 14 anos de idade, em Bombinhas, foi abusada pelo suspeito em quatro ocasi\u00f5es distintas.<\/p>\n<p>Al\u00e9m das cinco v\u00edtimas dos crimes contra a dignidade sexual, o suspeito foi acusado pela pr\u00f3pria nora de \u201cass\u00e9dio\u201d cometido h\u00e1 09 anos, oportunidade em que o suspeito mandou a nora largar o filho para ficar com ele, mediante \u201celogios\u201d depreciativos.<\/p>\t\t\t\t\t\t\t\t<\/div>\n\t\t\t\t<\/div>\n\t\t\t\t\t<\/div>\n\t\t<\/div>\n\t\t\t\t\t<\/div>\n\t\t<\/section>\n\t\t\t\t<\/div>\n\t\t","protected":false},"excerpt":{"rendered":"<p>Pol\u00edcia Civil prende suspeito de ter abusado de cinco meninas, incluindo a pr\u00f3pria filha Na sexta-feira (5), na cidade de Vidal Ramos, a Pol\u00edcia Civil de Santa Catarina, por meio da Delegacia de Pol\u00edcia de Itapema, cumpriu mandado de pris\u00e3o preventiva contra um homem suspeito de ter abusado sexualmente de cinco meninas, sendo uma delas [&hellip;]<\/p>\n","protected":false},"author":5,"featured_media":10113,"comment_status":"closed","ping_status":"open","sticky":false,"template":"","format":"standard","meta":{"_monsterinsights_skip_tracking":false,"_monsterinsights_sitenote_active":false,"_monsterinsights_sitenote_note":"","_monsterinsights_sitenote_category":0,"footnotes":""},"categories":[1],"tags":[],"class_list":["post-18988","post","type-post","status-publish","format-standard","has-post-thumbnail","hentry","category-sem-categoria"],"_links":{"self":[{"href":"https:\/\/pc.sc.gov.br\/index.php?rest_route=\/wp\/v2\/posts\/18988","targetHints":{"allow":["GET"]}}],"collection":[{"href":"https:\/\/pc.sc.gov.br\/index.php?rest_route=\/wp\/v2\/posts"}],"about":[{"href":"https:\/\/pc.sc.gov.br\/index.php?rest_route=\/wp\/v2\/types\/post"}],"author":[{"embeddable":true,"href":"https:\/\/pc.sc.gov.br\/index.php?rest_route=\/wp\/v2\/users\/5"}],"replies":[{"embeddable":true,"href":"https:\/\/pc.sc.gov.br\/index.php?rest_route=%2Fwp%2Fv2%2Fcomments&post=18988"}],"version-history":[{"count":4,"href":"https:\/\/pc.sc.gov.br\/index.php?rest_route=\/wp\/v2\/posts\/18988\/revisions"}],"predecessor-version":[{"id":18992,"href":"https:\/\/pc.sc.gov.br\/index.php?rest_route=\/wp\/v2\/posts\/18988\/revisions\/18992"}],"wp:featuredmedia":[{"embeddable":true,"href":"https:\/\/pc.sc.gov.br\/index.php?rest_route=\/wp\/v2\/media\/10113"}],"wp:attachment":[{"href":"https:\/\/pc.sc.gov.br\/index.php?rest_route=%2Fwp%2Fv2%2Fmedia&parent=18988"}],"wp:term":[{"taxonomy":"category","embeddable":true,"href":"https:\/\/pc.sc.gov.br\/index.php?rest_route=%2Fwp%2Fv2%2Fcategories&post=18988"},{"taxonomy":"post_tag","embeddable":true,"href":"https:\/\/pc.sc.gov.br\/index.php?rest_route=%2Fwp%2Fv2%2Ftags&post=18988"}],"curies":[{"name":"wp","href":"https:\/\/api.w.org\/{rel}","templated":true}]}}